{"id":987517362,"date":"2024-09-06T11:06:38","date_gmt":"2024-09-06T09:06:38","guid":{"rendered":"https:\/\/centrosbedda.com\/?p=987517362"},"modified":"2025-01-15T14:16:11","modified_gmt":"2025-01-15T13:16:11","slug":"que-es-longitud-onda-como-afecta-resultados-depilacion-laser","status":"publish","type":"post","link":"https:\/\/agenciaseolocal.eu\/bedda\/que-es-longitud-onda-como-afecta-resultados-depilacion-laser\/","title":{"rendered":"Qu\u00e9 es la longitud de onda y c\u00f3mo afecta a los resultados"},"content":{"rendered":"\n<p>La depilaci\u00f3n l\u00e1ser es un&nbsp;<strong>m\u00e9todo popular y efectivo<\/strong>&nbsp;en&nbsp;<a href=\"https:\/\/agenciaseolocal.eu\/bedda\/\">Centros bedda<\/a>&nbsp;para eliminar el vello no deseado en diferentes partes del cuerpo. Pero, \u00bfalguna vez te has preguntado c\u00f3mo funciona realmente? Uno de los factores clave en la depilaci\u00f3n l\u00e1ser es la longitud de onda utilizada.&nbsp;<\/p>\n\n\n\n<h2 class=\"wp-block-heading\">\u00bfQu\u00e9 es la longitud de onda?<\/h2>\n\n\n\n<p>La longitud de onda se refiere a la&nbsp;<strong>distancia entre dos crestas consecutivas de una onda<\/strong>. En el contexto de la depilaci\u00f3n l\u00e1ser, se utiliza para describir la forma en que la luz es emitida por el dispositivo l\u00e1ser. Cada tipo de l\u00e1ser tiene una longitud de onda espec\u00edfica que determina su penetraci\u00f3n y su capacidad para afectar los fol\u00edculos pilosos.<\/p>\n\n\n\n<p>En f\u00edsica, la longitud de onda es una propiedad fundamental de las ondas electromagn\u00e9ticas, como la luz. Se mide en unidades de longitud, como metros o nan\u00f3metros, y est\u00e1 relacionada con la frecuencia de la onda a trav\u00e9s de la velocidad de la luz en el medio en el que se propaga. Cuanto mayor es la longitud de onda, menor es la energ\u00eda de la radiaci\u00f3n y viceversa.<\/p>\n\n\n\n<h2 class=\"wp-block-heading\">Tipos de longitudes de onda en depilaci\u00f3n l\u00e1ser<\/h2>\n\n\n\n<p>Existen varios tipos de l\u00e1seres utilizados en la depilaci\u00f3n l\u00e1ser. Aqu\u00ed est\u00e1n los m\u00e1s comunes:<\/p>\n\n\n\n<h3 class=\"wp-block-heading\">Alejandrita<\/h3>\n\n\n\n<p>El l\u00e1ser alejandrita tiene una longitud de onda de 755 nan\u00f3metros (nm), m\u00e1s corta que el l\u00e1ser de diodo, lo que hace que su penetraci\u00f3n en la piel sea menor. Es eficaz en pelo residual y piel clara, pero no se recomienda realizar en pieles morenas o bronceadas, por lo que no es aconsejable realizar sesiones en verano por su alto riesgo con la piel y en pieles bronceadas o fototipos altos.<\/p>\n\n\n\n<h3 class=\"wp-block-heading\">Diodo<\/h3>\n\n\n\n<p>El l\u00e1ser de diodo emite una longitud de onda de 808-810 nan\u00f3metros (nm), al tener una longitud de onda m\u00e1s larga permite penetrar m\u00e1s en la piel y alcanzar directamente el fol\u00edculo piloso para eliminarlo, es eficaz en pelo fino, intermedio o grueso, e incluso en pelo m\u00e1s resistente, adem\u00e1s esta longitud de onda es muy segura con la melanina de la piel lo cual permite realizar sesiones en cualquier tipo de piel, incluso morenas o bronceadas, y durante todo el a\u00f1o incluido en verano. <\/p>\n\n\n\n<p>Tambi\u00e9n es importante mencionar que el l\u00e1ser de diodo es menos doloroso que el l\u00e1ser alejandrita por lo que las sesiones son m\u00e1s confortable<\/p>\n\n\n\n<h3 class=\"wp-block-heading\">Nd<\/h3>\n\n\n\n<p>El l\u00e1ser Nd, tambi\u00e9n conocido como l\u00e1ser de neodimio, emite una longitud de onda de 1064 nm. Al tener una longitud de onda mayor absorbe menos melanina en la piel y es adecuado para tratar pieles muy oscuras con poca diferencia de melanina entre piel y pelo, pero con poca eficacia en pieles claras o intermedias.<\/p>\n\n\n\n<h2 class=\"wp-block-heading\">\u00bfC\u00f3mo afecta la longitud de onda a la depilaci\u00f3n l\u00e1ser?<\/h2>\n\n\n\n<p>La longitud de onda utilizada en la&nbsp;<a href=\"https:\/\/agenciaseolocal.eu\/bedda\/depilacion-laser-hombre\/\">depilaci\u00f3n l\u00e1ser para hombres<\/a>&nbsp;desempe\u00f1a un papel crucial en la efectividad y seguridad del tratamiento. Veamos algunas formas en que la longitud de onda afecta a la&nbsp;<a href=\"https:\/\/agenciaseolocal.eu\/bedda\/depilacion-laser-mujer\/\">depilaci\u00f3n l\u00e1ser para mujeres<\/a>:<\/p>\n\n\n\n<h3 class=\"wp-block-heading\">Eficacia en diferentes tipos de piel<\/h3>\n\n\n\n<p><strong>Las distintas longitudes de onda tienen diferentes afinidades por el pigmento melanina en el vello y la piel<\/strong>. Al elegir el l\u00e1ser con la longitud de onda adecuada para un tipo de piel espec\u00edfico, se puede lograr una eliminaci\u00f3n efectiva del vello sin da\u00f1ar la piel circundante.<\/p>\n\n\n\n<h3 class=\"wp-block-heading\">Penetraci\u00f3n y absorci\u00f3n<\/h3>\n\n\n\n<p>La longitud de onda tambi\u00e9n determina la profundidad a la que el l\u00e1ser puede penetrar en la piel. Las longitudes de onda m\u00e1s largas, como la del l\u00e1ser Nd, pueden penetrar m\u00e1s profundamente en la piel para alcanzar los fol\u00edculos pilosos m\u00e1s profundos. Por otro lado, las longitudes de onda m\u00e1s cortas, como las de la alexandrita, se absorben principalmente en la capa externa de la piel y son efectivas para eliminar el vello en las \u00e1reas superficiales.<\/p>\n\n\n\n<h2 class=\"wp-block-heading\">Centros bedda, expertos en depilaci\u00f3n l\u00e1ser<\/h2>\n\n\n\n<p>En Centros bedda somos reconocidos por nuestra experiencia en el campo de la depilaci\u00f3n l\u00e1ser. Con tecnolog\u00eda de vanguardia y personal experimentado, ofrecemos&nbsp;<strong>tratamientos personalizados para satisfacer las necesidades individuales de cada cliente<\/strong>. Si est\u00e1s considerando la depilaci\u00f3n l\u00e1ser, no dudes en visitar cualquiera de los Centros bedda y descubrir c\u00f3mo la longitud de onda adecuada puede ayudarte a alcanzar los resultados deseados.<\/p>\n\n\n\n<p>Adem\u00e1s, no solo nos enfocamos en la eliminaci\u00f3n del vello no deseado, sino que tambi\u00e9n ofrecemos servicios complementarios para el cuidado de la piel. Tratamientos como la&nbsp;<a href=\"https:\/\/agenciaseolocal.eu\/bedda\/tratamientos\/tratamiento-circulatorio-bedda\/\">presoterapia<\/a>, el&nbsp;<a href=\"https:\/\/agenciaseolocal.eu\/bedda\/peeling-facial\/\">peeling<\/a>&nbsp;o el&nbsp;<a href=\"https:\/\/agenciaseolocal.eu\/bedda\/tratamientos\/microblading\/\">microblading<\/a>&nbsp;est\u00e1n disponibles para aquellos que desean lucir una piel suave, radiante y sin imperfecciones. \u00a1Visita los Centros bedda y descubre todo lo que pueden hacer por ti!<\/p>\n","protected":false},"excerpt":{"rendered":"<p>La depilaci\u00f3n l\u00e1ser es un&nbsp;m\u00e9todo popular y efectivo&nbsp;en&nbsp;Centros bedda&nbsp;para eliminar el vello no deseado en diferentes partes del cuerpo. Pero, \u00bfalguna vez te has preguntado c\u00f3mo funciona realmente? Uno de los factores clave en la depilaci\u00f3n l\u00e1ser es la longitud de onda utilizada.&nbsp; \u00bfQu\u00e9 es la longitud de onda? La longitud de onda se refiere [&hellip;]<\/p>\n","protected":false},"author":3,"featured_media":987515241,"comment_status":"open","ping_status":"closed","sticky":false,"template":"","format":"standard","meta":{"_et_pb_use_builder":"off","_et_pb_old_content":"","_et_gb_content_width":"","_joinchat":[],"footnotes":""},"categories":[51,65],"tags":[],"class_list":["post-987517362","post","type-post","status-publish","format-standard","has-post-thumbnail","hentry","category-blog","category-depilacion"],"yoast_head":"<!-- This site is optimized with the Yoast SEO plugin v25.9 - https:\/\/yoast.com\/wordpress\/plugins\/seo\/ -->\n<title>Longitud onda y c\u00f3mo afecta a la depilaci\u00f3n | bedda<\/title>\n<meta name=\"description\" content=\"Entra ahora en el blog de Centros bedda y descubre qu\u00e9 es la longitud de onda y c\u00f3mo afecta a los resultados de la depilaci\u00f3n l\u00e1ser. \u00a1Te lo contamos!\" \/>\n<meta name=\"robots\" content=\"noindex, follow, max-snippet:-1, max-image-preview:large, max-video-preview:-1\" \/>\n<meta property=\"og:locale\" content=\"es_ES\" \/>\n<meta property=\"og:type\" content=\"article\" \/>\n<meta property=\"og:title\" content=\"Longitud onda y c\u00f3mo afecta a la depilaci\u00f3n | bedda\" \/>\n<meta property=\"og:description\" content=\"Entra ahora en el blog de Centros bedda y descubre qu\u00e9 es la longitud de onda y c\u00f3mo afecta a los resultados de la depilaci\u00f3n l\u00e1ser. \u00a1Te lo contamos!\" \/>\n<meta property=\"og:url\" content=\"https:\/\/agenciaseolocal.eu\/bedda\/que-es-longitud-onda-como-afecta-resultados-depilacion-laser\/\" \/>\n<meta property=\"og:site_name\" content=\"Centros bedda\" \/>\n<meta property=\"article:publisher\" content=\"https:\/\/www.facebook.com\/centrobedda\" \/>\n<meta property=\"article:published_time\" content=\"2024-09-06T09:06:38+00:00\" \/>\n<meta property=\"article:modified_time\" content=\"2025-01-15T13:16:11+00:00\" \/>\n<meta property=\"og:image\" content=\"https:\/\/agenciaseolocal.eu\/bedda\/wp-content\/uploads\/2024\/03\/chica-comprobando-quemadura-por-depilacion.jpeg\" \/>\n\t<meta property=\"og:image:width\" content=\"1700\" \/>\n\t<meta property=\"og:image:height\" content=\"600\" \/>\n\t<meta property=\"og:image:type\" content=\"image\/jpeg\" \/>\n<meta name=\"author\" content=\"Centros bedda\" \/>\n<meta name=\"twitter:card\" content=\"summary_large_image\" \/>\n<meta name=\"twitter:creator\" content=\"@centrosbedda\" \/>\n<meta name=\"twitter:site\" content=\"@centrosbedda\" \/>\n<meta name=\"twitter:label1\" content=\"Escrito por\" \/>\n\t<meta name=\"twitter:data1\" content=\"Centros bedda\" \/>\n\t<meta name=\"twitter:label2\" content=\"Tiempo de lectura\" \/>\n\t<meta name=\"twitter:data2\" content=\"4 minutos\" \/>\n<!-- \/ Yoast SEO plugin. -->","yoast_head_json":{"title":"Longitud onda y c\u00f3mo afecta a la depilaci\u00f3n | bedda","description":"Entra ahora en el blog de Centros bedda y descubre qu\u00e9 es la longitud de onda y c\u00f3mo afecta a los resultados de la depilaci\u00f3n l\u00e1ser. \u00a1Te lo contamos!","robots":{"index":"noindex","follow":"follow","max-snippet":"max-snippet:-1","max-image-preview":"max-image-preview:large","max-video-preview":"max-video-preview:-1"},"og_locale":"es_ES","og_type":"article","og_title":"Longitud onda y c\u00f3mo afecta a la depilaci\u00f3n | bedda","og_description":"Entra ahora en el blog de Centros bedda y descubre qu\u00e9 es la longitud de onda y c\u00f3mo afecta a los resultados de la depilaci\u00f3n l\u00e1ser. \u00a1Te lo contamos!","og_url":"https:\/\/agenciaseolocal.eu\/bedda\/que-es-longitud-onda-como-afecta-resultados-depilacion-laser\/","og_site_name":"Centros bedda","article_publisher":"https:\/\/www.facebook.com\/centrobedda","article_published_time":"2024-09-06T09:06:38+00:00","article_modified_time":"2025-01-15T13:16:11+00:00","og_image":[{"width":1700,"height":600,"url":"https:\/\/agenciaseolocal.eu\/bedda\/wp-content\/uploads\/2024\/03\/chica-comprobando-quemadura-por-depilacion.jpeg","type":"image\/jpeg"}],"author":"Centros bedda","twitter_card":"summary_large_image","twitter_creator":"@centrosbedda","twitter_site":"@centrosbedda","twitter_misc":{"Escrito por":"Centros bedda","Tiempo de lectura":"4 minutos"},"schema":{"@context":"https:\/\/schema.org","@graph":[{"@type":"Article","@id":"https:\/\/agenciaseolocal.eu\/bedda\/que-es-longitud-onda-como-afecta-resultados-depilacion-laser\/#article","isPartOf":{"@id":"https:\/\/agenciaseolocal.eu\/bedda\/que-es-longitud-onda-como-afecta-resultados-depilacion-laser\/"},"author":{"name":"Centros bedda","@id":"https:\/\/agenciaseolocal.eu\/bedda\/#\/schema\/person\/ca3010faf67f189fd2de8d61a763fc8b"},"headline":"Qu\u00e9 es la longitud de onda y c\u00f3mo afecta a los resultados","datePublished":"2024-09-06T09:06:38+00:00","dateModified":"2025-01-15T13:16:11+00:00","mainEntityOfPage":{"@id":"https:\/\/agenciaseolocal.eu\/bedda\/que-es-longitud-onda-como-afecta-resultados-depilacion-laser\/"},"wordCount":863,"commentCount":0,"publisher":{"@id":"https:\/\/agenciaseolocal.eu\/bedda\/#organization"},"image":{"@id":"https:\/\/agenciaseolocal.eu\/bedda\/que-es-longitud-onda-como-afecta-resultados-depilacion-laser\/#primaryimage"},"thumbnailUrl":"https:\/\/agenciaseolocal.eu\/bedda\/wp-content\/uploads\/2024\/03\/chica-comprobando-quemadura-por-depilacion.jpeg","articleSection":["Blog","Depilaci\u00f3n"],"inLanguage":"es","potentialAction":[{"@type":"CommentAction","name":"Comment","target":["https:\/\/agenciaseolocal.eu\/bedda\/que-es-longitud-onda-como-afecta-resultados-depilacion-laser\/#respond"]}]},{"@type":"WebPage","@id":"https:\/\/agenciaseolocal.eu\/bedda\/que-es-longitud-onda-como-afecta-resultados-depilacion-laser\/","url":"https:\/\/agenciaseolocal.eu\/bedda\/que-es-longitud-onda-como-afecta-resultados-depilacion-laser\/","name":"Longitud onda y c\u00f3mo afecta a la depilaci\u00f3n | bedda","isPartOf":{"@id":"https:\/\/agenciaseolocal.eu\/bedda\/#website"},"primaryImageOfPage":{"@id":"https:\/\/agenciaseolocal.eu\/bedda\/que-es-longitud-onda-como-afecta-resultados-depilacion-laser\/#primaryimage"},"image":{"@id":"https:\/\/agenciaseolocal.eu\/bedda\/que-es-longitud-onda-como-afecta-resultados-depilacion-laser\/#primaryimage"},"thumbnailUrl":"https:\/\/agenciaseolocal.eu\/bedda\/wp-content\/uploads\/2024\/03\/chica-comprobando-quemadura-por-depilacion.jpeg","datePublished":"2024-09-06T09:06:38+00:00","dateModified":"2025-01-15T13:16:11+00:00","description":"Entra ahora en el blog de Centros bedda y descubre qu\u00e9 es la longitud de onda y c\u00f3mo afecta a los resultados de la depilaci\u00f3n l\u00e1ser. \u00a1Te lo contamos!","breadcrumb":{"@id":"https:\/\/agenciaseolocal.eu\/bedda\/que-es-longitud-onda-como-afecta-resultados-depilacion-laser\/#breadcrumb"},"inLanguage":"es","potentialAction":[{"@type":"ReadAction","target":["https:\/\/agenciaseolocal.eu\/bedda\/que-es-longitud-onda-como-afecta-resultados-depilacion-laser\/"]}]},{"@type":"ImageObject","inLanguage":"es","@id":"https:\/\/agenciaseolocal.eu\/bedda\/que-es-longitud-onda-como-afecta-resultados-depilacion-laser\/#primaryimage","url":"https:\/\/agenciaseolocal.eu\/bedda\/wp-content\/uploads\/2024\/03\/chica-comprobando-quemadura-por-depilacion.jpeg","contentUrl":"https:\/\/agenciaseolocal.eu\/bedda\/wp-content\/uploads\/2024\/03\/chica-comprobando-quemadura-por-depilacion.jpeg","width":1700,"height":600,"caption":"chica comprobando quemadura por depilaci\u00f3n"},{"@type":"BreadcrumbList","@id":"https:\/\/agenciaseolocal.eu\/bedda\/que-es-longitud-onda-como-afecta-resultados-depilacion-laser\/#breadcrumb","itemListElement":[{"@type":"ListItem","position":1,"name":"Portada","item":"https:\/\/agenciaseolocal.eu\/bedda\/"},{"@type":"ListItem","position":2,"name":"Qu\u00e9 es la longitud de onda y c\u00f3mo afecta a los resultados"}]},{"@type":"WebSite","@id":"https:\/\/agenciaseolocal.eu\/bedda\/#website","url":"https:\/\/agenciaseolocal.eu\/bedda\/","name":"Centros bedda","description":"Centro de depilaci\u00f3n l\u00e1ser","publisher":{"@id":"https:\/\/agenciaseolocal.eu\/bedda\/#organization"},"potentialAction":[{"@type":"SearchAction","target":{"@type":"EntryPoint","urlTemplate":"https:\/\/agenciaseolocal.eu\/bedda\/?s={search_term_string}"},"query-input":{"@type":"PropertyValueSpecification","valueRequired":true,"valueName":"search_term_string"}}],"inLanguage":"es"},{"@type":"Organization","@id":"https:\/\/agenciaseolocal.eu\/bedda\/#organization","name":"Centros bedda","url":"https:\/\/agenciaseolocal.eu\/bedda\/","logo":{"@type":"ImageObject","inLanguage":"es","@id":"https:\/\/agenciaseolocal.eu\/bedda\/#\/schema\/logo\/image\/","url":"https:\/\/agenciaseolocal.eu\/bedda\/wp-content\/uploads\/2024\/04\/centros-bedda-depilacion-laser-logo.png","contentUrl":"https:\/\/agenciaseolocal.eu\/bedda\/wp-content\/uploads\/2024\/04\/centros-bedda-depilacion-laser-logo.png","width":220,"height":220,"caption":"Centros bedda"},"image":{"@id":"https:\/\/agenciaseolocal.eu\/bedda\/#\/schema\/logo\/image\/"},"sameAs":["https:\/\/www.facebook.com\/centrobedda","https:\/\/x.com\/centrosbedda","https:\/\/www.youtube.com\/channel\/UCV57tDnQcnHfTici1funk4g?app=desktop","https:\/\/www.instagram.com\/centrosbedda\/","https:\/\/www.linkedin.com\/company\/centros-bedda\/"]},{"@type":"Person","@id":"https:\/\/agenciaseolocal.eu\/bedda\/#\/schema\/person\/ca3010faf67f189fd2de8d61a763fc8b","name":"Centros bedda","image":{"@type":"ImageObject","inLanguage":"es","@id":"https:\/\/agenciaseolocal.eu\/bedda\/#\/schema\/person\/image\/","url":"https:\/\/secure.gravatar.com\/avatar\/ea1f00b0a249719594f6b50ee5d3214c2c192531d8f80f789208e2aa9605ac08?s=96&d=mm&r=g","contentUrl":"https:\/\/secure.gravatar.com\/avatar\/ea1f00b0a249719594f6b50ee5d3214c2c192531d8f80f789208e2aa9605ac08?s=96&d=mm&r=g","caption":"Centros bedda"},"url":"https:\/\/agenciaseolocal.eu\/bedda\/author\/mktpmp_gedfwb31y\/"}]}},"_links":{"self":[{"href":"https:\/\/agenciaseolocal.eu\/bedda\/wp-json\/wp\/v2\/posts\/987517362","targetHints":{"allow":["GET"]}}],"collection":[{"href":"https:\/\/agenciaseolocal.eu\/bedda\/wp-json\/wp\/v2\/posts"}],"about":[{"href":"https:\/\/agenciaseolocal.eu\/bedda\/wp-json\/wp\/v2\/types\/post"}],"author":[{"embeddable":true,"href":"https:\/\/agenciaseolocal.eu\/bedda\/wp-json\/wp\/v2\/users\/3"}],"replies":[{"embeddable":true,"href":"https:\/\/agenciaseolocal.eu\/bedda\/wp-json\/wp\/v2\/comments?post=987517362"}],"version-history":[{"count":3,"href":"https:\/\/agenciaseolocal.eu\/bedda\/wp-json\/wp\/v2\/posts\/987517362\/revisions"}],"predecessor-version":[{"id":987518269,"href":"https:\/\/agenciaseolocal.eu\/bedda\/wp-json\/wp\/v2\/posts\/987517362\/revisions\/987518269"}],"wp:featuredmedia":[{"embeddable":true,"href":"https:\/\/agenciaseolocal.eu\/bedda\/wp-json\/wp\/v2\/media\/987515241"}],"wp:attachment":[{"href":"https:\/\/agenciaseolocal.eu\/bedda\/wp-json\/wp\/v2\/media?parent=987517362"}],"wp:term":[{"taxonomy":"category","embeddable":true,"href":"https:\/\/agenciaseolocal.eu\/bedda\/wp-json\/wp\/v2\/categories?post=987517362"},{"taxonomy":"post_tag","embeddable":true,"href":"https:\/\/agenciaseolocal.eu\/bedda\/wp-json\/wp\/v2\/tags?post=987517362"}],"curies":[{"name":"wp","href":"https:\/\/api.w.org\/{rel}","templated":true}]}}