{"id":987517368,"date":"2024-09-19T11:21:43","date_gmt":"2024-09-19T09:21:43","guid":{"rendered":"https:\/\/centrosbedda.com\/?p=987517368"},"modified":"2024-08-29T15:08:01","modified_gmt":"2024-08-29T13:08:01","slug":"depilacion-laser-pieles-maduras-que-debes-saber","status":"publish","type":"post","link":"https:\/\/agenciaseolocal.eu\/bedda\/depilacion-laser-pieles-maduras-que-debes-saber\/","title":{"rendered":"Depilaci\u00f3n l\u00e1ser en pieles maduras: Qu\u00e9 debes saber"},"content":{"rendered":"\n<p>La depilaci\u00f3n l\u00e1ser en pieles maduras es un tema de inter\u00e9s para muchas personas. A medida que envejecemos,&nbsp;<strong>nuestra piel experimenta diversos cambios, lo que puede afectar la efectividad y seguridad de los tratamientos de depilaci\u00f3n l\u00e1ser<\/strong>. En este art\u00edculo de&nbsp;<a href=\"https:\/\/agenciaseolocal.eu\/bedda\/\">Centros bedda<\/a>&nbsp;te daremos informaci\u00f3n sobre este procedimiento para que tomes las decisiones m\u00e1s informadas y adecuadas para ti.<\/p>\n\n\n\n<h2 class=\"wp-block-heading\">\u00bfEn qu\u00e9 consiste la depilaci\u00f3n l\u00e1ser en pieles maduras?<\/h2>\n\n\n\n<p>La depilaci\u00f3n l\u00e1ser en pieles maduras es un m\u00e9todo popular y efectivo para eliminar el vello no deseado. Consiste en utilizar pulsos de luz intensa para destruir los fol\u00edculos pilosos y prevenir el crecimiento del vello a largo plazo. Sin embargo, en pieles maduras, este proceso puede presentar ciertas particularidades debido a los cambios que ocurren en la piel con el paso del tiempo.<\/p>\n\n\n\n<p><strong>Es importante destacar que la\u00a0depilaci\u00f3n l\u00e1ser\u00a0no es un tratamiento m\u00e9dico, y sus resultados pueden variar seg\u00fan cada individuo<\/strong>. Consulta con un experto para obtener una evaluaci\u00f3n personalizada y determinar si este procedimiento es adecuado para ti.<\/p>\n\n\n\n<p>En pieles maduras, la producci\u00f3n de col\u00e1geno y elastina tiende a disminuir, lo que puede afectar la eficacia de la\u00a0depilaci\u00f3n l\u00e1ser. Adem\u00e1s, la piel madura tiende a ser m\u00e1s delgada y fr\u00e1gil, lo que la hace m\u00e1s sensible a los tratamientos con l\u00e1ser. Por esta raz\u00f3n, es fundamental que el experto ajuste la intensidad del l\u00e1ser y el tipo de tratamiento para adaptarse a las necesidades espec\u00edficas de la piel madura.<\/p>\n\n\n\n<h2 class=\"wp-block-heading\">Caracter\u00edsticas de las pieles maduras<\/h2>\n\n\n\n<p>Antes de adentrarnos en los detalles de la depilaci\u00f3n l\u00e1ser en pieles maduras, es fundamental comprender las caracter\u00edsticas propias de estas pieles.&nbsp;<strong>A medida que envejecemos, la piel tiende a volverse m\u00e1s delgada y fr\u00e1gil<\/strong>. Adem\u00e1s, puede haber una disminuci\u00f3n en la producci\u00f3n de col\u00e1geno y elastina, lo que resulta en una p\u00e9rdida de elasticidad.<\/p>\n\n\n\n<p>Estos cambios en la piel pueden afectar la forma en que la luz l\u00e1ser interact\u00faa con los fol\u00edculos pilosos, lo que implica la necesidad de adaptar los tratamientos para garantizar resultados \u00f3ptimos.<\/p>\n\n\n\n<h2 class=\"wp-block-heading\">Cambios en la piel con la edad<\/h2>\n\n\n\n<p>La piel madura presenta una serie de cambios que pueden influir en el proceso de depilaci\u00f3n l\u00e1ser. Uno de los cambios m\u00e1s notables es la<strong>&nbsp;disminuci\u00f3n de la densidad y grosor del vello<\/strong>. Esto puede hacer que el tratamiento sea menos efectivo, ya que el l\u00e1ser necesita un contraste entre el color del vello y el de la piel para ser absorbido de manera \u00f3ptima.<\/p>\n\n\n\n<p>Adem\u00e1s, la piel madura tiende a tener&nbsp;<strong>mayor sensibilidad<\/strong>, lo que puede aumentar el riesgo de irritaci\u00f3n o efectos secundarios. Por ello, es fundamental buscar centros especializados en depilaci\u00f3n l\u00e1ser que ofrezcan tratamientos adaptados a las necesidades espec\u00edficas de las pieles maduras.<\/p>\n\n\n\n<h2 class=\"wp-block-heading\">Mayor sensibilidad a la irritaci\u00f3n<\/h2>\n\n\n\n<p>Como mencionamos anteriormente, la piel madura tiende a ser m\u00e1s sensible. Esto se debe a una disminuci\u00f3n en la producci\u00f3n de sebo, lo que puede llevar a una mayor sequedad y fragilidad de la piel. Por tanto, es crucial tener en cuenta este factor al someterse a la depilaci\u00f3n l\u00e1ser.<\/p>\n\n\n\n<h2 class=\"wp-block-heading\">Beneficios de la depilaci\u00f3n l\u00e1ser para pieles maduras<\/h2>\n\n\n\n<h3 class=\"wp-block-heading\">Resultados a largo plazo<\/h3>\n\n\n\n<p>Una de las principales ventajas de la depilaci\u00f3n l\u00e1ser es la r<strong>educci\u00f3n significativa y duradera del vello no deseado<\/strong>. A diferencia de otros m\u00e9todos de depilaci\u00f3n, como ceras o maquinillas de afeitar, la depilaci\u00f3n l\u00e1ser puede ofrecer resultados a largo plazo.<\/p>\n\n\n\n<p>Con el tiempo, el crecimiento del vello se vuelve m\u00e1s lento y menos denso, lo que significa que se necesita menos frecuencia de tratamiento para mantener los resultados deseados.<\/p>\n\n\n\n<h3 class=\"wp-block-heading\">Comodidad y conveniencia<\/h3>\n\n\n\n<p>Otro beneficio de la depilaci\u00f3n l\u00e1ser es la&nbsp;<strong>comodidad y conveniencia que ofrece a las personas con pieles maduras<\/strong>. Este procedimiento no solo reduce la necesidad de depilarse constantemente, sino que tambi\u00e9n evita los inconvenientes asociados con la depilaci\u00f3n tradicional, como cortes, irritaciones y vellos encarnados.<\/p>\n\n\n\n<p>Adem\u00e1s, los tratamientos de depilaci\u00f3n l\u00e1ser son relativamente r\u00e1pidos y pueden realizarse en diferentes \u00e1reas del cuerpo, lo que lo convierte en una opci\u00f3n vers\u00e1til y pr\u00e1ctica para muchas personas.<\/p>\n\n\n\n<h2 class=\"wp-block-heading\">Consideraciones previas<\/h2>\n\n\n\n<p>Antes de someterte a la depilaci\u00f3n l\u00e1ser en una piel madura, es necesario tener en cuenta algunas consideraciones previas:<\/p>\n\n\n\n<h3 class=\"wp-block-heading\">Evaluaci\u00f3n previa especializada<\/h3>\n\n\n\n<p>Antes de iniciar cualquier tratamiento de depilaci\u00f3n l\u00e1ser es importante que acudas a nuestros centros para realizar una valoraci\u00f3n previa donde nuestros t\u00e9cnicos especialistas en depilaci\u00f3n l\u00e1ser evaluar\u00e1n tu tipo de piel y pelo para garantizar la eficacia y seguridad del tratamiento.<\/p>\n\n\n\n<h3 class=\"wp-block-heading\">Adaptaci\u00f3n del tratamiento<\/h3>\n\n\n\n<p>Adem\u00e1s de la evaluaci\u00f3n m\u00e9dica, es crucial que&nbsp;<strong>el tratamiento de depilaci\u00f3n l\u00e1ser se adapte a las necesidades espec\u00edficas de tu piel madura<\/strong>. Esto implica ajustar la intensidad y duraci\u00f3n de los pulsos de luz para asegurar resultados efectivos y minimizar el riesgo de irritaci\u00f3n o efectos secundarios.<\/p>\n\n\n\n<p>Es fundamental buscar centros especializados en depilaci\u00f3n l\u00e1ser que cuenten con experiencia en el tratamiento de pieles maduras y empleen tecnolog\u00eda de vanguardia para adaptar el procedimiento y garantizar la satisfacci\u00f3n y seguridad del paciente.<\/p>\n\n\n\n<h2 class=\"wp-block-heading\">Centros bedda, expertos en depilaci\u00f3n l\u00e1ser<\/h2>\n\n\n\n<p>Si est\u00e1s considerando someterte a la depilaci\u00f3n l\u00e1ser en una piel madura, contar con expertos en el campo es fundamental para obtener resultados seguros y satisfactorios.<\/p>\n\n\n\n<p>En Centros bedda<strong>&nbsp;somos especialistas en depilaci\u00f3n l\u00e1ser y contamos con la experiencia y tecnolog\u00eda necesarias para adaptar el tratamiento a tus necesidades espec\u00edficas<\/strong>. Nuestro equipo te dar\u00e1 una evaluaci\u00f3n personalizada y te guiar\u00e1 en cada paso del proceso, asegurando que obtengas los mejores resultados posibles.<\/p>\n","protected":false},"excerpt":{"rendered":"<p>La depilaci\u00f3n l\u00e1ser en pieles maduras es un tema de inter\u00e9s para muchas personas. A medida que envejecemos,&nbsp;nuestra piel experimenta diversos cambios, lo que puede afectar la efectividad y seguridad de los tratamientos de depilaci\u00f3n l\u00e1ser. En este art\u00edculo de&nbsp;Centros bedda&nbsp;te daremos informaci\u00f3n sobre este procedimiento para que tomes las decisiones m\u00e1s informadas y adecuadas [&hellip;]<\/p>\n","protected":false},"author":3,"featured_media":987517389,"comment_status":"open","ping_status":"closed","sticky":false,"template":"","format":"standard","meta":{"_et_pb_use_builder":"off","_et_pb_old_content":"","_et_gb_content_width":"","_joinchat":[],"footnotes":""},"categories":[51,65],"tags":[],"class_list":["post-987517368","post","type-post","status-publish","format-standard","has-post-thumbnail","hentry","category-blog","category-depilacion"],"yoast_head":"<!-- This site is optimized with the Yoast SEO plugin v25.9 - https:\/\/yoast.com\/wordpress\/plugins\/seo\/ -->\n<title>Depilaci\u00f3n l\u00e1ser en pieles maduras | Centros bedda<\/title>\n<meta name=\"description\" content=\"Entra ahora en el blog de Centros bedda y descubre todo lo que debes saber acerca de la depilaci\u00f3n l\u00e1ser en pieles maduras. \u00a1Te lo contamos todo!\" \/>\n<meta name=\"robots\" content=\"noindex, follow, max-snippet:-1, max-image-preview:large, max-video-preview:-1\" \/>\n<meta property=\"og:locale\" content=\"es_ES\" \/>\n<meta property=\"og:type\" content=\"article\" \/>\n<meta property=\"og:title\" content=\"Depilaci\u00f3n l\u00e1ser en pieles maduras | Centros bedda\" \/>\n<meta property=\"og:description\" content=\"Entra ahora en el blog de Centros bedda y descubre todo lo que debes saber acerca de la depilaci\u00f3n l\u00e1ser en pieles maduras. \u00a1Te lo contamos todo!\" \/>\n<meta property=\"og:url\" content=\"https:\/\/agenciaseolocal.eu\/bedda\/depilacion-laser-pieles-maduras-que-debes-saber\/\" \/>\n<meta property=\"og:site_name\" content=\"Centros bedda\" \/>\n<meta property=\"article:publisher\" content=\"https:\/\/www.facebook.com\/centrobedda\" \/>\n<meta property=\"article:published_time\" content=\"2024-09-19T09:21:43+00:00\" \/>\n<meta property=\"og:image\" content=\"https:\/\/agenciaseolocal.eu\/bedda\/wp-content\/uploads\/2024\/08\/mujer-con-cabello-gris-fondo-rosa.webp\" \/>\n\t<meta property=\"og:image:width\" content=\"2000\" \/>\n\t<meta property=\"og:image:height\" content=\"700\" \/>\n\t<meta property=\"og:image:type\" content=\"image\/webp\" \/>\n<meta name=\"author\" content=\"Centros bedda\" \/>\n<meta name=\"twitter:card\" content=\"summary_large_image\" \/>\n<meta name=\"twitter:creator\" content=\"@centrosbedda\" \/>\n<meta name=\"twitter:site\" content=\"@centrosbedda\" \/>\n<meta name=\"twitter:label1\" content=\"Escrito por\" \/>\n\t<meta name=\"twitter:data1\" content=\"Centros bedda\" \/>\n\t<meta name=\"twitter:label2\" content=\"Tiempo de lectura\" \/>\n\t<meta name=\"twitter:data2\" content=\"5 minutos\" \/>\n<!-- \/ Yoast SEO plugin. -->","yoast_head_json":{"title":"Depilaci\u00f3n l\u00e1ser en pieles maduras | Centros bedda","description":"Entra ahora en el blog de Centros bedda y descubre todo lo que debes saber acerca de la depilaci\u00f3n l\u00e1ser en pieles maduras. \u00a1Te lo contamos todo!","robots":{"index":"noindex","follow":"follow","max-snippet":"max-snippet:-1","max-image-preview":"max-image-preview:large","max-video-preview":"max-video-preview:-1"},"og_locale":"es_ES","og_type":"article","og_title":"Depilaci\u00f3n l\u00e1ser en pieles maduras | Centros bedda","og_description":"Entra ahora en el blog de Centros bedda y descubre todo lo que debes saber acerca de la depilaci\u00f3n l\u00e1ser en pieles maduras. \u00a1Te lo contamos todo!","og_url":"https:\/\/agenciaseolocal.eu\/bedda\/depilacion-laser-pieles-maduras-que-debes-saber\/","og_site_name":"Centros bedda","article_publisher":"https:\/\/www.facebook.com\/centrobedda","article_published_time":"2024-09-19T09:21:43+00:00","og_image":[{"width":2000,"height":700,"url":"https:\/\/agenciaseolocal.eu\/bedda\/wp-content\/uploads\/2024\/08\/mujer-con-cabello-gris-fondo-rosa.webp","type":"image\/webp"}],"author":"Centros bedda","twitter_card":"summary_large_image","twitter_creator":"@centrosbedda","twitter_site":"@centrosbedda","twitter_misc":{"Escrito por":"Centros bedda","Tiempo de lectura":"5 minutos"},"schema":{"@context":"https:\/\/schema.org","@graph":[{"@type":"Article","@id":"https:\/\/agenciaseolocal.eu\/bedda\/depilacion-laser-pieles-maduras-que-debes-saber\/#article","isPartOf":{"@id":"https:\/\/agenciaseolocal.eu\/bedda\/depilacion-laser-pieles-maduras-que-debes-saber\/"},"author":{"name":"Centros bedda","@id":"https:\/\/agenciaseolocal.eu\/bedda\/#\/schema\/person\/ca3010faf67f189fd2de8d61a763fc8b"},"headline":"Depilaci\u00f3n l\u00e1ser en pieles maduras: Qu\u00e9 debes saber","datePublished":"2024-09-19T09:21:43+00:00","mainEntityOfPage":{"@id":"https:\/\/agenciaseolocal.eu\/bedda\/depilacion-laser-pieles-maduras-que-debes-saber\/"},"wordCount":1029,"commentCount":0,"publisher":{"@id":"https:\/\/agenciaseolocal.eu\/bedda\/#organization"},"image":{"@id":"https:\/\/agenciaseolocal.eu\/bedda\/depilacion-laser-pieles-maduras-que-debes-saber\/#primaryimage"},"thumbnailUrl":"https:\/\/agenciaseolocal.eu\/bedda\/wp-content\/uploads\/2024\/08\/mujer-con-cabello-gris-fondo-rosa.webp","articleSection":["Blog","Depilaci\u00f3n"],"inLanguage":"es","potentialAction":[{"@type":"CommentAction","name":"Comment","target":["https:\/\/agenciaseolocal.eu\/bedda\/depilacion-laser-pieles-maduras-que-debes-saber\/#respond"]}]},{"@type":"WebPage","@id":"https:\/\/agenciaseolocal.eu\/bedda\/depilacion-laser-pieles-maduras-que-debes-saber\/","url":"https:\/\/agenciaseolocal.eu\/bedda\/depilacion-laser-pieles-maduras-que-debes-saber\/","name":"Depilaci\u00f3n l\u00e1ser en pieles maduras | Centros bedda","isPartOf":{"@id":"https:\/\/agenciaseolocal.eu\/bedda\/#website"},"primaryImageOfPage":{"@id":"https:\/\/agenciaseolocal.eu\/bedda\/depilacion-laser-pieles-maduras-que-debes-saber\/#primaryimage"},"image":{"@id":"https:\/\/agenciaseolocal.eu\/bedda\/depilacion-laser-pieles-maduras-que-debes-saber\/#primaryimage"},"thumbnailUrl":"https:\/\/agenciaseolocal.eu\/bedda\/wp-content\/uploads\/2024\/08\/mujer-con-cabello-gris-fondo-rosa.webp","datePublished":"2024-09-19T09:21:43+00:00","description":"Entra ahora en el blog de Centros bedda y descubre todo lo que debes saber acerca de la depilaci\u00f3n l\u00e1ser en pieles maduras. \u00a1Te lo contamos todo!","breadcrumb":{"@id":"https:\/\/agenciaseolocal.eu\/bedda\/depilacion-laser-pieles-maduras-que-debes-saber\/#breadcrumb"},"inLanguage":"es","potentialAction":[{"@type":"ReadAction","target":["https:\/\/agenciaseolocal.eu\/bedda\/depilacion-laser-pieles-maduras-que-debes-saber\/"]}]},{"@type":"ImageObject","inLanguage":"es","@id":"https:\/\/agenciaseolocal.eu\/bedda\/depilacion-laser-pieles-maduras-que-debes-saber\/#primaryimage","url":"https:\/\/agenciaseolocal.eu\/bedda\/wp-content\/uploads\/2024\/08\/mujer-con-cabello-gris-fondo-rosa.webp","contentUrl":"https:\/\/agenciaseolocal.eu\/bedda\/wp-content\/uploads\/2024\/08\/mujer-con-cabello-gris-fondo-rosa.webp","width":2000,"height":700,"caption":"mujer con cabello gris fondo rosa"},{"@type":"BreadcrumbList","@id":"https:\/\/agenciaseolocal.eu\/bedda\/depilacion-laser-pieles-maduras-que-debes-saber\/#breadcrumb","itemListElement":[{"@type":"ListItem","position":1,"name":"Portada","item":"https:\/\/agenciaseolocal.eu\/bedda\/"},{"@type":"ListItem","position":2,"name":"Depilaci\u00f3n l\u00e1ser en pieles maduras: Qu\u00e9 debes saber"}]},{"@type":"WebSite","@id":"https:\/\/agenciaseolocal.eu\/bedda\/#website","url":"https:\/\/agenciaseolocal.eu\/bedda\/","name":"Centros bedda","description":"Centro de depilaci\u00f3n l\u00e1ser","publisher":{"@id":"https:\/\/agenciaseolocal.eu\/bedda\/#organization"},"potentialAction":[{"@type":"SearchAction","target":{"@type":"EntryPoint","urlTemplate":"https:\/\/agenciaseolocal.eu\/bedda\/?s={search_term_string}"},"query-input":{"@type":"PropertyValueSpecification","valueRequired":true,"valueName":"search_term_string"}}],"inLanguage":"es"},{"@type":"Organization","@id":"https:\/\/agenciaseolocal.eu\/bedda\/#organization","name":"Centros bedda","url":"https:\/\/agenciaseolocal.eu\/bedda\/","logo":{"@type":"ImageObject","inLanguage":"es","@id":"https:\/\/agenciaseolocal.eu\/bedda\/#\/schema\/logo\/image\/","url":"https:\/\/agenciaseolocal.eu\/bedda\/wp-content\/uploads\/2024\/04\/centros-bedda-depilacion-laser-logo.png","contentUrl":"https:\/\/agenciaseolocal.eu\/bedda\/wp-content\/uploads\/2024\/04\/centros-bedda-depilacion-laser-logo.png","width":220,"height":220,"caption":"Centros bedda"},"image":{"@id":"https:\/\/agenciaseolocal.eu\/bedda\/#\/schema\/logo\/image\/"},"sameAs":["https:\/\/www.facebook.com\/centrobedda","https:\/\/x.com\/centrosbedda","https:\/\/www.youtube.com\/channel\/UCV57tDnQcnHfTici1funk4g?app=desktop","https:\/\/www.instagram.com\/centrosbedda\/","https:\/\/www.linkedin.com\/company\/centros-bedda\/"]},{"@type":"Person","@id":"https:\/\/agenciaseolocal.eu\/bedda\/#\/schema\/person\/ca3010faf67f189fd2de8d61a763fc8b","name":"Centros bedda","image":{"@type":"ImageObject","inLanguage":"es","@id":"https:\/\/agenciaseolocal.eu\/bedda\/#\/schema\/person\/image\/","url":"https:\/\/secure.gravatar.com\/avatar\/ea1f00b0a249719594f6b50ee5d3214c2c192531d8f80f789208e2aa9605ac08?s=96&d=mm&r=g","contentUrl":"https:\/\/secure.gravatar.com\/avatar\/ea1f00b0a249719594f6b50ee5d3214c2c192531d8f80f789208e2aa9605ac08?s=96&d=mm&r=g","caption":"Centros bedda"},"url":"https:\/\/agenciaseolocal.eu\/bedda\/author\/mktpmp_gedfwb31y\/"}]}},"_links":{"self":[{"href":"https:\/\/agenciaseolocal.eu\/bedda\/wp-json\/wp\/v2\/posts\/987517368","targetHints":{"allow":["GET"]}}],"collection":[{"href":"https:\/\/agenciaseolocal.eu\/bedda\/wp-json\/wp\/v2\/posts"}],"about":[{"href":"https:\/\/agenciaseolocal.eu\/bedda\/wp-json\/wp\/v2\/types\/post"}],"author":[{"embeddable":true,"href":"https:\/\/agenciaseolocal.eu\/bedda\/wp-json\/wp\/v2\/users\/3"}],"replies":[{"embeddable":true,"href":"https:\/\/agenciaseolocal.eu\/bedda\/wp-json\/wp\/v2\/comments?post=987517368"}],"version-history":[{"count":2,"href":"https:\/\/agenciaseolocal.eu\/bedda\/wp-json\/wp\/v2\/posts\/987517368\/revisions"}],"predecessor-version":[{"id":987517514,"href":"https:\/\/agenciaseolocal.eu\/bedda\/wp-json\/wp\/v2\/posts\/987517368\/revisions\/987517514"}],"wp:featuredmedia":[{"embeddable":true,"href":"https:\/\/agenciaseolocal.eu\/bedda\/wp-json\/wp\/v2\/media\/987517389"}],"wp:attachment":[{"href":"https:\/\/agenciaseolocal.eu\/bedda\/wp-json\/wp\/v2\/media?parent=987517368"}],"wp:term":[{"taxonomy":"category","embeddable":true,"href":"https:\/\/agenciaseolocal.eu\/bedda\/wp-json\/wp\/v2\/categories?post=987517368"},{"taxonomy":"post_tag","embeddable":true,"href":"https:\/\/agenciaseolocal.eu\/bedda\/wp-json\/wp\/v2\/tags?post=987517368"}],"curies":[{"name":"wp","href":"https:\/\/api.w.org\/{rel}","templated":true}]}}