{"id":987517371,"date":"2024-09-24T11:25:50","date_gmt":"2024-09-24T09:25:50","guid":{"rendered":"https:\/\/centrosbedda.com\/?p=987517371"},"modified":"2024-08-14T12:22:18","modified_gmt":"2024-08-14T10:22:18","slug":"importancia-spf-proteger-piel-tras-depilacion-laser","status":"publish","type":"post","link":"https:\/\/agenciaseolocal.eu\/bedda\/importancia-spf-proteger-piel-tras-depilacion-laser\/","title":{"rendered":"La importancia del SPF para proteger la piel tras la depilaci\u00f3n l\u00e1ser"},"content":{"rendered":"\n<p>Cuando buscamos una soluci\u00f3n para deshacernos del vello de forma duradera, la depilaci\u00f3n l\u00e1ser de&nbsp;<a href=\"https:\/\/agenciaseolocal.eu\/bedda\/\">Centros bedda<\/a>&nbsp;se presenta como una opci\u00f3n tentadora. Sin embargo, es importante recordar que e<strong>ste tratamiento puede dejar nuestra piel sensible y propensa a ciertos riesgos, especialmente la exposici\u00f3n al sol<\/strong>. Es por eso que el factor de protecci\u00f3n solar juega un papel crucial en nuestro cuidado post-depilaci\u00f3n l\u00e1ser.<\/p>\n\n\n\n<h2 class=\"wp-block-heading\">\u00bfQu\u00e9 es el SPF?<\/h2>\n\n\n\n<p>El SPF es un indicador que nos ayuda a determinar la capacidad de un protector solar para protegernos contra los da\u00f1inos rayos del sol. Se expresa como un n\u00famero, como SPF 30 o SPF 50, y cuanto m\u00e1s alto sea este n\u00famero, mayor ser\u00e1 la protecci\u00f3n que nos dar\u00e1.<\/p>\n\n\n\n<p><strong>El Factor de Protecci\u00f3n Solar (SPF) es crucial para proteger nuestra piel de los efectos nocivos de la radiaci\u00f3n ultravioleta (UV)<\/strong>. Los rayos UV pueden causar quemaduras solares, envejecimiento prematuro de la piel e incluso aumentar el riesgo de c\u00e1ncer de piel. Por lo tanto, es fundamental elegir un protector solar con un SPF adecuado para nuestra piel y nuestras actividades al aire libre.<\/p>\n\n\n\n<h2 class=\"wp-block-heading\">\u00bfPor qu\u00e9 el SPF es importante tras la depilaci\u00f3n l\u00e1ser?<\/h2>\n\n\n\n<p>Despu\u00e9s de un tratamiento de depilaci\u00f3n l\u00e1ser, nuestra piel puede volverse especialmente sensible y expuesta a la radiaci\u00f3n solar. El SPF act\u00faa como un escudo protector, creando una barrera entre nuestra piel y los rayos solares, evitando as\u00ed da\u00f1os adicionales.<\/p>\n\n\n\n<h3 class=\"wp-block-heading\">Sensibilidad de la piel post-tratamiento<\/h3>\n\n\n\n<p>Despu\u00e9s de someternos a la depilaci\u00f3n l\u00e1ser, nuestra piel puede sentirse extremadamente sensible. Es delicada, suave y necesita protecci\u00f3n para mantener su belleza.<strong>&nbsp;El SPF ayuda a protegerla de las agresiones externas, evitando irritaciones y enrojecimientos<\/strong>.&nbsp;<\/p>\n\n\n\n<h3 class=\"wp-block-heading\">Quemaduras solares<\/h3>\n\n\n\n<p>Las quemaduras solares pueden ocurrir m\u00e1s f\u00e1cilmente despu\u00e9s del tratamiento, ya que nuestra piel est\u00e1 m\u00e1s sensible y vulnerable. El SPF se convierte en un escudo ante el sol, protegiendo nuestra piel de las quemaduras y manteni\u00e9ndola segura.<\/p>\n\n\n\n<h3 class=\"wp-block-heading\">Hipopigmentaci\u00f3n e hiperpigmentaci\u00f3n<\/h3>\n\n\n\n<p>La hipopigmentaci\u00f3n e hiperpigmentaci\u00f3n son dos problemas de pigmentaci\u00f3n que pueden ocurrir f\u00e1cilmente despu\u00e9s de la exposici\u00f3n solar. El SPF&nbsp;<strong>mantiene nuestra piel con un tono uniforme y hermoso<\/strong>.<\/p>\n\n\n\n<h2 class=\"wp-block-heading\">C\u00f3mo elegir el SPF adecuado<\/h2>\n\n\n\n<h3 class=\"wp-block-heading\">Factores a considerar<\/h3>\n\n\n\n<h4 class=\"wp-block-heading\">Nivel de SPF<\/h4>\n\n\n\n<p>Los n\u00fameros pueden parecer fr\u00edos y aburridos, pero&nbsp;<strong>en el mundo del SPF, cuanto mayor sea el n\u00famero, mayor ser\u00e1 la protecci\u00f3n<\/strong>. Debemos elegir un SPF alto que act\u00fae como una capa de barniz protector.<\/p>\n\n\n\n<h4 class=\"wp-block-heading\">Tipo de piel<\/h4>\n\n\n\n<p>Debemos adaptar el SPF a nuestro tipo de piel. Si nuestra piel es delicada y suave, debemos elegir un SPF espec\u00edfico para pieles sensibles. Si es m\u00e1s resistente, podemos optar por un SPF est\u00e1ndar.<\/p>\n\n\n\n<h2 class=\"wp-block-heading\">Aplicaci\u00f3n correcta del SPF<\/h2>\n\n\n\n<h3 class=\"wp-block-heading\">Frecuencia y cantidad<\/h3>\n\n\n\n<p><strong>Aplica el SPF generosamente y de manera uniforme a lo largo de tu piel<\/strong>. Aseg\u00farate de cubrir todas las \u00e1reas expuestas a los rayos solares. Adem\u00e1s, no te olvides de reaplicar el SPF despu\u00e9s de nadar o sudar, ya que el tiempo y las circunstancias pueden borrar nuestra protecci\u00f3n.<\/p>\n\n\n\n<h3 class=\"wp-block-heading\">Reaplicaci\u00f3n y cuidado adicional<\/h3>\n\n\n\n<p>Si estamos expuestos al sol durante mucho tiempo, necesitamos retocar nuestro SPF para asegurarnos de que nuestra piel est\u00e9 debidamente protegida. Adem\u00e1s, tambi\u00e9n es importante tener en cuenta otras medidas de protecci\u00f3n solar, como el uso de ropa protectora y buscar sombra cuando el sol est\u00e1 en su punto m\u00e1s alto en el cielo.<\/p>\n","protected":false},"excerpt":{"rendered":"<p>Cuando buscamos una soluci\u00f3n para deshacernos del vello de forma duradera, la depilaci\u00f3n l\u00e1ser de&nbsp;Centros bedda&nbsp;se presenta como una opci\u00f3n tentadora. Sin embargo, es importante recordar que este tratamiento puede dejar nuestra piel sensible y propensa a ciertos riesgos, especialmente la exposici\u00f3n al sol. Es por eso que el factor de protecci\u00f3n solar juega un [&hellip;]<\/p>\n","protected":false},"author":3,"featured_media":987517394,"comment_status":"open","ping_status":"closed","sticky":false,"template":"","format":"standard","meta":{"_et_pb_use_builder":"off","_et_pb_old_content":"","_et_gb_content_width":"","_joinchat":[],"footnotes":""},"categories":[51,65],"tags":[],"class_list":["post-987517371","post","type-post","status-publish","format-standard","has-post-thumbnail","hentry","category-blog","category-depilacion"],"yoast_head":"<!-- This site is optimized with the Yoast SEO plugin v25.9 - https:\/\/yoast.com\/wordpress\/plugins\/seo\/ -->\n<title>Importancia del SPF tras la depilaci\u00f3n l\u00e1ser | bedda<\/title>\n<meta name=\"description\" content=\"Entra ahora en el blog de Centros bedda y descubre la importancia del SPF para proteger la piel tras la depilaci\u00f3n l\u00e1ser. \u00a1Te lo contamos todo!\" \/>\n<meta name=\"robots\" content=\"noindex, follow, max-snippet:-1, max-image-preview:large, max-video-preview:-1\" \/>\n<meta property=\"og:locale\" content=\"es_ES\" \/>\n<meta property=\"og:type\" content=\"article\" \/>\n<meta property=\"og:title\" content=\"Importancia del SPF tras la depilaci\u00f3n l\u00e1ser | bedda\" \/>\n<meta property=\"og:description\" content=\"Entra ahora en el blog de Centros bedda y descubre la importancia del SPF para proteger la piel tras la depilaci\u00f3n l\u00e1ser. \u00a1Te lo contamos todo!\" \/>\n<meta property=\"og:url\" content=\"https:\/\/agenciaseolocal.eu\/bedda\/importancia-spf-proteger-piel-tras-depilacion-laser\/\" \/>\n<meta property=\"og:site_name\" content=\"Centros bedda\" \/>\n<meta property=\"article:publisher\" content=\"https:\/\/www.facebook.com\/centrobedda\" \/>\n<meta property=\"article:published_time\" content=\"2024-09-24T09:25:50+00:00\" \/>\n<meta property=\"og:image\" content=\"https:\/\/agenciaseolocal.eu\/bedda\/wp-content\/uploads\/2024\/08\/mujer-sentada-aplicando-protector-solar-piel.webp\" \/>\n\t<meta property=\"og:image:width\" content=\"2000\" \/>\n\t<meta property=\"og:image:height\" content=\"700\" \/>\n\t<meta property=\"og:image:type\" content=\"image\/webp\" \/>\n<meta name=\"author\" content=\"Centros bedda\" \/>\n<meta name=\"twitter:card\" content=\"summary_large_image\" \/>\n<meta name=\"twitter:creator\" content=\"@centrosbedda\" \/>\n<meta name=\"twitter:site\" content=\"@centrosbedda\" \/>\n<meta name=\"twitter:label1\" content=\"Escrito por\" \/>\n\t<meta name=\"twitter:data1\" content=\"Centros bedda\" \/>\n\t<meta name=\"twitter:label2\" content=\"Tiempo de lectura\" \/>\n\t<meta name=\"twitter:data2\" content=\"3 minutos\" \/>\n<!-- \/ Yoast SEO plugin. -->","yoast_head_json":{"title":"Importancia del SPF tras la depilaci\u00f3n l\u00e1ser | bedda","description":"Entra ahora en el blog de Centros bedda y descubre la importancia del SPF para proteger la piel tras la depilaci\u00f3n l\u00e1ser. \u00a1Te lo contamos todo!","robots":{"index":"noindex","follow":"follow","max-snippet":"max-snippet:-1","max-image-preview":"max-image-preview:large","max-video-preview":"max-video-preview:-1"},"og_locale":"es_ES","og_type":"article","og_title":"Importancia del SPF tras la depilaci\u00f3n l\u00e1ser | bedda","og_description":"Entra ahora en el blog de Centros bedda y descubre la importancia del SPF para proteger la piel tras la depilaci\u00f3n l\u00e1ser. \u00a1Te lo contamos todo!","og_url":"https:\/\/agenciaseolocal.eu\/bedda\/importancia-spf-proteger-piel-tras-depilacion-laser\/","og_site_name":"Centros bedda","article_publisher":"https:\/\/www.facebook.com\/centrobedda","article_published_time":"2024-09-24T09:25:50+00:00","og_image":[{"width":2000,"height":700,"url":"https:\/\/agenciaseolocal.eu\/bedda\/wp-content\/uploads\/2024\/08\/mujer-sentada-aplicando-protector-solar-piel.webp","type":"image\/webp"}],"author":"Centros bedda","twitter_card":"summary_large_image","twitter_creator":"@centrosbedda","twitter_site":"@centrosbedda","twitter_misc":{"Escrito por":"Centros bedda","Tiempo de lectura":"3 minutos"},"schema":{"@context":"https:\/\/schema.org","@graph":[{"@type":"Article","@id":"https:\/\/agenciaseolocal.eu\/bedda\/importancia-spf-proteger-piel-tras-depilacion-laser\/#article","isPartOf":{"@id":"https:\/\/agenciaseolocal.eu\/bedda\/importancia-spf-proteger-piel-tras-depilacion-laser\/"},"author":{"name":"Centros bedda","@id":"https:\/\/agenciaseolocal.eu\/bedda\/#\/schema\/person\/ca3010faf67f189fd2de8d61a763fc8b"},"headline":"La importancia del SPF para proteger la piel tras la depilaci\u00f3n l\u00e1ser","datePublished":"2024-09-24T09:25:50+00:00","mainEntityOfPage":{"@id":"https:\/\/agenciaseolocal.eu\/bedda\/importancia-spf-proteger-piel-tras-depilacion-laser\/"},"wordCount":619,"commentCount":0,"publisher":{"@id":"https:\/\/agenciaseolocal.eu\/bedda\/#organization"},"image":{"@id":"https:\/\/agenciaseolocal.eu\/bedda\/importancia-spf-proteger-piel-tras-depilacion-laser\/#primaryimage"},"thumbnailUrl":"https:\/\/agenciaseolocal.eu\/bedda\/wp-content\/uploads\/2024\/08\/mujer-sentada-aplicando-protector-solar-piel.webp","articleSection":["Blog","Depilaci\u00f3n"],"inLanguage":"es","potentialAction":[{"@type":"CommentAction","name":"Comment","target":["https:\/\/agenciaseolocal.eu\/bedda\/importancia-spf-proteger-piel-tras-depilacion-laser\/#respond"]}]},{"@type":"WebPage","@id":"https:\/\/agenciaseolocal.eu\/bedda\/importancia-spf-proteger-piel-tras-depilacion-laser\/","url":"https:\/\/agenciaseolocal.eu\/bedda\/importancia-spf-proteger-piel-tras-depilacion-laser\/","name":"Importancia del SPF tras la depilaci\u00f3n l\u00e1ser | bedda","isPartOf":{"@id":"https:\/\/agenciaseolocal.eu\/bedda\/#website"},"primaryImageOfPage":{"@id":"https:\/\/agenciaseolocal.eu\/bedda\/importancia-spf-proteger-piel-tras-depilacion-laser\/#primaryimage"},"image":{"@id":"https:\/\/agenciaseolocal.eu\/bedda\/importancia-spf-proteger-piel-tras-depilacion-laser\/#primaryimage"},"thumbnailUrl":"https:\/\/agenciaseolocal.eu\/bedda\/wp-content\/uploads\/2024\/08\/mujer-sentada-aplicando-protector-solar-piel.webp","datePublished":"2024-09-24T09:25:50+00:00","description":"Entra ahora en el blog de Centros bedda y descubre la importancia del SPF para proteger la piel tras la depilaci\u00f3n l\u00e1ser. \u00a1Te lo contamos todo!","breadcrumb":{"@id":"https:\/\/agenciaseolocal.eu\/bedda\/importancia-spf-proteger-piel-tras-depilacion-laser\/#breadcrumb"},"inLanguage":"es","potentialAction":[{"@type":"ReadAction","target":["https:\/\/agenciaseolocal.eu\/bedda\/importancia-spf-proteger-piel-tras-depilacion-laser\/"]}]},{"@type":"ImageObject","inLanguage":"es","@id":"https:\/\/agenciaseolocal.eu\/bedda\/importancia-spf-proteger-piel-tras-depilacion-laser\/#primaryimage","url":"https:\/\/agenciaseolocal.eu\/bedda\/wp-content\/uploads\/2024\/08\/mujer-sentada-aplicando-protector-solar-piel.webp","contentUrl":"https:\/\/agenciaseolocal.eu\/bedda\/wp-content\/uploads\/2024\/08\/mujer-sentada-aplicando-protector-solar-piel.webp","width":2000,"height":700,"caption":"mujer sentada aplicando protector solar piel"},{"@type":"BreadcrumbList","@id":"https:\/\/agenciaseolocal.eu\/bedda\/importancia-spf-proteger-piel-tras-depilacion-laser\/#breadcrumb","itemListElement":[{"@type":"ListItem","position":1,"name":"Portada","item":"https:\/\/agenciaseolocal.eu\/bedda\/"},{"@type":"ListItem","position":2,"name":"La importancia del SPF para proteger la piel tras la depilaci\u00f3n l\u00e1ser"}]},{"@type":"WebSite","@id":"https:\/\/agenciaseolocal.eu\/bedda\/#website","url":"https:\/\/agenciaseolocal.eu\/bedda\/","name":"Centros bedda","description":"Centro de depilaci\u00f3n l\u00e1ser","publisher":{"@id":"https:\/\/agenciaseolocal.eu\/bedda\/#organization"},"potentialAction":[{"@type":"SearchAction","target":{"@type":"EntryPoint","urlTemplate":"https:\/\/agenciaseolocal.eu\/bedda\/?s={search_term_string}"},"query-input":{"@type":"PropertyValueSpecification","valueRequired":true,"valueName":"search_term_string"}}],"inLanguage":"es"},{"@type":"Organization","@id":"https:\/\/agenciaseolocal.eu\/bedda\/#organization","name":"Centros bedda","url":"https:\/\/agenciaseolocal.eu\/bedda\/","logo":{"@type":"ImageObject","inLanguage":"es","@id":"https:\/\/agenciaseolocal.eu\/bedda\/#\/schema\/logo\/image\/","url":"https:\/\/agenciaseolocal.eu\/bedda\/wp-content\/uploads\/2024\/04\/centros-bedda-depilacion-laser-logo.png","contentUrl":"https:\/\/agenciaseolocal.eu\/bedda\/wp-content\/uploads\/2024\/04\/centros-bedda-depilacion-laser-logo.png","width":220,"height":220,"caption":"Centros bedda"},"image":{"@id":"https:\/\/agenciaseolocal.eu\/bedda\/#\/schema\/logo\/image\/"},"sameAs":["https:\/\/www.facebook.com\/centrobedda","https:\/\/x.com\/centrosbedda","https:\/\/www.youtube.com\/channel\/UCV57tDnQcnHfTici1funk4g?app=desktop","https:\/\/www.instagram.com\/centrosbedda\/","https:\/\/www.linkedin.com\/company\/centros-bedda\/"]},{"@type":"Person","@id":"https:\/\/agenciaseolocal.eu\/bedda\/#\/schema\/person\/ca3010faf67f189fd2de8d61a763fc8b","name":"Centros bedda","image":{"@type":"ImageObject","inLanguage":"es","@id":"https:\/\/agenciaseolocal.eu\/bedda\/#\/schema\/person\/image\/","url":"https:\/\/secure.gravatar.com\/avatar\/ea1f00b0a249719594f6b50ee5d3214c2c192531d8f80f789208e2aa9605ac08?s=96&d=mm&r=g","contentUrl":"https:\/\/secure.gravatar.com\/avatar\/ea1f00b0a249719594f6b50ee5d3214c2c192531d8f80f789208e2aa9605ac08?s=96&d=mm&r=g","caption":"Centros bedda"},"url":"https:\/\/agenciaseolocal.eu\/bedda\/author\/mktpmp_gedfwb31y\/"}]}},"_links":{"self":[{"href":"https:\/\/agenciaseolocal.eu\/bedda\/wp-json\/wp\/v2\/posts\/987517371","targetHints":{"allow":["GET"]}}],"collection":[{"href":"https:\/\/agenciaseolocal.eu\/bedda\/wp-json\/wp\/v2\/posts"}],"about":[{"href":"https:\/\/agenciaseolocal.eu\/bedda\/wp-json\/wp\/v2\/types\/post"}],"author":[{"embeddable":true,"href":"https:\/\/agenciaseolocal.eu\/bedda\/wp-json\/wp\/v2\/users\/3"}],"replies":[{"embeddable":true,"href":"https:\/\/agenciaseolocal.eu\/bedda\/wp-json\/wp\/v2\/comments?post=987517371"}],"version-history":[{"count":1,"href":"https:\/\/agenciaseolocal.eu\/bedda\/wp-json\/wp\/v2\/posts\/987517371\/revisions"}],"predecessor-version":[{"id":987517395,"href":"https:\/\/agenciaseolocal.eu\/bedda\/wp-json\/wp\/v2\/posts\/987517371\/revisions\/987517395"}],"wp:featuredmedia":[{"embeddable":true,"href":"https:\/\/agenciaseolocal.eu\/bedda\/wp-json\/wp\/v2\/media\/987517394"}],"wp:attachment":[{"href":"https:\/\/agenciaseolocal.eu\/bedda\/wp-json\/wp\/v2\/media?parent=987517371"}],"wp:term":[{"taxonomy":"category","embeddable":true,"href":"https:\/\/agenciaseolocal.eu\/bedda\/wp-json\/wp\/v2\/categories?post=987517371"},{"taxonomy":"post_tag","embeddable":true,"href":"https:\/\/agenciaseolocal.eu\/bedda\/wp-json\/wp\/v2\/tags?post=987517371"}],"curies":[{"name":"wp","href":"https:\/\/api.w.org\/{rel}","templated":true}]}}