{"id":987517372,"date":"2024-09-25T11:26:55","date_gmt":"2024-09-25T09:26:55","guid":{"rendered":"https:\/\/centrosbedda.com\/?p=987517372"},"modified":"2024-08-14T12:23:19","modified_gmt":"2024-08-14T10:23:19","slug":"estres-afecta-crecimiento-vello","status":"publish","type":"post","link":"https:\/\/agenciaseolocal.eu\/bedda\/estres-afecta-crecimiento-vello\/","title":{"rendered":"\u00bfEl estr\u00e9s afecta al crecimiento del vello?"},"content":{"rendered":"\n<p>El estr\u00e9s es una respuesta natural del cuerpo ante situaciones adversas. Sin embargo, cuando se prolonga y se convierte en cr\u00f3nico,&nbsp;<strong>puede afectar negativamente a nuestra salud en general, incluido el crecimiento del vello<\/strong>. En este art\u00edculo de&nbsp;<a href=\"https:\/\/agenciaseolocal.eu\/bedda\/\">Centros bedda<\/a>&nbsp;exploraremos c\u00f3mo el estr\u00e9s puede influir en nuestro cuerpo y los diferentes efectos que tiene en el crecimiento del vello.<\/p>\n\n\n\n<h2 class=\"wp-block-heading\">\u00bfC\u00f3mo afecta el estr\u00e9s al cuerpo?<\/h2>\n\n\n\n<p>El estr\u00e9s afecta a nuestro cuerpo de diferentes maneras. Cuando experimentamos una situaci\u00f3n estresante, nuestro cuerpo libera hormonas del estr\u00e9s, como el cortisol y la adrenalina, para prepararnos para lidiar con la situaci\u00f3n. Estas hormonas tienen un impacto directo en nuestro sistema inmunol\u00f3gico, digestivo y cardiovascular.<\/p>\n\n\n\n<p><strong>El estr\u00e9s es una respuesta natural del cuerpo ante situaciones desafiantes<\/strong>, pero cuando se vuelve cr\u00f3nico, puede tener efectos negativos en nuestra salud. Adem\u00e1s de las hormonas del estr\u00e9s, existen otros mecanismos biol\u00f3gicos involucrados en la respuesta al estr\u00e9s, como el sistema nervioso aut\u00f3nomo y el eje hipot\u00e1lamo-hip\u00f3fisis-suprarrenal.<\/p>\n\n\n\n<h3 class=\"wp-block-heading\">Hormonas del estr\u00e9s (cortisol, adrenalina)<\/h3>\n\n\n\n<p>El cortisol, conocido como la &#8220;hormona del estr\u00e9s&#8221;, se libera en situaciones de estr\u00e9s prolongado. Este aumento en los niveles de cortisol puede interferir con la regeneraci\u00f3n y el crecimiento del vello. Adem\u00e1s, la adrenalina, otra hormona del estr\u00e9s, puede restringir los vasos sangu\u00edneos en el cuero cabelludo, lo que dificulta la llegada de nutrientes esenciales al fol\u00edculo piloso.<\/p>\n\n\n\n<p>Por otro lado,&nbsp;<strong>el cortisol tambi\u00e9n puede afectar la funci\u00f3n cognitiva, la regulaci\u00f3n del az\u00facar en sangre y la presi\u00f3n arterial<\/strong>. Estos efectos a largo plazo pueden contribuir al desarrollo de enfermedades cr\u00f3nicas como la diabetes tipo 2 y la hipertensi\u00f3n.<\/p>\n\n\n\n<h3 class=\"wp-block-heading\">Efectos en el sistema inmunol\u00f3gico y digestivo<\/h3>\n\n\n\n<p>El estr\u00e9s cr\u00f3nico tambi\u00e9n puede afectar nuestro sistema inmunol\u00f3gico y digestivo, debilitando nuestra capacidad para combatir infecciones y absorber nutrientes adecuadamente. Un sistema inmunol\u00f3gico d\u00e9bil puede desencadenar enfermedades autoinmunes como la alopecia areata, una condici\u00f3n que provoca la p\u00e9rdida de cabello en \u00e1reas concretas del cuero cabelludo.<\/p>\n\n\n\n<p>En el sistema digestivo,&nbsp;<strong>el estr\u00e9s puede causar problemas como el s\u00edndrome del intestino irritable, la acidez estomacal y la disminuci\u00f3n de la absorci\u00f3n de nutrientes<\/strong>. La microbiota intestinal, clave para la salud digestiva, tambi\u00e9n puede alterarse bajo condiciones de estr\u00e9s cr\u00f3nico, lo que puede llevar a desequilibrios y problemas gastrointestinales.<\/p>\n\n\n\n<h2 class=\"wp-block-heading\">Impacto del estr\u00e9s en el crecimiento del vello<\/h2>\n\n\n\n<h3 class=\"wp-block-heading\">Alopecia aerata<\/h3>\n\n\n\n<p>La alopecia areata es una enfermedad autoinmune que provoca la p\u00e9rdida repentina de cabello en \u00e1reas espec\u00edficas del cuero cabelludo. Aunque la causa exacta no se conoce, se cree que el estr\u00e9s puede desencadenar esta condici\u00f3n en individuos gen\u00e9ticamente predispuestos.<\/p>\n\n\n\n<h3 class=\"wp-block-heading\">Efluvio tel\u00f3geno<\/h3>\n\n\n\n<p>El efluvio tel\u00f3geno es otro trastorno que afecta el ciclo de crecimiento del vello. En situaciones de estr\u00e9s intenso,&nbsp;<strong>una gran cantidad de fol\u00edculos pilosos pueden pasar a la fase de reposo prematuramente, lo que provoca una mayor ca\u00edda del cabello<\/strong>. Aunque esta p\u00e9rdida de cabello suele ser temporal, puede llevar un tiempo significativo para que el ciclo de crecimiento se normalice.<\/p>\n\n\n\n<h2 class=\"wp-block-heading\">Manejo del estr\u00e9s para un crecimiento saludable del vello<\/h2>\n\n\n\n<p>Si bien no se puede evitar por completo el estr\u00e9s en nuestras vidas, podemos aprender a manejarlo de manera m\u00e1s efectiva para promover un crecimiento saludable del vello. Aqu\u00ed hay algunas t\u00e9cnicas de reducci\u00f3n del estr\u00e9s y h\u00e1bitos de vida saludables que pueden ayudar:<\/p>\n\n\n\n<h3 class=\"wp-block-heading\">T\u00e9cnicas de reducci\u00f3n del estr\u00e9s<\/h3>\n\n\n\n<ol class=\"wp-block-list\">\n<li><strong>Practicar la respiraci\u00f3n profunda y la relajaci\u00f3n muscular<\/strong>.<\/li>\n\n\n\n<li>Hacer ejercicio regularmente para liberar endorfinas y reducir la tensi\u00f3n.<\/li>\n\n\n\n<li><strong>Establecer l\u00edmites claros y aprender a decir &#8220;no&#8221; cuando sea necesario<\/strong>.<\/li>\n\n\n\n<li>Buscar actividades recreativas que nos gusten y nos ayuden a distraernos del estr\u00e9s.<\/li>\n<\/ol>\n\n\n\n<h3 class=\"wp-block-heading\">H\u00e1bitos de vida saludable<\/h3>\n\n\n\n<ul class=\"wp-block-list\">\n<li>Mantener una alimentaci\u00f3n equilibrada que incluya nutrientes esenciales para el crecimiento del vello, como vitaminas A, C, D y E, as\u00ed como prote\u00ednas y minerales.<\/li>\n\n\n\n<li><strong>Dormir lo suficiente para permitir que nuestro cuerpo se recupere y se regenere correctamente<\/strong>.<\/li>\n\n\n\n<li>Evitar h\u00e1bitos perjudiciales para el cabello, como el uso excesivo de productos qu\u00edmicos o el calor excesivo de herramientas como secadores y planchas.<\/li>\n\n\n\n<li><strong>Buscar apoyo emocional y social para enfrentar el estr\u00e9s<\/strong>. Hablar con amigos, familiares o un profesional de la salud mental puede ser de gran ayuda.<\/li>\n<\/ul>\n","protected":false},"excerpt":{"rendered":"<p>El estr\u00e9s es una respuesta natural del cuerpo ante situaciones adversas. Sin embargo, cuando se prolonga y se convierte en cr\u00f3nico,&nbsp;puede afectar negativamente a nuestra salud en general, incluido el crecimiento del vello. En este art\u00edculo de&nbsp;Centros bedda&nbsp;exploraremos c\u00f3mo el estr\u00e9s puede influir en nuestro cuerpo y los diferentes efectos que tiene en el crecimiento [&hellip;]<\/p>\n","protected":false},"author":3,"featured_media":987517396,"comment_status":"open","ping_status":"closed","sticky":false,"template":"","format":"standard","meta":{"_et_pb_use_builder":"off","_et_pb_old_content":"","_et_gb_content_width":"","_joinchat":[],"footnotes":""},"categories":[51],"tags":[],"class_list":["post-987517372","post","type-post","status-publish","format-standard","has-post-thumbnail","hentry","category-blog"],"yoast_head":"<!-- This site is optimized with the Yoast SEO plugin v25.9 - https:\/\/yoast.com\/wordpress\/plugins\/seo\/ -->\n<title>\u00bfEl estr\u00e9s afecta al crecimiento de vello? | bedda<\/title>\n<meta name=\"description\" content=\"Entra ahora en el blog de Centros bedda y descubre c\u00f3mo puede afectar el estr\u00e9s al crecimiento del vello. \u00a1Te lo contamos absolutamente todo!\" \/>\n<meta name=\"robots\" content=\"noindex, follow, max-snippet:-1, max-image-preview:large, max-video-preview:-1\" \/>\n<meta property=\"og:locale\" content=\"es_ES\" \/>\n<meta property=\"og:type\" content=\"article\" \/>\n<meta property=\"og:title\" content=\"\u00bfEl estr\u00e9s afecta al crecimiento de vello? | bedda\" \/>\n<meta property=\"og:description\" content=\"Entra ahora en el blog de Centros bedda y descubre c\u00f3mo puede afectar el estr\u00e9s al crecimiento del vello. \u00a1Te lo contamos absolutamente todo!\" \/>\n<meta property=\"og:url\" content=\"https:\/\/agenciaseolocal.eu\/bedda\/estres-afecta-crecimiento-vello\/\" \/>\n<meta property=\"og:site_name\" content=\"Centros bedda\" \/>\n<meta property=\"article:publisher\" content=\"https:\/\/www.facebook.com\/centrobedda\" \/>\n<meta property=\"article:published_time\" content=\"2024-09-25T09:26:55+00:00\" \/>\n<meta property=\"og:image\" content=\"https:\/\/agenciaseolocal.eu\/bedda\/wp-content\/uploads\/2024\/08\/vello-erizado-piel-brazo-hombre.webp\" \/>\n\t<meta property=\"og:image:width\" content=\"1937\" \/>\n\t<meta property=\"og:image:height\" content=\"700\" \/>\n\t<meta property=\"og:image:type\" content=\"image\/webp\" \/>\n<meta name=\"author\" content=\"Centros bedda\" \/>\n<meta name=\"twitter:card\" content=\"summary_large_image\" \/>\n<meta name=\"twitter:creator\" content=\"@centrosbedda\" \/>\n<meta name=\"twitter:site\" content=\"@centrosbedda\" \/>\n<meta name=\"twitter:label1\" content=\"Escrito por\" \/>\n\t<meta name=\"twitter:data1\" content=\"Centros bedda\" \/>\n\t<meta name=\"twitter:label2\" content=\"Tiempo de lectura\" \/>\n\t<meta name=\"twitter:data2\" content=\"4 minutos\" \/>\n<!-- \/ Yoast SEO plugin. -->","yoast_head_json":{"title":"\u00bfEl estr\u00e9s afecta al crecimiento de vello? | bedda","description":"Entra ahora en el blog de Centros bedda y descubre c\u00f3mo puede afectar el estr\u00e9s al crecimiento del vello. \u00a1Te lo contamos absolutamente todo!","robots":{"index":"noindex","follow":"follow","max-snippet":"max-snippet:-1","max-image-preview":"max-image-preview:large","max-video-preview":"max-video-preview:-1"},"og_locale":"es_ES","og_type":"article","og_title":"\u00bfEl estr\u00e9s afecta al crecimiento de vello? | bedda","og_description":"Entra ahora en el blog de Centros bedda y descubre c\u00f3mo puede afectar el estr\u00e9s al crecimiento del vello. \u00a1Te lo contamos absolutamente todo!","og_url":"https:\/\/agenciaseolocal.eu\/bedda\/estres-afecta-crecimiento-vello\/","og_site_name":"Centros bedda","article_publisher":"https:\/\/www.facebook.com\/centrobedda","article_published_time":"2024-09-25T09:26:55+00:00","og_image":[{"width":1937,"height":700,"url":"https:\/\/agenciaseolocal.eu\/bedda\/wp-content\/uploads\/2024\/08\/vello-erizado-piel-brazo-hombre.webp","type":"image\/webp"}],"author":"Centros bedda","twitter_card":"summary_large_image","twitter_creator":"@centrosbedda","twitter_site":"@centrosbedda","twitter_misc":{"Escrito por":"Centros bedda","Tiempo de lectura":"4 minutos"},"schema":{"@context":"https:\/\/schema.org","@graph":[{"@type":"Article","@id":"https:\/\/agenciaseolocal.eu\/bedda\/estres-afecta-crecimiento-vello\/#article","isPartOf":{"@id":"https:\/\/agenciaseolocal.eu\/bedda\/estres-afecta-crecimiento-vello\/"},"author":{"name":"Centros bedda","@id":"https:\/\/agenciaseolocal.eu\/bedda\/#\/schema\/person\/ca3010faf67f189fd2de8d61a763fc8b"},"headline":"\u00bfEl estr\u00e9s afecta al crecimiento del vello?","datePublished":"2024-09-25T09:26:55+00:00","mainEntityOfPage":{"@id":"https:\/\/agenciaseolocal.eu\/bedda\/estres-afecta-crecimiento-vello\/"},"wordCount":773,"commentCount":0,"publisher":{"@id":"https:\/\/agenciaseolocal.eu\/bedda\/#organization"},"image":{"@id":"https:\/\/agenciaseolocal.eu\/bedda\/estres-afecta-crecimiento-vello\/#primaryimage"},"thumbnailUrl":"https:\/\/agenciaseolocal.eu\/bedda\/wp-content\/uploads\/2024\/08\/vello-erizado-piel-brazo-hombre.webp","articleSection":["Blog"],"inLanguage":"es","potentialAction":[{"@type":"CommentAction","name":"Comment","target":["https:\/\/agenciaseolocal.eu\/bedda\/estres-afecta-crecimiento-vello\/#respond"]}]},{"@type":"WebPage","@id":"https:\/\/agenciaseolocal.eu\/bedda\/estres-afecta-crecimiento-vello\/","url":"https:\/\/agenciaseolocal.eu\/bedda\/estres-afecta-crecimiento-vello\/","name":"\u00bfEl estr\u00e9s afecta al crecimiento de vello? | bedda","isPartOf":{"@id":"https:\/\/agenciaseolocal.eu\/bedda\/#website"},"primaryImageOfPage":{"@id":"https:\/\/agenciaseolocal.eu\/bedda\/estres-afecta-crecimiento-vello\/#primaryimage"},"image":{"@id":"https:\/\/agenciaseolocal.eu\/bedda\/estres-afecta-crecimiento-vello\/#primaryimage"},"thumbnailUrl":"https:\/\/agenciaseolocal.eu\/bedda\/wp-content\/uploads\/2024\/08\/vello-erizado-piel-brazo-hombre.webp","datePublished":"2024-09-25T09:26:55+00:00","description":"Entra ahora en el blog de Centros bedda y descubre c\u00f3mo puede afectar el estr\u00e9s al crecimiento del vello. \u00a1Te lo contamos absolutamente todo!","breadcrumb":{"@id":"https:\/\/agenciaseolocal.eu\/bedda\/estres-afecta-crecimiento-vello\/#breadcrumb"},"inLanguage":"es","potentialAction":[{"@type":"ReadAction","target":["https:\/\/agenciaseolocal.eu\/bedda\/estres-afecta-crecimiento-vello\/"]}]},{"@type":"ImageObject","inLanguage":"es","@id":"https:\/\/agenciaseolocal.eu\/bedda\/estres-afecta-crecimiento-vello\/#primaryimage","url":"https:\/\/agenciaseolocal.eu\/bedda\/wp-content\/uploads\/2024\/08\/vello-erizado-piel-brazo-hombre.webp","contentUrl":"https:\/\/agenciaseolocal.eu\/bedda\/wp-content\/uploads\/2024\/08\/vello-erizado-piel-brazo-hombre.webp","width":1937,"height":700,"caption":"vello erizado piel brazo hombre"},{"@type":"BreadcrumbList","@id":"https:\/\/agenciaseolocal.eu\/bedda\/estres-afecta-crecimiento-vello\/#breadcrumb","itemListElement":[{"@type":"ListItem","position":1,"name":"Portada","item":"https:\/\/agenciaseolocal.eu\/bedda\/"},{"@type":"ListItem","position":2,"name":"\u00bfEl estr\u00e9s afecta al crecimiento del vello?"}]},{"@type":"WebSite","@id":"https:\/\/agenciaseolocal.eu\/bedda\/#website","url":"https:\/\/agenciaseolocal.eu\/bedda\/","name":"Centros bedda","description":"Centro de depilaci\u00f3n l\u00e1ser","publisher":{"@id":"https:\/\/agenciaseolocal.eu\/bedda\/#organization"},"potentialAction":[{"@type":"SearchAction","target":{"@type":"EntryPoint","urlTemplate":"https:\/\/agenciaseolocal.eu\/bedda\/?s={search_term_string}"},"query-input":{"@type":"PropertyValueSpecification","valueRequired":true,"valueName":"search_term_string"}}],"inLanguage":"es"},{"@type":"Organization","@id":"https:\/\/agenciaseolocal.eu\/bedda\/#organization","name":"Centros bedda","url":"https:\/\/agenciaseolocal.eu\/bedda\/","logo":{"@type":"ImageObject","inLanguage":"es","@id":"https:\/\/agenciaseolocal.eu\/bedda\/#\/schema\/logo\/image\/","url":"https:\/\/agenciaseolocal.eu\/bedda\/wp-content\/uploads\/2024\/04\/centros-bedda-depilacion-laser-logo.png","contentUrl":"https:\/\/agenciaseolocal.eu\/bedda\/wp-content\/uploads\/2024\/04\/centros-bedda-depilacion-laser-logo.png","width":220,"height":220,"caption":"Centros bedda"},"image":{"@id":"https:\/\/agenciaseolocal.eu\/bedda\/#\/schema\/logo\/image\/"},"sameAs":["https:\/\/www.facebook.com\/centrobedda","https:\/\/x.com\/centrosbedda","https:\/\/www.youtube.com\/channel\/UCV57tDnQcnHfTici1funk4g?app=desktop","https:\/\/www.instagram.com\/centrosbedda\/","https:\/\/www.linkedin.com\/company\/centros-bedda\/"]},{"@type":"Person","@id":"https:\/\/agenciaseolocal.eu\/bedda\/#\/schema\/person\/ca3010faf67f189fd2de8d61a763fc8b","name":"Centros bedda","image":{"@type":"ImageObject","inLanguage":"es","@id":"https:\/\/agenciaseolocal.eu\/bedda\/#\/schema\/person\/image\/","url":"https:\/\/secure.gravatar.com\/avatar\/ea1f00b0a249719594f6b50ee5d3214c2c192531d8f80f789208e2aa9605ac08?s=96&d=mm&r=g","contentUrl":"https:\/\/secure.gravatar.com\/avatar\/ea1f00b0a249719594f6b50ee5d3214c2c192531d8f80f789208e2aa9605ac08?s=96&d=mm&r=g","caption":"Centros bedda"},"url":"https:\/\/agenciaseolocal.eu\/bedda\/author\/mktpmp_gedfwb31y\/"}]}},"_links":{"self":[{"href":"https:\/\/agenciaseolocal.eu\/bedda\/wp-json\/wp\/v2\/posts\/987517372","targetHints":{"allow":["GET"]}}],"collection":[{"href":"https:\/\/agenciaseolocal.eu\/bedda\/wp-json\/wp\/v2\/posts"}],"about":[{"href":"https:\/\/agenciaseolocal.eu\/bedda\/wp-json\/wp\/v2\/types\/post"}],"author":[{"embeddable":true,"href":"https:\/\/agenciaseolocal.eu\/bedda\/wp-json\/wp\/v2\/users\/3"}],"replies":[{"embeddable":true,"href":"https:\/\/agenciaseolocal.eu\/bedda\/wp-json\/wp\/v2\/comments?post=987517372"}],"version-history":[{"count":1,"href":"https:\/\/agenciaseolocal.eu\/bedda\/wp-json\/wp\/v2\/posts\/987517372\/revisions"}],"predecessor-version":[{"id":987517397,"href":"https:\/\/agenciaseolocal.eu\/bedda\/wp-json\/wp\/v2\/posts\/987517372\/revisions\/987517397"}],"wp:featuredmedia":[{"embeddable":true,"href":"https:\/\/agenciaseolocal.eu\/bedda\/wp-json\/wp\/v2\/media\/987517396"}],"wp:attachment":[{"href":"https:\/\/agenciaseolocal.eu\/bedda\/wp-json\/wp\/v2\/media?parent=987517372"}],"wp:term":[{"taxonomy":"category","embeddable":true,"href":"https:\/\/agenciaseolocal.eu\/bedda\/wp-json\/wp\/v2\/categories?post=987517372"},{"taxonomy":"post_tag","embeddable":true,"href":"https:\/\/agenciaseolocal.eu\/bedda\/wp-json\/wp\/v2\/tags?post=987517372"}],"curies":[{"name":"wp","href":"https:\/\/api.w.org\/{rel}","templated":true}]}}