{"id":987517594,"date":"2024-10-01T12:42:33","date_gmt":"2024-10-01T10:42:33","guid":{"rendered":"https:\/\/centrosbedda.com\/?p=987517594"},"modified":"2025-01-15T14:17:13","modified_gmt":"2025-01-15T13:17:13","slug":"impacto-dieta-estilo-vida-eficacia-depilacion-laser","status":"publish","type":"post","link":"https:\/\/agenciaseolocal.eu\/bedda\/impacto-dieta-estilo-vida-eficacia-depilacion-laser\/","title":{"rendered":"Impacto de dieta y l estilo de vida en eficacia de depilaci\u00f3n l\u00e1ser"},"content":{"rendered":"\n<p>La depilaci\u00f3n l\u00e1ser es un procedimiento de&nbsp;<a href=\"https:\/\/agenciaseolocal.eu\/bedda\/\">Centros bedda<\/a>&nbsp;que ha&nbsp;<strong>revolucionado la forma en que abordamos la eliminaci\u00f3n del vello no deseado<\/strong>. Sin embargo, su eficacia puede verse influenciada por factores que van m\u00e1s all\u00e1 de la tecnolog\u00eda utilizada, jugando la dieta y el estilo de vida roles fundamentales en este proceso.<\/p>\n\n\n\n<h2 class=\"wp-block-heading\">\u00bfC\u00f3mo funciona la depilaci\u00f3n l\u00e1ser?<\/h2>\n\n\n\n<p>La depilaci\u00f3n l\u00e1ser utiliza luz intensa para destruir el fol\u00edculo piloso. Este l\u00e1ser apunta a la melanina en el vello, donde se convierte en calor y da\u00f1a el fol\u00edculo, evitando que vuelva a crecer apaciblemente.<\/p>\n\n\n\n<p>Es importante considerar que la eficacia de la depilaci\u00f3n l\u00e1ser&nbsp;<strong>puede variar seg\u00fan el tipo de piel y el color del vello<\/strong>. Las personas con piel clara y vello oscuro suelen obtener mejores resultados, ya que el contraste permite que el l\u00e1ser se enfoque m\u00e1s eficazmente en la melanina. Por otro lado, las personas con piel oscura o vello claro pueden necesitar m\u00e1s sesiones para lograr resultados similares, debido a la menor diferencia en el contraste.<\/p>\n\n\n\n<p>Esto resalta la importancia de consultar a un experto antes de iniciar el tratamiento, para que se pueda personalizar el enfoque seg\u00fan las caracter\u00edsticas individuales.<\/p>\n\n\n\n<p>Por otro lado, el<strong>\u00a0cuidado posterior es fundamental para maximizar los resultados<\/strong>\u00a0de la depilaci\u00f3n l\u00e1ser. Despu\u00e9s de cada sesi\u00f3n, es recomendable evitar la exposici\u00f3n directa al sol y utilizar cremas espec\u00edficas como la <a href=\"https:\/\/agenciaseolocal.eu\/bedda\/beneficios-crema-postdepil-vs-aloe-vera-otras-cremas-tras-depilacion-laser\/\">crema postdepil de Centros bedda<\/a> para mantener la piel en \u00f3ptimas condiciones.<\/p>\n\n\n\n<h2 class=\"wp-block-heading\">Impacto de la dieta en la eficacia de la depilaci\u00f3n l\u00e1ser<\/h2>\n\n\n\n<p>Consumir una dieta equilibrada puede facilitar el proceso de eliminaci\u00f3n del vello, mientras que una alimentaci\u00f3n poco saludable puede obstaculizarlo.<\/p>\n\n\n\n<p>Los nutrientes que aportamos a nuestro cuerpo tienen un&nbsp;<strong>efecto directo en la salud de la piel<\/strong>. Una dieta rica en antioxidantes y \u00e1cidos grasos esenciales puede potenciar la respuesta del cuerpo al tratamiento l\u00e1ser, permitiendo que la piel se recupere m\u00e1s r\u00e1pidamente e impidiendo que el vello vuelva a emerger con facilidad.<\/p>\n\n\n\n<h2 class=\"wp-block-heading\">Influencia de una dieta alta en az\u00facares y grasas<\/h2>\n\n\n\n<p>Una dieta elevada en az\u00facares y grasas saturadas puede ser el veneno que envenena el curso de la depilaci\u00f3n l\u00e1ser. Estos componentes&nbsp;<strong>pueden provocar inflamaci\u00f3n en la piel<\/strong>, alterando su capacidad para recuperarse adecuadamente despu\u00e9s del tratamiento. Esta inflamaci\u00f3n se puede traducir en una mayor sensibilidad y, en el peor de los casos, en complicaciones como el crecimiento del vello en \u00e1reas no deseadas.<\/p>\n\n\n\n<p>Adem\u00e1s,&nbsp;<strong>estos alimentos pueden influir en las hormonas<\/strong>, que son como las marionetas en un teatro: controlan muchas funciones en nuestro cuerpo, incluyendo el crecimiento del vello. Un desequilibrio hormonal puede resultar en un aumento no deseado del vello, lo que contrarrestar\u00eda los efectos del tratamiento l\u00e1ser.<\/p>\n\n\n\n<h2 class=\"wp-block-heading\">Nutrientes clave para una piel saludable<\/h2>\n\n\n\n<p>Algunos nutrientes son particularmente importantes para mantener la piel en \u00f3ptimas condiciones:<\/p>\n\n\n\n<ul class=\"wp-block-list\">\n<li>\u00c1cidos Grasos Omega-3:&nbsp;<strong>Ayudan a reducir la inflamaci\u00f3n<\/strong>, lo que puede mejorar la recuperaci\u00f3n despu\u00e9s del tratamiento.<\/li>\n\n\n\n<li>Col\u00e1geno<strong>:<\/strong>&nbsp;Es fundamental para la&nbsp;<strong>elasticidad de la piel<\/strong>, ayudando a mantenerla firme y saludable.<\/li>\n<\/ul>\n\n\n\n<h2 class=\"wp-block-heading\">C\u00f3mo el estilo de vida influye en la depilaci\u00f3n l\u00e1ser<\/h2>\n\n\n\n<p>No es solo la dieta lo que requiere atenci\u00f3n; el estilo de vida tambi\u00e9n es un factor decisivo en la eficacia de la depilaci\u00f3n l\u00e1ser. Una vida sedentaria, por ejemplo, puede disminuir la circulaci\u00f3n sangu\u00ednea, lo que afecta la capacidad de la piel para sanar y recuperarse.<\/p>\n\n\n\n<p>Por otro lado, es recomendable incorporar ejercicio regular, ya que&nbsp;<strong>estimula la circulaci\u00f3n y promueve un flujo sangu\u00edneo saludable<\/strong>&nbsp;que facilita la llegada de nutrientes a la piel.<\/p>\n\n\n\n<h2 class=\"wp-block-heading\">Impacto del estr\u00e9s en piel y crecimiento de vello<\/h2>\n\n\n\n<p>El estr\u00e9s es otro enemigo silencioso que puede interferir con el proceso de depilaci\u00f3n l\u00e1ser. Cuando estamos bajo presi\u00f3n, el cuerpo tiende a liberar hormonas como el cortisol, que pueden&nbsp;<strong>promover el crecimiento del vello no deseado<\/strong>.&nbsp;<\/p>\n\n\n\n<p>Por eso, mantener pr\u00e1cticas de relajaci\u00f3n como el yoga, la meditaci\u00f3n y el ejercicio puede ser clave para manejar el estr\u00e9s y, a su vez, controlar el crecimiento de vello indeseado.<\/p>\n","protected":false},"excerpt":{"rendered":"<p>La depilaci\u00f3n l\u00e1ser es un procedimiento de&nbsp;Centros bedda&nbsp;que ha&nbsp;revolucionado la forma en que abordamos la eliminaci\u00f3n del vello no deseado. Sin embargo, su eficacia puede verse influenciada por factores que van m\u00e1s all\u00e1 de la tecnolog\u00eda utilizada, jugando la dieta y el estilo de vida roles fundamentales en este proceso. \u00bfC\u00f3mo funciona la depilaci\u00f3n l\u00e1ser? [&hellip;]<\/p>\n","protected":false},"author":3,"featured_media":987517606,"comment_status":"open","ping_status":"closed","sticky":false,"template":"","format":"standard","meta":{"_et_pb_use_builder":"off","_et_pb_old_content":"","_et_gb_content_width":"","_joinchat":[],"footnotes":""},"categories":[51,65],"tags":[],"class_list":["post-987517594","post","type-post","status-publish","format-standard","has-post-thumbnail","hentry","category-blog","category-depilacion"],"yoast_head":"<!-- This site is optimized with the Yoast SEO plugin v25.9 - https:\/\/yoast.com\/wordpress\/plugins\/seo\/ -->\n<title>Impacto dieta y estilo vida en depilaci\u00f3n | bedda<\/title>\n<meta name=\"description\" content=\"Entra ahora en el blog de Centros bedda y descubre el impacto de la dieta y el estilo de vida en la eficacia de la depilaci\u00f3n l\u00e1ser. \u00a1Te lo contamos todo!\" \/>\n<meta name=\"robots\" content=\"noindex, follow, max-snippet:-1, max-image-preview:large, max-video-preview:-1\" \/>\n<meta property=\"og:locale\" content=\"es_ES\" \/>\n<meta property=\"og:type\" content=\"article\" \/>\n<meta property=\"og:title\" content=\"Impacto dieta y estilo vida en depilaci\u00f3n | bedda\" \/>\n<meta property=\"og:description\" content=\"Entra ahora en el blog de Centros bedda y descubre el impacto de la dieta y el estilo de vida en la eficacia de la depilaci\u00f3n l\u00e1ser. \u00a1Te lo contamos todo!\" \/>\n<meta property=\"og:url\" content=\"https:\/\/agenciaseolocal.eu\/bedda\/impacto-dieta-estilo-vida-eficacia-depilacion-laser\/\" \/>\n<meta property=\"og:site_name\" content=\"Centros bedda\" \/>\n<meta property=\"article:publisher\" content=\"https:\/\/www.facebook.com\/centrobedda\" \/>\n<meta property=\"article:published_time\" content=\"2024-10-01T10:42:33+00:00\" \/>\n<meta property=\"article:modified_time\" content=\"2025-01-15T13:17:13+00:00\" \/>\n<meta property=\"og:image\" content=\"https:\/\/agenciaseolocal.eu\/bedda\/wp-content\/uploads\/2024\/09\/mujer-hablando-telefono-sentada-tumbona-fondo-purpura.webp\" \/>\n\t<meta property=\"og:image:width\" content=\"1919\" \/>\n\t<meta property=\"og:image:height\" content=\"700\" \/>\n\t<meta property=\"og:image:type\" content=\"image\/webp\" \/>\n<meta name=\"author\" content=\"Centros bedda\" \/>\n<meta name=\"twitter:card\" content=\"summary_large_image\" \/>\n<meta name=\"twitter:creator\" content=\"@centrosbedda\" \/>\n<meta name=\"twitter:site\" content=\"@centrosbedda\" \/>\n<meta name=\"twitter:label1\" content=\"Escrito por\" \/>\n\t<meta name=\"twitter:data1\" content=\"Centros bedda\" \/>\n\t<meta name=\"twitter:label2\" content=\"Tiempo de lectura\" \/>\n\t<meta name=\"twitter:data2\" content=\"4 minutos\" \/>\n<!-- \/ Yoast SEO plugin. -->","yoast_head_json":{"title":"Impacto dieta y estilo vida en depilaci\u00f3n | bedda","description":"Entra ahora en el blog de Centros bedda y descubre el impacto de la dieta y el estilo de vida en la eficacia de la depilaci\u00f3n l\u00e1ser. \u00a1Te lo contamos todo!","robots":{"index":"noindex","follow":"follow","max-snippet":"max-snippet:-1","max-image-preview":"max-image-preview:large","max-video-preview":"max-video-preview:-1"},"og_locale":"es_ES","og_type":"article","og_title":"Impacto dieta y estilo vida en depilaci\u00f3n | bedda","og_description":"Entra ahora en el blog de Centros bedda y descubre el impacto de la dieta y el estilo de vida en la eficacia de la depilaci\u00f3n l\u00e1ser. \u00a1Te lo contamos todo!","og_url":"https:\/\/agenciaseolocal.eu\/bedda\/impacto-dieta-estilo-vida-eficacia-depilacion-laser\/","og_site_name":"Centros bedda","article_publisher":"https:\/\/www.facebook.com\/centrobedda","article_published_time":"2024-10-01T10:42:33+00:00","article_modified_time":"2025-01-15T13:17:13+00:00","og_image":[{"width":1919,"height":700,"url":"https:\/\/agenciaseolocal.eu\/bedda\/wp-content\/uploads\/2024\/09\/mujer-hablando-telefono-sentada-tumbona-fondo-purpura.webp","type":"image\/webp"}],"author":"Centros bedda","twitter_card":"summary_large_image","twitter_creator":"@centrosbedda","twitter_site":"@centrosbedda","twitter_misc":{"Escrito por":"Centros bedda","Tiempo de lectura":"4 minutos"},"schema":{"@context":"https:\/\/schema.org","@graph":[{"@type":"Article","@id":"https:\/\/agenciaseolocal.eu\/bedda\/impacto-dieta-estilo-vida-eficacia-depilacion-laser\/#article","isPartOf":{"@id":"https:\/\/agenciaseolocal.eu\/bedda\/impacto-dieta-estilo-vida-eficacia-depilacion-laser\/"},"author":{"name":"Centros bedda","@id":"https:\/\/agenciaseolocal.eu\/bedda\/#\/schema\/person\/ca3010faf67f189fd2de8d61a763fc8b"},"headline":"Impacto de dieta y l estilo de vida en eficacia de depilaci\u00f3n l\u00e1ser","datePublished":"2024-10-01T10:42:33+00:00","dateModified":"2025-01-15T13:17:13+00:00","mainEntityOfPage":{"@id":"https:\/\/agenciaseolocal.eu\/bedda\/impacto-dieta-estilo-vida-eficacia-depilacion-laser\/"},"wordCount":754,"commentCount":0,"publisher":{"@id":"https:\/\/agenciaseolocal.eu\/bedda\/#organization"},"image":{"@id":"https:\/\/agenciaseolocal.eu\/bedda\/impacto-dieta-estilo-vida-eficacia-depilacion-laser\/#primaryimage"},"thumbnailUrl":"https:\/\/agenciaseolocal.eu\/bedda\/wp-content\/uploads\/2024\/09\/mujer-hablando-telefono-sentada-tumbona-fondo-purpura.webp","articleSection":["Blog","Depilaci\u00f3n"],"inLanguage":"es","potentialAction":[{"@type":"CommentAction","name":"Comment","target":["https:\/\/agenciaseolocal.eu\/bedda\/impacto-dieta-estilo-vida-eficacia-depilacion-laser\/#respond"]}]},{"@type":"WebPage","@id":"https:\/\/agenciaseolocal.eu\/bedda\/impacto-dieta-estilo-vida-eficacia-depilacion-laser\/","url":"https:\/\/agenciaseolocal.eu\/bedda\/impacto-dieta-estilo-vida-eficacia-depilacion-laser\/","name":"Impacto dieta y estilo vida en depilaci\u00f3n | bedda","isPartOf":{"@id":"https:\/\/agenciaseolocal.eu\/bedda\/#website"},"primaryImageOfPage":{"@id":"https:\/\/agenciaseolocal.eu\/bedda\/impacto-dieta-estilo-vida-eficacia-depilacion-laser\/#primaryimage"},"image":{"@id":"https:\/\/agenciaseolocal.eu\/bedda\/impacto-dieta-estilo-vida-eficacia-depilacion-laser\/#primaryimage"},"thumbnailUrl":"https:\/\/agenciaseolocal.eu\/bedda\/wp-content\/uploads\/2024\/09\/mujer-hablando-telefono-sentada-tumbona-fondo-purpura.webp","datePublished":"2024-10-01T10:42:33+00:00","dateModified":"2025-01-15T13:17:13+00:00","description":"Entra ahora en el blog de Centros bedda y descubre el impacto de la dieta y el estilo de vida en la eficacia de la depilaci\u00f3n l\u00e1ser. \u00a1Te lo contamos todo!","breadcrumb":{"@id":"https:\/\/agenciaseolocal.eu\/bedda\/impacto-dieta-estilo-vida-eficacia-depilacion-laser\/#breadcrumb"},"inLanguage":"es","potentialAction":[{"@type":"ReadAction","target":["https:\/\/agenciaseolocal.eu\/bedda\/impacto-dieta-estilo-vida-eficacia-depilacion-laser\/"]}]},{"@type":"ImageObject","inLanguage":"es","@id":"https:\/\/agenciaseolocal.eu\/bedda\/impacto-dieta-estilo-vida-eficacia-depilacion-laser\/#primaryimage","url":"https:\/\/agenciaseolocal.eu\/bedda\/wp-content\/uploads\/2024\/09\/mujer-hablando-telefono-sentada-tumbona-fondo-purpura.webp","contentUrl":"https:\/\/agenciaseolocal.eu\/bedda\/wp-content\/uploads\/2024\/09\/mujer-hablando-telefono-sentada-tumbona-fondo-purpura.webp","width":1919,"height":700,"caption":"mujer hablando telefono sentada tumbona fondo purpura"},{"@type":"BreadcrumbList","@id":"https:\/\/agenciaseolocal.eu\/bedda\/impacto-dieta-estilo-vida-eficacia-depilacion-laser\/#breadcrumb","itemListElement":[{"@type":"ListItem","position":1,"name":"Portada","item":"https:\/\/agenciaseolocal.eu\/bedda\/"},{"@type":"ListItem","position":2,"name":"Impacto de dieta y l estilo de vida en eficacia de depilaci\u00f3n l\u00e1ser"}]},{"@type":"WebSite","@id":"https:\/\/agenciaseolocal.eu\/bedda\/#website","url":"https:\/\/agenciaseolocal.eu\/bedda\/","name":"Centros bedda","description":"Centro de depilaci\u00f3n l\u00e1ser","publisher":{"@id":"https:\/\/agenciaseolocal.eu\/bedda\/#organization"},"potentialAction":[{"@type":"SearchAction","target":{"@type":"EntryPoint","urlTemplate":"https:\/\/agenciaseolocal.eu\/bedda\/?s={search_term_string}"},"query-input":{"@type":"PropertyValueSpecification","valueRequired":true,"valueName":"search_term_string"}}],"inLanguage":"es"},{"@type":"Organization","@id":"https:\/\/agenciaseolocal.eu\/bedda\/#organization","name":"Centros bedda","url":"https:\/\/agenciaseolocal.eu\/bedda\/","logo":{"@type":"ImageObject","inLanguage":"es","@id":"https:\/\/agenciaseolocal.eu\/bedda\/#\/schema\/logo\/image\/","url":"https:\/\/agenciaseolocal.eu\/bedda\/wp-content\/uploads\/2024\/04\/centros-bedda-depilacion-laser-logo.png","contentUrl":"https:\/\/agenciaseolocal.eu\/bedda\/wp-content\/uploads\/2024\/04\/centros-bedda-depilacion-laser-logo.png","width":220,"height":220,"caption":"Centros bedda"},"image":{"@id":"https:\/\/agenciaseolocal.eu\/bedda\/#\/schema\/logo\/image\/"},"sameAs":["https:\/\/www.facebook.com\/centrobedda","https:\/\/x.com\/centrosbedda","https:\/\/www.youtube.com\/channel\/UCV57tDnQcnHfTici1funk4g?app=desktop","https:\/\/www.instagram.com\/centrosbedda\/","https:\/\/www.linkedin.com\/company\/centros-bedda\/"]},{"@type":"Person","@id":"https:\/\/agenciaseolocal.eu\/bedda\/#\/schema\/person\/ca3010faf67f189fd2de8d61a763fc8b","name":"Centros bedda","image":{"@type":"ImageObject","inLanguage":"es","@id":"https:\/\/agenciaseolocal.eu\/bedda\/#\/schema\/person\/image\/","url":"https:\/\/secure.gravatar.com\/avatar\/ea1f00b0a249719594f6b50ee5d3214c2c192531d8f80f789208e2aa9605ac08?s=96&d=mm&r=g","contentUrl":"https:\/\/secure.gravatar.com\/avatar\/ea1f00b0a249719594f6b50ee5d3214c2c192531d8f80f789208e2aa9605ac08?s=96&d=mm&r=g","caption":"Centros bedda"},"url":"https:\/\/agenciaseolocal.eu\/bedda\/author\/mktpmp_gedfwb31y\/"}]}},"_links":{"self":[{"href":"https:\/\/agenciaseolocal.eu\/bedda\/wp-json\/wp\/v2\/posts\/987517594","targetHints":{"allow":["GET"]}}],"collection":[{"href":"https:\/\/agenciaseolocal.eu\/bedda\/wp-json\/wp\/v2\/posts"}],"about":[{"href":"https:\/\/agenciaseolocal.eu\/bedda\/wp-json\/wp\/v2\/types\/post"}],"author":[{"embeddable":true,"href":"https:\/\/agenciaseolocal.eu\/bedda\/wp-json\/wp\/v2\/users\/3"}],"replies":[{"embeddable":true,"href":"https:\/\/agenciaseolocal.eu\/bedda\/wp-json\/wp\/v2\/comments?post=987517594"}],"version-history":[{"count":3,"href":"https:\/\/agenciaseolocal.eu\/bedda\/wp-json\/wp\/v2\/posts\/987517594\/revisions"}],"predecessor-version":[{"id":987518271,"href":"https:\/\/agenciaseolocal.eu\/bedda\/wp-json\/wp\/v2\/posts\/987517594\/revisions\/987518271"}],"wp:featuredmedia":[{"embeddable":true,"href":"https:\/\/agenciaseolocal.eu\/bedda\/wp-json\/wp\/v2\/media\/987517606"}],"wp:attachment":[{"href":"https:\/\/agenciaseolocal.eu\/bedda\/wp-json\/wp\/v2\/media?parent=987517594"}],"wp:term":[{"taxonomy":"category","embeddable":true,"href":"https:\/\/agenciaseolocal.eu\/bedda\/wp-json\/wp\/v2\/categories?post=987517594"},{"taxonomy":"post_tag","embeddable":true,"href":"https:\/\/agenciaseolocal.eu\/bedda\/wp-json\/wp\/v2\/tags?post=987517594"}],"curies":[{"name":"wp","href":"https:\/\/api.w.org\/{rel}","templated":true}]}}