{"id":987517597,"date":"2024-10-22T11:36:26","date_gmt":"2024-10-22T09:36:26","guid":{"rendered":"https:\/\/centrosbedda.com\/?p=987517597"},"modified":"2024-10-15T10:21:40","modified_gmt":"2024-10-15T08:21:40","slug":"relacion-edad-resultados-depilacion-laser","status":"publish","type":"post","link":"https:\/\/agenciaseolocal.eu\/bedda\/relacion-edad-resultados-depilacion-laser\/","title":{"rendered":"La relaci\u00f3n entre la edad y los resultados de la depilaci\u00f3n l\u00e1ser"},"content":{"rendered":"\n<p>La depilaci\u00f3n l\u00e1ser ha&nbsp;<strong>transformado el enfoque hacia la eliminaci\u00f3n del vello humano<\/strong>, ofreciendo una alternativa duradera y menos dolorosa a los m\u00e9todos tradicionales. Sin embargo, la efectividad de este tratamiento en&nbsp;<a href=\"https:\/\/agenciaseolocal.eu\/bedda\/\">Centros bedda<\/a>&nbsp;puede variar considerablemente dependiendo de la edad del individuo.<\/p>\n\n\n\n<h2 class=\"wp-block-heading\">La relaci\u00f3n entre la edad y los resultados de la depilaci\u00f3n l\u00e1ser<\/h2>\n\n\n\n<p>A medida que la tecnolog\u00eda de la depilaci\u00f3n l\u00e1ser avanza, tambi\u00e9n lo hace nuestra comprensi\u00f3n de c\u00f3mo la edad influye en los resultados. Los especialistas han observado que la edad no solo determina la cantidad y grosor del vello, sino tambi\u00e9n la sensibilidad de la piel.&nbsp;<\/p>\n\n\n\n<h3 class=\"wp-block-heading\">Impacto de la edad en la eficacia de la depilaci\u00f3n l\u00e1ser<\/h3>\n\n\n\n<p>En general, los j\u00f3venes tienden a tener un&nbsp;<strong>vello m\u00e1s oscuro y grueso<\/strong>, lo que facilita su eliminaci\u00f3n. Por otro lado, los adultos mayores pueden experimentar una&nbsp;<strong>mezcla de vello m\u00e1s delgado y gris<\/strong>, lo que dificulta la absorci\u00f3n del l\u00e1ser. As\u00ed, el contexto y las circunstancias f\u00edsicas en las que se realiza el tratamiento juegan un papel crucial.<\/p>\n\n\n\n<h3 class=\"wp-block-heading\">Juventud y primeras sesiones de depilaci\u00f3n<\/h3>\n\n\n\n<p>Durante la juventud, la piel es m\u00e1s firme y el vello es t\u00edpicamente m\u00e1s abundante y denso. Esto hace que&nbsp;<a href=\"https:\/\/agenciaseolocal.eu\/bedda\/edad-comenzar-depilacion-laser\/\">empezar la depilaci\u00f3n l\u00e1ser<\/a>&nbsp;a edades j\u00f3venes sea no solo eficaz, sino tambi\u00e9n menos dolorosa. Es en esta etapa cuando las personas suelen disfrutar de resultados m\u00e1s significativos, ya que el l\u00e1ser puede dirigirse con precisi\u00f3n hacia los fol\u00edculos pilosos sin muchas interferencias.<\/p>\n\n\n\n<p>Adem\u00e1s, es importante considerar que esta etapa de la vida a menudo se asocia con&nbsp;<strong>menos cambios hormonales<\/strong>. Recomendamos a los j\u00f3venes que consulten a expertos para asegurar que el proceso se realice en el momento adecuado, ya que el crecimiento del vello puede seguir variando.<\/p>\n\n\n\n<h3 class=\"wp-block-heading\">Edad adulta y cambios en la piel y vello<\/h3>\n\n\n\n<p>A medida que las personas entran en la adultez, comienzan a experimentar cambios f\u00edsicos m\u00e1s notables. La piel puede volverse m\u00e1s susceptible y el vello puede variar en textura y color, haciendo que el tratamiento l\u00e1ser sea m\u00e1s complicado.<\/p>\n\n\n\n<p>Es en esta fase cuando los especialistas deben&nbsp;<strong>tener en cuenta la historia m\u00e9dica del paciente y adaptar el tratamiento a sus necesidades espec\u00edficas<\/strong>.<\/p>\n\n\n\n<h3 class=\"wp-block-heading\">Edad avanzada y consideraciones espec\u00edficas<\/h3>\n\n\n\n<p>En la edad avanzada, la piel tiende a perder elasticidad y puede ser m\u00e1s delgada, lo que requiere un enfoque a\u00fan m\u00e1s delicado. Aqu\u00ed, la sensibilidad y la precisi\u00f3n son primordiales para evitar causar da\u00f1o.<\/p>\n\n\n\n<p>El vello tambi\u00e9n puede ser menos abundante, pero su color y grosor pueden variar, lo que complica la eficacia del l\u00e1ser. Adem\u00e1s, es crucial que los tratamientos se realicen en un&nbsp;<strong>ambiente controlado<\/strong>, donde se puedan manejar adecuadamente las diferentes condiciones de piel que un paciente puede presentar.<\/p>\n\n\n\n<h2 class=\"wp-block-heading\">Factores adicionales relacionados con la edad<\/h2>\n\n\n\n<p>Adem\u00e1s de la edad en s\u00ed, hay factores que act\u00faan como telones de fondo que influyen en los resultados de la depilaci\u00f3n l\u00e1ser. Comprender estos elementos es esencial para obtener el mejor resultado posible.<\/p>\n\n\n\n<h3 class=\"wp-block-heading\">Cambios hormonales<\/h3>\n\n\n\n<p>Durante la juventud y la adultez, los niveles hormonales pueden ser m\u00e1s estables, pero con el paso de los a\u00f1os, las fluctuaciones en estr\u00f3genos y andr\u00f3genos pueden&nbsp;<strong>alterar dr\u00e1sticamente la textura y cantidad del vello<\/strong>.<\/p>\n\n\n\n<p>Estos cambios hormonales pueden hacer que el tratamiento laser funcione menos eficientemente. Por ello, recomendamos una evaluaci\u00f3n continua y un seguimiento de los niveles hormonales antes y durante el tratamiento.<\/p>\n\n\n\n<h3 class=\"wp-block-heading\">Estado de la piel<\/h3>\n\n\n\n<p>La piel en s\u00ed misma tambi\u00e9n sufre modificaciones a lo largo del tiempo. La&nbsp;<strong>exposici\u00f3n solar, el uso de productos qu\u00edmicos y la gen\u00e9tica<\/strong>&nbsp;juegan un papel importante.&nbsp;<\/p>\n\n\n\n<p>Los tratamientos previos y la salud de la piel deben ser evaluados antes de iniciar cualquier procedimiento, garantizando que la piel est\u00e9 en su mejor estado para recibir la tecnolog\u00eda l\u00e1ser.<\/p>\n\n\n\n<h3 class=\"wp-block-heading\">Salud general y condiciones m\u00e9dicas<\/h3>\n\n\n\n<p>La salud general del individuo es otra pieza crucial.&nbsp;<strong>Condiciones m\u00e9dicas preexistentes<\/strong>, como problemas de tiroides o diabetes, pueden influir en c\u00f3mo se desarrolle el tratamiento de depilaci\u00f3n l\u00e1ser.&nbsp;<\/p>\n\n\n\n<p>Es importante consultar a un experto que pueda proporcionar orientaci\u00f3n adecuada en funci\u00f3n del estado de salud del paciente, ya que un tratamiento seguro asegura resultados mejores y m\u00e1s duraderos.<\/p>\n\n\n\n<h2 class=\"wp-block-heading\">Centros bedda, tu centro de depilaci\u00f3n l\u00e1ser<\/h2>\n\n\n\n<p>Los centros de depilaci\u00f3n l\u00e1ser como Centros bedda ofrecen un&nbsp;<strong>entorno seguro y experto<\/strong>&nbsp;para abordar las complejidades de cada paciente. Nuestro equipo est\u00e1 preparado para entender las diversas necesidades seg\u00fan la edad y otros factores, garantizando que cada tratamiento sea personalizado.<\/p>\n\n\n\n<p>Aprovechar los servicios de centros especializados no solo asegura resultados m\u00e1s satisfactorios, sino que tambi\u00e9n proporciona un enfoque m\u00e1s seguro y controlado. La orientaci\u00f3n adecuada puede marcar la diferencia entre un tratamiento exitoso y uno que no lo es.<\/p>\n","protected":false},"excerpt":{"rendered":"<p>La depilaci\u00f3n l\u00e1ser ha&nbsp;transformado el enfoque hacia la eliminaci\u00f3n del vello humano, ofreciendo una alternativa duradera y menos dolorosa a los m\u00e9todos tradicionales. Sin embargo, la efectividad de este tratamiento en&nbsp;Centros bedda&nbsp;puede variar considerablemente dependiendo de la edad del individuo. La relaci\u00f3n entre la edad y los resultados de la depilaci\u00f3n l\u00e1ser A medida que [&hellip;]<\/p>\n","protected":false},"author":3,"featured_media":987517612,"comment_status":"open","ping_status":"closed","sticky":false,"template":"","format":"standard","meta":{"_et_pb_use_builder":"off","_et_pb_old_content":"","_et_gb_content_width":"","_joinchat":[],"footnotes":""},"categories":[51,65],"tags":[],"class_list":["post-987517597","post","type-post","status-publish","format-standard","has-post-thumbnail","hentry","category-blog","category-depilacion"],"yoast_head":"<!-- This site is optimized with the Yoast SEO plugin v25.9 - https:\/\/yoast.com\/wordpress\/plugins\/seo\/ -->\n<title>Relaci\u00f3n edad y resultados depilaci\u00f3n l\u00e1ser | bedda<\/title>\n<meta name=\"description\" content=\"Entra ahora en el blog de Centros bedda y descubre la relaci\u00f3n entre la edad y los resultados de la depilaci\u00f3n l\u00e1ser. \u00a1Te lo contamos todo!\" \/>\n<meta name=\"robots\" content=\"noindex, follow, max-snippet:-1, max-image-preview:large, max-video-preview:-1\" \/>\n<meta property=\"og:locale\" content=\"es_ES\" \/>\n<meta property=\"og:type\" content=\"article\" \/>\n<meta property=\"og:title\" content=\"Relaci\u00f3n edad y resultados depilaci\u00f3n l\u00e1ser | bedda\" \/>\n<meta property=\"og:description\" content=\"Entra ahora en el blog de Centros bedda y descubre la relaci\u00f3n entre la edad y los resultados de la depilaci\u00f3n l\u00e1ser. \u00a1Te lo contamos todo!\" \/>\n<meta property=\"og:url\" content=\"https:\/\/agenciaseolocal.eu\/bedda\/relacion-edad-resultados-depilacion-laser\/\" \/>\n<meta property=\"og:site_name\" content=\"Centros bedda\" \/>\n<meta property=\"article:publisher\" content=\"https:\/\/www.facebook.com\/centrobedda\" \/>\n<meta property=\"article:published_time\" content=\"2024-10-22T09:36:26+00:00\" \/>\n<meta property=\"og:image\" content=\"https:\/\/agenciaseolocal.eu\/bedda\/wp-content\/uploads\/2024\/09\/mujer-mayor-sonriente-posando-plano-medio.webp\" \/>\n\t<meta property=\"og:image:width\" content=\"2000\" \/>\n\t<meta property=\"og:image:height\" content=\"700\" \/>\n\t<meta property=\"og:image:type\" content=\"image\/webp\" \/>\n<meta name=\"author\" content=\"Centros bedda\" \/>\n<meta name=\"twitter:card\" content=\"summary_large_image\" \/>\n<meta name=\"twitter:creator\" content=\"@centrosbedda\" \/>\n<meta name=\"twitter:site\" content=\"@centrosbedda\" \/>\n<meta name=\"twitter:label1\" content=\"Escrito por\" \/>\n\t<meta name=\"twitter:data1\" content=\"Centros bedda\" \/>\n\t<meta name=\"twitter:label2\" content=\"Tiempo de lectura\" \/>\n\t<meta name=\"twitter:data2\" content=\"4 minutos\" \/>\n<!-- \/ Yoast SEO plugin. -->","yoast_head_json":{"title":"Relaci\u00f3n edad y resultados depilaci\u00f3n l\u00e1ser | bedda","description":"Entra ahora en el blog de Centros bedda y descubre la relaci\u00f3n entre la edad y los resultados de la depilaci\u00f3n l\u00e1ser. \u00a1Te lo contamos todo!","robots":{"index":"noindex","follow":"follow","max-snippet":"max-snippet:-1","max-image-preview":"max-image-preview:large","max-video-preview":"max-video-preview:-1"},"og_locale":"es_ES","og_type":"article","og_title":"Relaci\u00f3n edad y resultados depilaci\u00f3n l\u00e1ser | bedda","og_description":"Entra ahora en el blog de Centros bedda y descubre la relaci\u00f3n entre la edad y los resultados de la depilaci\u00f3n l\u00e1ser. \u00a1Te lo contamos todo!","og_url":"https:\/\/agenciaseolocal.eu\/bedda\/relacion-edad-resultados-depilacion-laser\/","og_site_name":"Centros bedda","article_publisher":"https:\/\/www.facebook.com\/centrobedda","article_published_time":"2024-10-22T09:36:26+00:00","og_image":[{"width":2000,"height":700,"url":"https:\/\/agenciaseolocal.eu\/bedda\/wp-content\/uploads\/2024\/09\/mujer-mayor-sonriente-posando-plano-medio.webp","type":"image\/webp"}],"author":"Centros bedda","twitter_card":"summary_large_image","twitter_creator":"@centrosbedda","twitter_site":"@centrosbedda","twitter_misc":{"Escrito por":"Centros bedda","Tiempo de lectura":"4 minutos"},"schema":{"@context":"https:\/\/schema.org","@graph":[{"@type":"Article","@id":"https:\/\/agenciaseolocal.eu\/bedda\/relacion-edad-resultados-depilacion-laser\/#article","isPartOf":{"@id":"https:\/\/agenciaseolocal.eu\/bedda\/relacion-edad-resultados-depilacion-laser\/"},"author":{"name":"Centros bedda","@id":"https:\/\/agenciaseolocal.eu\/bedda\/#\/schema\/person\/ca3010faf67f189fd2de8d61a763fc8b"},"headline":"La relaci\u00f3n entre la edad y los resultados de la depilaci\u00f3n l\u00e1ser","datePublished":"2024-10-22T09:36:26+00:00","mainEntityOfPage":{"@id":"https:\/\/agenciaseolocal.eu\/bedda\/relacion-edad-resultados-depilacion-laser\/"},"wordCount":888,"commentCount":0,"publisher":{"@id":"https:\/\/agenciaseolocal.eu\/bedda\/#organization"},"image":{"@id":"https:\/\/agenciaseolocal.eu\/bedda\/relacion-edad-resultados-depilacion-laser\/#primaryimage"},"thumbnailUrl":"https:\/\/agenciaseolocal.eu\/bedda\/wp-content\/uploads\/2024\/09\/mujer-mayor-sonriente-posando-plano-medio.webp","articleSection":["Blog","Depilaci\u00f3n"],"inLanguage":"es","potentialAction":[{"@type":"CommentAction","name":"Comment","target":["https:\/\/agenciaseolocal.eu\/bedda\/relacion-edad-resultados-depilacion-laser\/#respond"]}]},{"@type":"WebPage","@id":"https:\/\/agenciaseolocal.eu\/bedda\/relacion-edad-resultados-depilacion-laser\/","url":"https:\/\/agenciaseolocal.eu\/bedda\/relacion-edad-resultados-depilacion-laser\/","name":"Relaci\u00f3n edad y resultados depilaci\u00f3n l\u00e1ser | bedda","isPartOf":{"@id":"https:\/\/agenciaseolocal.eu\/bedda\/#website"},"primaryImageOfPage":{"@id":"https:\/\/agenciaseolocal.eu\/bedda\/relacion-edad-resultados-depilacion-laser\/#primaryimage"},"image":{"@id":"https:\/\/agenciaseolocal.eu\/bedda\/relacion-edad-resultados-depilacion-laser\/#primaryimage"},"thumbnailUrl":"https:\/\/agenciaseolocal.eu\/bedda\/wp-content\/uploads\/2024\/09\/mujer-mayor-sonriente-posando-plano-medio.webp","datePublished":"2024-10-22T09:36:26+00:00","description":"Entra ahora en el blog de Centros bedda y descubre la relaci\u00f3n entre la edad y los resultados de la depilaci\u00f3n l\u00e1ser. \u00a1Te lo contamos todo!","breadcrumb":{"@id":"https:\/\/agenciaseolocal.eu\/bedda\/relacion-edad-resultados-depilacion-laser\/#breadcrumb"},"inLanguage":"es","potentialAction":[{"@type":"ReadAction","target":["https:\/\/agenciaseolocal.eu\/bedda\/relacion-edad-resultados-depilacion-laser\/"]}]},{"@type":"ImageObject","inLanguage":"es","@id":"https:\/\/agenciaseolocal.eu\/bedda\/relacion-edad-resultados-depilacion-laser\/#primaryimage","url":"https:\/\/agenciaseolocal.eu\/bedda\/wp-content\/uploads\/2024\/09\/mujer-mayor-sonriente-posando-plano-medio.webp","contentUrl":"https:\/\/agenciaseolocal.eu\/bedda\/wp-content\/uploads\/2024\/09\/mujer-mayor-sonriente-posando-plano-medio.webp","width":2000,"height":700,"caption":"mujer mayor sonriente posando plano medio"},{"@type":"BreadcrumbList","@id":"https:\/\/agenciaseolocal.eu\/bedda\/relacion-edad-resultados-depilacion-laser\/#breadcrumb","itemListElement":[{"@type":"ListItem","position":1,"name":"Portada","item":"https:\/\/agenciaseolocal.eu\/bedda\/"},{"@type":"ListItem","position":2,"name":"La relaci\u00f3n entre la edad y los resultados de la depilaci\u00f3n l\u00e1ser"}]},{"@type":"WebSite","@id":"https:\/\/agenciaseolocal.eu\/bedda\/#website","url":"https:\/\/agenciaseolocal.eu\/bedda\/","name":"Centros bedda","description":"Centro de depilaci\u00f3n l\u00e1ser","publisher":{"@id":"https:\/\/agenciaseolocal.eu\/bedda\/#organization"},"potentialAction":[{"@type":"SearchAction","target":{"@type":"EntryPoint","urlTemplate":"https:\/\/agenciaseolocal.eu\/bedda\/?s={search_term_string}"},"query-input":{"@type":"PropertyValueSpecification","valueRequired":true,"valueName":"search_term_string"}}],"inLanguage":"es"},{"@type":"Organization","@id":"https:\/\/agenciaseolocal.eu\/bedda\/#organization","name":"Centros bedda","url":"https:\/\/agenciaseolocal.eu\/bedda\/","logo":{"@type":"ImageObject","inLanguage":"es","@id":"https:\/\/agenciaseolocal.eu\/bedda\/#\/schema\/logo\/image\/","url":"https:\/\/agenciaseolocal.eu\/bedda\/wp-content\/uploads\/2024\/04\/centros-bedda-depilacion-laser-logo.png","contentUrl":"https:\/\/agenciaseolocal.eu\/bedda\/wp-content\/uploads\/2024\/04\/centros-bedda-depilacion-laser-logo.png","width":220,"height":220,"caption":"Centros bedda"},"image":{"@id":"https:\/\/agenciaseolocal.eu\/bedda\/#\/schema\/logo\/image\/"},"sameAs":["https:\/\/www.facebook.com\/centrobedda","https:\/\/x.com\/centrosbedda","https:\/\/www.youtube.com\/channel\/UCV57tDnQcnHfTici1funk4g?app=desktop","https:\/\/www.instagram.com\/centrosbedda\/","https:\/\/www.linkedin.com\/company\/centros-bedda\/"]},{"@type":"Person","@id":"https:\/\/agenciaseolocal.eu\/bedda\/#\/schema\/person\/ca3010faf67f189fd2de8d61a763fc8b","name":"Centros bedda","image":{"@type":"ImageObject","inLanguage":"es","@id":"https:\/\/agenciaseolocal.eu\/bedda\/#\/schema\/person\/image\/","url":"https:\/\/secure.gravatar.com\/avatar\/ea1f00b0a249719594f6b50ee5d3214c2c192531d8f80f789208e2aa9605ac08?s=96&d=mm&r=g","contentUrl":"https:\/\/secure.gravatar.com\/avatar\/ea1f00b0a249719594f6b50ee5d3214c2c192531d8f80f789208e2aa9605ac08?s=96&d=mm&r=g","caption":"Centros bedda"},"url":"https:\/\/agenciaseolocal.eu\/bedda\/author\/mktpmp_gedfwb31y\/"}]}},"_links":{"self":[{"href":"https:\/\/agenciaseolocal.eu\/bedda\/wp-json\/wp\/v2\/posts\/987517597","targetHints":{"allow":["GET"]}}],"collection":[{"href":"https:\/\/agenciaseolocal.eu\/bedda\/wp-json\/wp\/v2\/posts"}],"about":[{"href":"https:\/\/agenciaseolocal.eu\/bedda\/wp-json\/wp\/v2\/types\/post"}],"author":[{"embeddable":true,"href":"https:\/\/agenciaseolocal.eu\/bedda\/wp-json\/wp\/v2\/users\/3"}],"replies":[{"embeddable":true,"href":"https:\/\/agenciaseolocal.eu\/bedda\/wp-json\/wp\/v2\/comments?post=987517597"}],"version-history":[{"count":1,"href":"https:\/\/agenciaseolocal.eu\/bedda\/wp-json\/wp\/v2\/posts\/987517597\/revisions"}],"predecessor-version":[{"id":987517613,"href":"https:\/\/agenciaseolocal.eu\/bedda\/wp-json\/wp\/v2\/posts\/987517597\/revisions\/987517613"}],"wp:featuredmedia":[{"embeddable":true,"href":"https:\/\/agenciaseolocal.eu\/bedda\/wp-json\/wp\/v2\/media\/987517612"}],"wp:attachment":[{"href":"https:\/\/agenciaseolocal.eu\/bedda\/wp-json\/wp\/v2\/media?parent=987517597"}],"wp:term":[{"taxonomy":"category","embeddable":true,"href":"https:\/\/agenciaseolocal.eu\/bedda\/wp-json\/wp\/v2\/categories?post=987517597"},{"taxonomy":"post_tag","embeddable":true,"href":"https:\/\/agenciaseolocal.eu\/bedda\/wp-json\/wp\/v2\/tags?post=987517597"}],"curies":[{"name":"wp","href":"https:\/\/api.w.org\/{rel}","templated":true}]}}