{"id":987517598,"date":"2024-11-05T11:37:14","date_gmt":"2024-11-05T10:37:14","guid":{"rendered":"https:\/\/centrosbedda.com\/?p=987517598"},"modified":"2025-01-15T14:13:23","modified_gmt":"2025-01-15T13:13:23","slug":"como-depilacion-laser-interactua-con-tratamientos-esteticos","status":"publish","type":"post","link":"https:\/\/agenciaseolocal.eu\/bedda\/como-depilacion-laser-interactua-con-tratamientos-esteticos\/","title":{"rendered":"Interacci\u00f3n depilaci\u00f3n l\u00e1ser con otros tratamientos est\u00e9ticos"},"content":{"rendered":"\n<p>La depilaci\u00f3n l\u00e1ser se ha convertido en una opci\u00f3n popular en&nbsp;<a href=\"https:\/\/agenciaseolocal.eu\/bedda\/\">Centros bedda<\/a>&nbsp;para aquellos que buscan una&nbsp;<strong>alternativa a los m\u00e9todos tradicionales de eliminaci\u00f3n de vello<\/strong>. Sin embargo, es importante comprender c\u00f3mo este tratamiento puede interactuar con otras terapias est\u00e9ticas y qu\u00e9 consideraciones deben tenerse en cuenta al combinarlas.<\/p>\n\n\n\n<h2 class=\"wp-block-heading\">Interacciones de la depilaci\u00f3n l\u00e1ser con otros tratamientos est\u00e9ticos<\/h2>\n\n\n\n<p>La depilaci\u00f3n l\u00e1ser no es un tratamiento aislado; es parte de un conjunto de procedimientos est\u00e9ticos que pueden ofrecer resultados complementarios. Al considerar estas interacciones, es crucial tener en cuenta el<strong>&nbsp;tipo de piel, la sensibilidad y los objetivos personales<\/strong>. Cada persona es \u00fanica, lo que significa que la sinergia entre los tratamientos puede variar significativamente de un individuo a otro.<\/p>\n\n\n\n<h3 class=\"wp-block-heading\">Peelings qu\u00edmicos<\/h3>\n\n\n\n<p>Los peelings qu\u00edmicos son procedimientos que&nbsp;<strong>eliminan las capas superficiales de la piel para mejorar su textura y apariencia<\/strong>. Al tratar de realizar un&nbsp;<a href=\"https:\/\/agenciaseolocal.eu\/bedda\/peeling-facial\/\">peeling<\/a>&nbsp;qu\u00edmico y una depilaci\u00f3n l\u00e1ser en un corto per\u00edodo, podr\u00edas encontrar una especie de competencia entre ellos. Mientras que la depilaci\u00f3n l\u00e1ser busca suavizar y eliminar el vello, el peeling qu\u00edmico busca exfoliar y renovar la piel.<\/p>\n\n\n\n<p>Por este motivo, es recomendable espaciar los tratamientos. Si realizas un peeling qu\u00edmico primero, deber\u00e1s esperar un tiempo adecuado antes de someterte a la depilaci\u00f3n l\u00e1ser, permitiendo que la piel sane adecuadamente. Esta ventana de tiempo puede variar dependiendo de la profundidad del peeling y la sensibilidad de tu piel.<\/p>\n\n\n\n<h3 class=\"wp-block-heading\">Microdermoabrasi\u00f3n<\/h3>\n\n\n\n<p>La microdermoabrasi\u00f3n consiste en&nbsp;<strong>eliminar las c\u00e9lulas muertas<\/strong>, ofreciendo un aspecto fresco y renovado. Si bien es un tratamiento efectivo, al igual que con los peelings qu\u00edmicos, es importante tener cuidado al combinarlo con la depilaci\u00f3n l\u00e1ser.<\/p>\n\n\n\n<p>Al realizar estos tratamientos juntos, la piel puede llegar a estar irritada. Por lo tanto, recomendamos esperar al menos unas semanas entre ambos procedimientos para garantizar que la piel est\u00e9 en su mejor estado y pueda reaccionar favorablemente a la depilaci\u00f3n l\u00e1ser.<\/p>\n\n\n\n<h3 class=\"wp-block-heading\">Tratamientos de hidrataci\u00f3n y rejuvenecimiento<\/h3>\n\n\n\n<p>Las terapias de hidrataci\u00f3n y&nbsp;<a href=\"https:\/\/agenciaseolocal.eu\/bedda\/rejuvenecimiento-facial\/\">rejuvenecimiento<\/a>, como las inyecciones de&nbsp;<a href=\"https:\/\/agenciaseolocal.eu\/bedda\/acido-hialuronico\/\">\u00e1cido hialur\u00f3nico<\/a>, se centran en&nbsp;<strong>revivir la piel y aportar luminosidad<\/strong>. Es posible combinar estos tratamientos con la depilaci\u00f3n l\u00e1ser, pero nuevamente, hay que tener cuidado con el tiempo.<\/p>\n\n\n\n<p>La sinergia entre la hidrataci\u00f3n y la depilaci\u00f3n l\u00e1ser puede ser ventajosa, ya que una piel bien hidratada puede responder mejor a los efectos del l\u00e1ser. Sin embargo, hay que tener en cuenta la sensibilidad de la piel post-tratamiento de l\u00e1ser antes de aplicar productos hidratantes concentrados que puedan causar reacciones adversas.<\/p>\n\n\n\n<h2 class=\"wp-block-heading\">Interacciones de la depilaci\u00f3n l\u00e1ser con otros tratamientos corporales<\/h2>\n\n\n\n<p>M\u00e1s all\u00e1 del rostro, la depilaci\u00f3n l\u00e1ser tambi\u00e9n puede interactuar con otros tratamientos corporales. Aqu\u00ed, la idea es crear un enfoque hol\u00edstico para la est\u00e9tica, donde cada tratamiento complemente al anterior como una sinfon\u00eda arm\u00f3nica.<\/p>\n\n\n\n<h3 class=\"wp-block-heading\">Lifting y tratamientos anti-edad<\/h3>\n\n\n\n<p>Los tratamientos de lifting, tanto quir\u00fargicos como no quir\u00fargicos, tienen como objetivo&nbsp;<strong>tensar y rejuvenecer la piel<\/strong>, mientras que la depilaci\u00f3n l\u00e1ser busca eliminar el vello no deseado. Al considerar estos tratamientos, es esencial discutir tu historial m\u00e9dico y est\u00e9tico con un experto.<\/p>\n\n\n\n<p>La piel tratada con l\u00e1ser podr\u00eda ser m\u00e1s sensible, lo que podr\u00eda influir en los resultados del lifting. Recomendamos tener en cuenta los plazos de recuperaci\u00f3n y posiblemente optar por uno antes que por el otro, asegurando que la piel est\u00e9 completamente recuperada y preparada para el siguiente procedimiento.<\/p>\n\n\n\n<h3 class=\"wp-block-heading\">Celulitis y reducci\u00f3n de grasa<\/h3>\n\n\n\n<p>Los&nbsp;<a href=\"https:\/\/agenciaseolocal.eu\/bedda\/tratamientos\/tratamiento-anticelulitis-bedda\/\">tratamientos para la celulitis<\/a>&nbsp;y la reducci\u00f3n de grasa, como la&nbsp;<strong>lip\u00f3lisis o la cavitaci\u00f3n<\/strong>, buscan esculpir el cuerpo, mientras que la depilaci\u00f3n l\u00e1ser hace lo propio en \u00e1reas espec\u00edficas como las piernas o la l\u00ednea del bikini. Estas interacciones tambi\u00e9n requieren precauci\u00f3n.<\/p>\n\n\n\n<p>Es prudente consultar a un experto que pueda asesorarte sobre el mejor orden y la combinaci\u00f3n de estos tratamientos, asegur\u00e1ndose de que cada uno tenga su espacio para brillar sin interferir con el otro.<\/p>\n\n\n\n<h2 class=\"wp-block-heading\">Centros bedda, expertos en depilaci\u00f3n l\u00e1ser<\/h2>\n\n\n\n<p>Para aquellos interesados en recibir tratamiento de depilaci\u00f3n l\u00e1ser, es importante seleccionar un centro seguro y experimentado. Centros como Centros bedda no solo ofrecen&nbsp;<strong>tecnolog\u00eda puntera<\/strong>, sino tambi\u00e9n un equipo preparado que puede guiarte en la interacci\u00f3n de diversos tratamientos est\u00e9ticos.<\/p>\n","protected":false},"excerpt":{"rendered":"<p>La depilaci\u00f3n l\u00e1ser se ha convertido en una opci\u00f3n popular en&nbsp;Centros bedda&nbsp;para aquellos que buscan una&nbsp;alternativa a los m\u00e9todos tradicionales de eliminaci\u00f3n de vello. Sin embargo, es importante comprender c\u00f3mo este tratamiento puede interactuar con otras terapias est\u00e9ticas y qu\u00e9 consideraciones deben tenerse en cuenta al combinarlas. Interacciones de la depilaci\u00f3n l\u00e1ser con otros tratamientos [&hellip;]<\/p>\n","protected":false},"author":3,"featured_media":987517614,"comment_status":"open","ping_status":"closed","sticky":false,"template":"","format":"standard","meta":{"_et_pb_use_builder":"off","_et_pb_old_content":"","_et_gb_content_width":"","_joinchat":[],"footnotes":""},"categories":[51,65,54],"tags":[],"class_list":["post-987517598","post","type-post","status-publish","format-standard","has-post-thumbnail","hentry","category-blog","category-depilacion","category-medicina-estetica"],"yoast_head":"<!-- This site is optimized with the Yoast SEO plugin v25.9 - https:\/\/yoast.com\/wordpress\/plugins\/seo\/ -->\n<title>Interacci\u00f3n depilaci\u00f3n tratamientos est\u00e9ticos | bedda<\/title>\n<meta name=\"description\" content=\"Entra ahora en el blog de Centros bedda y descubre c\u00f3mo la depilaci\u00f3n l\u00e1ser puede interactuar con otros tratamientos est\u00e9ticos. \u00a1Te lo contamos todo!\" \/>\n<meta name=\"robots\" content=\"noindex, follow, max-snippet:-1, max-image-preview:large, max-video-preview:-1\" \/>\n<meta property=\"og:locale\" content=\"es_ES\" \/>\n<meta property=\"og:type\" content=\"article\" \/>\n<meta property=\"og:title\" content=\"Interacci\u00f3n depilaci\u00f3n tratamientos est\u00e9ticos | bedda\" \/>\n<meta property=\"og:description\" content=\"Entra ahora en el blog de Centros bedda y descubre c\u00f3mo la depilaci\u00f3n l\u00e1ser puede interactuar con otros tratamientos est\u00e9ticos. \u00a1Te lo contamos todo!\" \/>\n<meta property=\"og:url\" content=\"https:\/\/agenciaseolocal.eu\/bedda\/como-depilacion-laser-interactua-con-tratamientos-esteticos\/\" \/>\n<meta property=\"og:site_name\" content=\"Centros bedda\" \/>\n<meta property=\"article:publisher\" content=\"https:\/\/www.facebook.com\/centrobedda\" \/>\n<meta property=\"article:published_time\" content=\"2024-11-05T10:37:14+00:00\" \/>\n<meta property=\"article:modified_time\" content=\"2025-01-15T13:13:23+00:00\" \/>\n<meta property=\"og:image\" content=\"https:\/\/agenciaseolocal.eu\/bedda\/wp-content\/uploads\/2024\/09\/depilacion-laser-post-tratamiento-estetico-mujer-joven.webp\" \/>\n\t<meta property=\"og:image:width\" content=\"1917\" \/>\n\t<meta property=\"og:image:height\" content=\"700\" \/>\n\t<meta property=\"og:image:type\" content=\"image\/webp\" \/>\n<meta name=\"author\" content=\"Centros bedda\" \/>\n<meta name=\"twitter:card\" content=\"summary_large_image\" \/>\n<meta name=\"twitter:creator\" content=\"@centrosbedda\" \/>\n<meta name=\"twitter:site\" content=\"@centrosbedda\" \/>\n<meta name=\"twitter:label1\" content=\"Escrito por\" \/>\n\t<meta name=\"twitter:data1\" content=\"Centros bedda\" \/>\n\t<meta name=\"twitter:label2\" content=\"Tiempo de lectura\" \/>\n\t<meta name=\"twitter:data2\" content=\"4 minutos\" \/>\n<!-- \/ Yoast SEO plugin. -->","yoast_head_json":{"title":"Interacci\u00f3n depilaci\u00f3n tratamientos est\u00e9ticos | bedda","description":"Entra ahora en el blog de Centros bedda y descubre c\u00f3mo la depilaci\u00f3n l\u00e1ser puede interactuar con otros tratamientos est\u00e9ticos. \u00a1Te lo contamos todo!","robots":{"index":"noindex","follow":"follow","max-snippet":"max-snippet:-1","max-image-preview":"max-image-preview:large","max-video-preview":"max-video-preview:-1"},"og_locale":"es_ES","og_type":"article","og_title":"Interacci\u00f3n depilaci\u00f3n tratamientos est\u00e9ticos | bedda","og_description":"Entra ahora en el blog de Centros bedda y descubre c\u00f3mo la depilaci\u00f3n l\u00e1ser puede interactuar con otros tratamientos est\u00e9ticos. \u00a1Te lo contamos todo!","og_url":"https:\/\/agenciaseolocal.eu\/bedda\/como-depilacion-laser-interactua-con-tratamientos-esteticos\/","og_site_name":"Centros bedda","article_publisher":"https:\/\/www.facebook.com\/centrobedda","article_published_time":"2024-11-05T10:37:14+00:00","article_modified_time":"2025-01-15T13:13:23+00:00","og_image":[{"width":1917,"height":700,"url":"https:\/\/agenciaseolocal.eu\/bedda\/wp-content\/uploads\/2024\/09\/depilacion-laser-post-tratamiento-estetico-mujer-joven.webp","type":"image\/webp"}],"author":"Centros bedda","twitter_card":"summary_large_image","twitter_creator":"@centrosbedda","twitter_site":"@centrosbedda","twitter_misc":{"Escrito por":"Centros bedda","Tiempo de lectura":"4 minutos"},"schema":{"@context":"https:\/\/schema.org","@graph":[{"@type":"Article","@id":"https:\/\/agenciaseolocal.eu\/bedda\/como-depilacion-laser-interactua-con-tratamientos-esteticos\/#article","isPartOf":{"@id":"https:\/\/agenciaseolocal.eu\/bedda\/como-depilacion-laser-interactua-con-tratamientos-esteticos\/"},"author":{"name":"Centros bedda","@id":"https:\/\/agenciaseolocal.eu\/bedda\/#\/schema\/person\/ca3010faf67f189fd2de8d61a763fc8b"},"headline":"Interacci\u00f3n depilaci\u00f3n l\u00e1ser con otros tratamientos est\u00e9ticos","datePublished":"2024-11-05T10:37:14+00:00","dateModified":"2025-01-15T13:13:23+00:00","mainEntityOfPage":{"@id":"https:\/\/agenciaseolocal.eu\/bedda\/como-depilacion-laser-interactua-con-tratamientos-esteticos\/"},"wordCount":793,"commentCount":0,"publisher":{"@id":"https:\/\/agenciaseolocal.eu\/bedda\/#organization"},"image":{"@id":"https:\/\/agenciaseolocal.eu\/bedda\/como-depilacion-laser-interactua-con-tratamientos-esteticos\/#primaryimage"},"thumbnailUrl":"https:\/\/agenciaseolocal.eu\/bedda\/wp-content\/uploads\/2024\/09\/depilacion-laser-post-tratamiento-estetico-mujer-joven.webp","articleSection":["Blog","Depilaci\u00f3n","Medicina est\u00e9tica"],"inLanguage":"es","potentialAction":[{"@type":"CommentAction","name":"Comment","target":["https:\/\/agenciaseolocal.eu\/bedda\/como-depilacion-laser-interactua-con-tratamientos-esteticos\/#respond"]}]},{"@type":"WebPage","@id":"https:\/\/agenciaseolocal.eu\/bedda\/como-depilacion-laser-interactua-con-tratamientos-esteticos\/","url":"https:\/\/agenciaseolocal.eu\/bedda\/como-depilacion-laser-interactua-con-tratamientos-esteticos\/","name":"Interacci\u00f3n depilaci\u00f3n tratamientos est\u00e9ticos | bedda","isPartOf":{"@id":"https:\/\/agenciaseolocal.eu\/bedda\/#website"},"primaryImageOfPage":{"@id":"https:\/\/agenciaseolocal.eu\/bedda\/como-depilacion-laser-interactua-con-tratamientos-esteticos\/#primaryimage"},"image":{"@id":"https:\/\/agenciaseolocal.eu\/bedda\/como-depilacion-laser-interactua-con-tratamientos-esteticos\/#primaryimage"},"thumbnailUrl":"https:\/\/agenciaseolocal.eu\/bedda\/wp-content\/uploads\/2024\/09\/depilacion-laser-post-tratamiento-estetico-mujer-joven.webp","datePublished":"2024-11-05T10:37:14+00:00","dateModified":"2025-01-15T13:13:23+00:00","description":"Entra ahora en el blog de Centros bedda y descubre c\u00f3mo la depilaci\u00f3n l\u00e1ser puede interactuar con otros tratamientos est\u00e9ticos. \u00a1Te lo contamos todo!","breadcrumb":{"@id":"https:\/\/agenciaseolocal.eu\/bedda\/como-depilacion-laser-interactua-con-tratamientos-esteticos\/#breadcrumb"},"inLanguage":"es","potentialAction":[{"@type":"ReadAction","target":["https:\/\/agenciaseolocal.eu\/bedda\/como-depilacion-laser-interactua-con-tratamientos-esteticos\/"]}]},{"@type":"ImageObject","inLanguage":"es","@id":"https:\/\/agenciaseolocal.eu\/bedda\/como-depilacion-laser-interactua-con-tratamientos-esteticos\/#primaryimage","url":"https:\/\/agenciaseolocal.eu\/bedda\/wp-content\/uploads\/2024\/09\/depilacion-laser-post-tratamiento-estetico-mujer-joven.webp","contentUrl":"https:\/\/agenciaseolocal.eu\/bedda\/wp-content\/uploads\/2024\/09\/depilacion-laser-post-tratamiento-estetico-mujer-joven.webp","width":1917,"height":700,"caption":"depilacion laser post tratamiento estetico mujer joven"},{"@type":"BreadcrumbList","@id":"https:\/\/agenciaseolocal.eu\/bedda\/como-depilacion-laser-interactua-con-tratamientos-esteticos\/#breadcrumb","itemListElement":[{"@type":"ListItem","position":1,"name":"Portada","item":"https:\/\/agenciaseolocal.eu\/bedda\/"},{"@type":"ListItem","position":2,"name":"Interacci\u00f3n depilaci\u00f3n l\u00e1ser con otros tratamientos est\u00e9ticos"}]},{"@type":"WebSite","@id":"https:\/\/agenciaseolocal.eu\/bedda\/#website","url":"https:\/\/agenciaseolocal.eu\/bedda\/","name":"Centros bedda","description":"Centro de depilaci\u00f3n l\u00e1ser","publisher":{"@id":"https:\/\/agenciaseolocal.eu\/bedda\/#organization"},"potentialAction":[{"@type":"SearchAction","target":{"@type":"EntryPoint","urlTemplate":"https:\/\/agenciaseolocal.eu\/bedda\/?s={search_term_string}"},"query-input":{"@type":"PropertyValueSpecification","valueRequired":true,"valueName":"search_term_string"}}],"inLanguage":"es"},{"@type":"Organization","@id":"https:\/\/agenciaseolocal.eu\/bedda\/#organization","name":"Centros bedda","url":"https:\/\/agenciaseolocal.eu\/bedda\/","logo":{"@type":"ImageObject","inLanguage":"es","@id":"https:\/\/agenciaseolocal.eu\/bedda\/#\/schema\/logo\/image\/","url":"https:\/\/agenciaseolocal.eu\/bedda\/wp-content\/uploads\/2024\/04\/centros-bedda-depilacion-laser-logo.png","contentUrl":"https:\/\/agenciaseolocal.eu\/bedda\/wp-content\/uploads\/2024\/04\/centros-bedda-depilacion-laser-logo.png","width":220,"height":220,"caption":"Centros bedda"},"image":{"@id":"https:\/\/agenciaseolocal.eu\/bedda\/#\/schema\/logo\/image\/"},"sameAs":["https:\/\/www.facebook.com\/centrobedda","https:\/\/x.com\/centrosbedda","https:\/\/www.youtube.com\/channel\/UCV57tDnQcnHfTici1funk4g?app=desktop","https:\/\/www.instagram.com\/centrosbedda\/","https:\/\/www.linkedin.com\/company\/centros-bedda\/"]},{"@type":"Person","@id":"https:\/\/agenciaseolocal.eu\/bedda\/#\/schema\/person\/ca3010faf67f189fd2de8d61a763fc8b","name":"Centros bedda","image":{"@type":"ImageObject","inLanguage":"es","@id":"https:\/\/agenciaseolocal.eu\/bedda\/#\/schema\/person\/image\/","url":"https:\/\/secure.gravatar.com\/avatar\/ea1f00b0a249719594f6b50ee5d3214c2c192531d8f80f789208e2aa9605ac08?s=96&d=mm&r=g","contentUrl":"https:\/\/secure.gravatar.com\/avatar\/ea1f00b0a249719594f6b50ee5d3214c2c192531d8f80f789208e2aa9605ac08?s=96&d=mm&r=g","caption":"Centros bedda"},"url":"https:\/\/agenciaseolocal.eu\/bedda\/author\/mktpmp_gedfwb31y\/"}]}},"_links":{"self":[{"href":"https:\/\/agenciaseolocal.eu\/bedda\/wp-json\/wp\/v2\/posts\/987517598","targetHints":{"allow":["GET"]}}],"collection":[{"href":"https:\/\/agenciaseolocal.eu\/bedda\/wp-json\/wp\/v2\/posts"}],"about":[{"href":"https:\/\/agenciaseolocal.eu\/bedda\/wp-json\/wp\/v2\/types\/post"}],"author":[{"embeddable":true,"href":"https:\/\/agenciaseolocal.eu\/bedda\/wp-json\/wp\/v2\/users\/3"}],"replies":[{"embeddable":true,"href":"https:\/\/agenciaseolocal.eu\/bedda\/wp-json\/wp\/v2\/comments?post=987517598"}],"version-history":[{"count":2,"href":"https:\/\/agenciaseolocal.eu\/bedda\/wp-json\/wp\/v2\/posts\/987517598\/revisions"}],"predecessor-version":[{"id":987518265,"href":"https:\/\/agenciaseolocal.eu\/bedda\/wp-json\/wp\/v2\/posts\/987517598\/revisions\/987518265"}],"wp:featuredmedia":[{"embeddable":true,"href":"https:\/\/agenciaseolocal.eu\/bedda\/wp-json\/wp\/v2\/media\/987517614"}],"wp:attachment":[{"href":"https:\/\/agenciaseolocal.eu\/bedda\/wp-json\/wp\/v2\/media?parent=987517598"}],"wp:term":[{"taxonomy":"category","embeddable":true,"href":"https:\/\/agenciaseolocal.eu\/bedda\/wp-json\/wp\/v2\/categories?post=987517598"},{"taxonomy":"post_tag","embeddable":true,"href":"https:\/\/agenciaseolocal.eu\/bedda\/wp-json\/wp\/v2\/tags?post=987517598"}],"curies":[{"name":"wp","href":"https:\/\/api.w.org\/{rel}","templated":true}]}}