{"id":987517599,"date":"2024-11-12T12:55:43","date_gmt":"2024-11-12T11:55:43","guid":{"rendered":"https:\/\/centrosbedda.com\/?p=987517599"},"modified":"2025-01-15T14:47:20","modified_gmt":"2025-01-15T13:47:20","slug":"estrategias-manejar-ansiedad-miedo-primera-sesion-depilacion-laser","status":"publish","type":"post","link":"https:\/\/agenciaseolocal.eu\/bedda\/estrategias-manejar-ansiedad-miedo-primera-sesion-depilacion-laser\/","title":{"rendered":"Estrategias para manejar ansiedad y miedo antes de depilaci\u00f3n l\u00e1ser"},"content":{"rendered":"\n<p>En&nbsp;<a href=\"https:\/\/agenciaseolocal.eu\/bedda\/\">Centros bedda<\/a>&nbsp;sabemos que la ansiedad y el miedo antes de tu primera sesi\u00f3n de depilaci\u00f3n l\u00e1ser son comunes. Para enferentarlos, te recomendamos<strong>&nbsp;t\u00e9cnicas de relajaci\u00f3n<\/strong>, como la respiraci\u00f3n profunda y mantener una actitud positiva. Con la orientaci\u00f3n adecuada, tu experiencia ser\u00e1 mucho m\u00e1s tranquila y c\u00f3moda.<\/p>\n\n\n\n<h2 class=\"wp-block-heading\">Estrategias para manejar la ansiedad y el miedo<\/h2>\n\n\n\n<p>La depilaci\u00f3n l\u00e1ser puede ser una experiencia transformadora. Sin embargo,&nbsp;<strong>es natural sentir ansiedad y miedo antes de la primera sesi\u00f3n<\/strong>. Las estrategias adecuadas pueden ayudarte a enfrentarlos y convertir esta experiencia en algo m\u00e1s positivo.<\/p>\n\n\n\n<p>Primero, es importante entender que tus emociones son v\u00e1lidas. La anticipaci\u00f3n de un nuevo procedimiento a menudo provoca dudas. No obstante, al estar bien preparados y contar con la informaci\u00f3n necesaria, podr\u00e1s afrontar la situaci\u00f3n con m\u00e1s seguridad.<\/p>\n\n\n\n<h2 class=\"wp-block-heading\">\u00bfQu\u00e9 puedo esperar de una sesi\u00f3n de depilaci\u00f3n l\u00e1ser?<\/h2>\n\n\n\n<p>La primera sesi\u00f3n de depilaci\u00f3n l\u00e1ser podr\u00eda parecer un territorio desconocido, pero&nbsp;<strong>conocer el proceso&nbsp;<\/strong>puede darte seguridad. Durante la sesi\u00f3n, un especialista aplicar\u00e1 un l\u00e1ser en tu piel con el objetivo de eliminar el vello de manera efectiva.<\/p>\n\n\n\n<p>Este proceso puede incluir m\u00faltiples pasos: primero, una evaluaci\u00f3n de tu tipo de piel y vello; luego, se aplicar\u00e1 un gel fr\u00edo para proteger la piel. Es importante recordar que el procedimiento suele durar solo unos minutos por \u00e1rea, lo que te permitir\u00e1 aprovechar al m\u00e1ximo tu tiempo en el centro de est\u00e9tica.<\/p>\n\n\n\n<h2 class=\"wp-block-heading\">Miedos comunes antes de la primera sesi\u00f3n de depilaci\u00f3n l\u00e1ser<\/h2>\n\n\n\n<h3 class=\"wp-block-heading\">Miedo al dolor<\/h3>\n\n\n\n<p>El <a href=\"https:\/\/agenciaseolocal.eu\/bedda\/como-superar-miedo-depilacion-laser\/\">miedo al dolor<\/a> es uno de los principales obst\u00e1culos que enfrentan muchas personas. Algunas describen la sensaci\u00f3n como un leve pinchazo. Sin embargo, <strong>cada persona tiene un umbral de dolor diferente<\/strong> y es \u00fatil prepararte mentalmente para esta experiencia.<\/p>\n\n\n\n<p>Los avances tecnol\u00f3gicos en las m\u00e1quinas de depilaci\u00f3n l\u00e1ser han mejorado la experiencia, haciendo que sea m\u00e1s tolerable. En Centros bedda contamos con la <strong>mejor tecnolog\u00eda laser Leaseir\u00ae<\/strong>, el l\u00e1ser mas r\u00e1pido y potente del mercado que con su puntera fr\u00eda, consigue un efecto que mitiga la sensaci\u00f3n de dolor.<\/p>\n\n\n\n<h3 class=\"wp-block-heading\">Temor a efectos secundarios<\/h3>\n\n\n\n<p>Las preocupaciones sobre los efectos secundarios son a veces m\u00e1s grandes de lo que realmente son. Es posible<strong>&nbsp;experimentar enrojecimiento o hinchaz\u00f3n leve<\/strong>, similares a las picaduras de insectos, pero estos efectos suelen ser temporales.<\/p>\n\n\n\n<p>Con la adecuada preparaci\u00f3n y el seguimiento de las recomendaciones post-tratamiento, los efectos secundarios graves son raros. Es vital discutir tus inquietudes con el especialista que realizar\u00e1 la sesi\u00f3n, quien te proporcionar\u00e1 informaci\u00f3n para eliminar incertidumbres.<\/p>\n\n\n\n<h3 class=\"wp-block-heading\">Inseguridades sobre los resultados<\/h3>\n\n\n\n<p>Muchas personas se preguntan si la depilaci\u00f3n l\u00e1ser realmente funcionar\u00e1 para ellas. Este temor a menudo surge del desconocido resultado final.<\/p>\n\n\n\n<p>Es crucial recordar que&nbsp;<strong>cada piel es diferente y que se requiere un tratamiento continuo<\/strong>&nbsp;para obtener resultados \u00f3ptimos. Conversar sobre tus expectativas con el especialista puede sembrar la semilla de seguridad que necesitas para proceder. \u00a1Visualiza los resultados positivos y piensa en c\u00f3mo se sentir\u00e1 tu piel despu\u00e9s del tratamiento!<\/p>\n\n\n\n<h2 class=\"wp-block-heading\">Estrategias para reducir la ansiedad<\/h2>\n\n\n\n<h3 class=\"wp-block-heading\">Investiga sobre el procedimiento<\/h3>\n\n\n\n<p>El conocimiento es una herramienta poderosa. Investigar sobre el procedimiento puede proporcionarte una visi\u00f3n clara de lo que suceder\u00e1.&nbsp;<strong>Consulta fuentes seguras, habla con personas que hayan pasado por la experiencia<\/strong>&nbsp;y obt\u00e9n informaci\u00f3n verificada.<\/p>\n\n\n\n<h3 class=\"wp-block-heading\">Realiza ejercicios de respiraci\u00f3n y meditaci\u00f3n<\/h3>\n\n\n\n<p>Practicar el control de la respiraci\u00f3n puede ayudarte a relajarte antes de la cita y durante el procedimiento.<\/p>\n\n\n\n<p><strong>Dedica unos minutos al d\u00eda para hacer ejercicios de respiraci\u00f3n profunda<\/strong>, donde inhales lentamente por la nariz y exhales suavemente por la boca. Meditar incluso unos minutos antes de tu sesi\u00f3n puede ayudarte a calmar la mente.<\/p>\n\n\n\n<h3 class=\"wp-block-heading\">Discute tus preocupaciones con el experto en depilaci\u00f3n l\u00e1ser<\/h3>\n\n\n\n<p>La comunicaci\u00f3n es la clave para la tranquilidad.&nbsp;<strong>Hablar sobre tus miedos y ansiedades con el especialista en depilaci\u00f3n l\u00e1ser&nbsp;<\/strong>puede proporcionarte una sensaci\u00f3n de apoyo y comprensi\u00f3n. Un buen especialista estar\u00e1 dispuesto a responder todas tus preguntas y a ofrecerte seguridad.&nbsp;<\/p>\n","protected":false},"excerpt":{"rendered":"<p>En&nbsp;Centros bedda&nbsp;sabemos que la ansiedad y el miedo antes de tu primera sesi\u00f3n de depilaci\u00f3n l\u00e1ser son comunes. Para enferentarlos, te recomendamos&nbsp;t\u00e9cnicas de relajaci\u00f3n, como la respiraci\u00f3n profunda y mantener una actitud positiva. Con la orientaci\u00f3n adecuada, tu experiencia ser\u00e1 mucho m\u00e1s tranquila y c\u00f3moda. Estrategias para manejar la ansiedad y el miedo La depilaci\u00f3n [&hellip;]<\/p>\n","protected":false},"author":3,"featured_media":987517616,"comment_status":"open","ping_status":"closed","sticky":false,"template":"","format":"standard","meta":{"_et_pb_use_builder":"off","_et_pb_old_content":"","_et_gb_content_width":"","_joinchat":[],"footnotes":""},"categories":[51,65],"tags":[],"class_list":["post-987517599","post","type-post","status-publish","format-standard","has-post-thumbnail","hentry","category-blog","category-depilacion"],"yoast_head":"<!-- This site is optimized with the Yoast SEO plugin v25.9 - https:\/\/yoast.com\/wordpress\/plugins\/seo\/ -->\n<title>Manejar ansiedad y miedo en sesi\u00f3n depilaci\u00f3n | bedda<\/title>\n<meta name=\"description\" content=\"Entra ahora en Centros bedda y descubre las estrategias para manejar la ansiedad y miedo antes de tu primera sesi\u00f3n de depilaci\u00f3n l\u00e1ser. \u00a1Te lo contamos!\" \/>\n<meta name=\"robots\" content=\"noindex, follow, max-snippet:-1, max-image-preview:large, max-video-preview:-1\" \/>\n<meta property=\"og:locale\" content=\"es_ES\" \/>\n<meta property=\"og:type\" content=\"article\" \/>\n<meta property=\"og:title\" content=\"Manejar ansiedad y miedo en sesi\u00f3n depilaci\u00f3n | bedda\" \/>\n<meta property=\"og:description\" content=\"Entra ahora en Centros bedda y descubre las estrategias para manejar la ansiedad y miedo antes de tu primera sesi\u00f3n de depilaci\u00f3n l\u00e1ser. \u00a1Te lo contamos!\" \/>\n<meta property=\"og:url\" content=\"https:\/\/agenciaseolocal.eu\/bedda\/estrategias-manejar-ansiedad-miedo-primera-sesion-depilacion-laser\/\" \/>\n<meta property=\"og:site_name\" content=\"Centros bedda\" \/>\n<meta property=\"article:publisher\" content=\"https:\/\/www.facebook.com\/centrobedda\" \/>\n<meta property=\"article:published_time\" content=\"2024-11-12T11:55:43+00:00\" \/>\n<meta property=\"article:modified_time\" content=\"2025-01-15T13:47:20+00:00\" \/>\n<meta property=\"og:image\" content=\"https:\/\/agenciaseolocal.eu\/bedda\/wp-content\/uploads\/2024\/09\/paciente-con-miedo-ansiedad-en-terapia-de-depilacion-laser.webp\" \/>\n\t<meta property=\"og:image:width\" content=\"2000\" \/>\n\t<meta property=\"og:image:height\" content=\"700\" \/>\n\t<meta property=\"og:image:type\" content=\"image\/webp\" \/>\n<meta name=\"author\" content=\"Centros bedda\" \/>\n<meta name=\"twitter:card\" content=\"summary_large_image\" \/>\n<meta name=\"twitter:creator\" content=\"@centrosbedda\" \/>\n<meta name=\"twitter:site\" content=\"@centrosbedda\" \/>\n<meta name=\"twitter:label1\" content=\"Escrito por\" \/>\n\t<meta name=\"twitter:data1\" content=\"Centros bedda\" \/>\n\t<meta name=\"twitter:label2\" content=\"Tiempo de lectura\" \/>\n\t<meta name=\"twitter:data2\" content=\"4 minutos\" \/>\n<!-- \/ Yoast SEO plugin. -->","yoast_head_json":{"title":"Manejar ansiedad y miedo en sesi\u00f3n depilaci\u00f3n | bedda","description":"Entra ahora en Centros bedda y descubre las estrategias para manejar la ansiedad y miedo antes de tu primera sesi\u00f3n de depilaci\u00f3n l\u00e1ser. \u00a1Te lo contamos!","robots":{"index":"noindex","follow":"follow","max-snippet":"max-snippet:-1","max-image-preview":"max-image-preview:large","max-video-preview":"max-video-preview:-1"},"og_locale":"es_ES","og_type":"article","og_title":"Manejar ansiedad y miedo en sesi\u00f3n depilaci\u00f3n | bedda","og_description":"Entra ahora en Centros bedda y descubre las estrategias para manejar la ansiedad y miedo antes de tu primera sesi\u00f3n de depilaci\u00f3n l\u00e1ser. \u00a1Te lo contamos!","og_url":"https:\/\/agenciaseolocal.eu\/bedda\/estrategias-manejar-ansiedad-miedo-primera-sesion-depilacion-laser\/","og_site_name":"Centros bedda","article_publisher":"https:\/\/www.facebook.com\/centrobedda","article_published_time":"2024-11-12T11:55:43+00:00","article_modified_time":"2025-01-15T13:47:20+00:00","og_image":[{"width":2000,"height":700,"url":"https:\/\/agenciaseolocal.eu\/bedda\/wp-content\/uploads\/2024\/09\/paciente-con-miedo-ansiedad-en-terapia-de-depilacion-laser.webp","type":"image\/webp"}],"author":"Centros bedda","twitter_card":"summary_large_image","twitter_creator":"@centrosbedda","twitter_site":"@centrosbedda","twitter_misc":{"Escrito por":"Centros bedda","Tiempo de lectura":"4 minutos"},"schema":{"@context":"https:\/\/schema.org","@graph":[{"@type":"Article","@id":"https:\/\/agenciaseolocal.eu\/bedda\/estrategias-manejar-ansiedad-miedo-primera-sesion-depilacion-laser\/#article","isPartOf":{"@id":"https:\/\/agenciaseolocal.eu\/bedda\/estrategias-manejar-ansiedad-miedo-primera-sesion-depilacion-laser\/"},"author":{"name":"Centros bedda","@id":"https:\/\/agenciaseolocal.eu\/bedda\/#\/schema\/person\/ca3010faf67f189fd2de8d61a763fc8b"},"headline":"Estrategias para manejar ansiedad y miedo antes de depilaci\u00f3n l\u00e1ser","datePublished":"2024-11-12T11:55:43+00:00","dateModified":"2025-01-15T13:47:20+00:00","mainEntityOfPage":{"@id":"https:\/\/agenciaseolocal.eu\/bedda\/estrategias-manejar-ansiedad-miedo-primera-sesion-depilacion-laser\/"},"wordCount":740,"commentCount":0,"publisher":{"@id":"https:\/\/agenciaseolocal.eu\/bedda\/#organization"},"image":{"@id":"https:\/\/agenciaseolocal.eu\/bedda\/estrategias-manejar-ansiedad-miedo-primera-sesion-depilacion-laser\/#primaryimage"},"thumbnailUrl":"https:\/\/agenciaseolocal.eu\/bedda\/wp-content\/uploads\/2024\/09\/paciente-con-miedo-ansiedad-en-terapia-de-depilacion-laser.webp","articleSection":["Blog","Depilaci\u00f3n"],"inLanguage":"es","potentialAction":[{"@type":"CommentAction","name":"Comment","target":["https:\/\/agenciaseolocal.eu\/bedda\/estrategias-manejar-ansiedad-miedo-primera-sesion-depilacion-laser\/#respond"]}]},{"@type":"WebPage","@id":"https:\/\/agenciaseolocal.eu\/bedda\/estrategias-manejar-ansiedad-miedo-primera-sesion-depilacion-laser\/","url":"https:\/\/agenciaseolocal.eu\/bedda\/estrategias-manejar-ansiedad-miedo-primera-sesion-depilacion-laser\/","name":"Manejar ansiedad y miedo en sesi\u00f3n depilaci\u00f3n | bedda","isPartOf":{"@id":"https:\/\/agenciaseolocal.eu\/bedda\/#website"},"primaryImageOfPage":{"@id":"https:\/\/agenciaseolocal.eu\/bedda\/estrategias-manejar-ansiedad-miedo-primera-sesion-depilacion-laser\/#primaryimage"},"image":{"@id":"https:\/\/agenciaseolocal.eu\/bedda\/estrategias-manejar-ansiedad-miedo-primera-sesion-depilacion-laser\/#primaryimage"},"thumbnailUrl":"https:\/\/agenciaseolocal.eu\/bedda\/wp-content\/uploads\/2024\/09\/paciente-con-miedo-ansiedad-en-terapia-de-depilacion-laser.webp","datePublished":"2024-11-12T11:55:43+00:00","dateModified":"2025-01-15T13:47:20+00:00","description":"Entra ahora en Centros bedda y descubre las estrategias para manejar la ansiedad y miedo antes de tu primera sesi\u00f3n de depilaci\u00f3n l\u00e1ser. \u00a1Te lo contamos!","breadcrumb":{"@id":"https:\/\/agenciaseolocal.eu\/bedda\/estrategias-manejar-ansiedad-miedo-primera-sesion-depilacion-laser\/#breadcrumb"},"inLanguage":"es","potentialAction":[{"@type":"ReadAction","target":["https:\/\/agenciaseolocal.eu\/bedda\/estrategias-manejar-ansiedad-miedo-primera-sesion-depilacion-laser\/"]}]},{"@type":"ImageObject","inLanguage":"es","@id":"https:\/\/agenciaseolocal.eu\/bedda\/estrategias-manejar-ansiedad-miedo-primera-sesion-depilacion-laser\/#primaryimage","url":"https:\/\/agenciaseolocal.eu\/bedda\/wp-content\/uploads\/2024\/09\/paciente-con-miedo-ansiedad-en-terapia-de-depilacion-laser.webp","contentUrl":"https:\/\/agenciaseolocal.eu\/bedda\/wp-content\/uploads\/2024\/09\/paciente-con-miedo-ansiedad-en-terapia-de-depilacion-laser.webp","width":2000,"height":700,"caption":"paciente con miedo ansiedad en terapia de depilacion laser"},{"@type":"BreadcrumbList","@id":"https:\/\/agenciaseolocal.eu\/bedda\/estrategias-manejar-ansiedad-miedo-primera-sesion-depilacion-laser\/#breadcrumb","itemListElement":[{"@type":"ListItem","position":1,"name":"Portada","item":"https:\/\/agenciaseolocal.eu\/bedda\/"},{"@type":"ListItem","position":2,"name":"Estrategias para manejar ansiedad y miedo antes de depilaci\u00f3n l\u00e1ser"}]},{"@type":"WebSite","@id":"https:\/\/agenciaseolocal.eu\/bedda\/#website","url":"https:\/\/agenciaseolocal.eu\/bedda\/","name":"Centros bedda","description":"Centro de depilaci\u00f3n l\u00e1ser","publisher":{"@id":"https:\/\/agenciaseolocal.eu\/bedda\/#organization"},"potentialAction":[{"@type":"SearchAction","target":{"@type":"EntryPoint","urlTemplate":"https:\/\/agenciaseolocal.eu\/bedda\/?s={search_term_string}"},"query-input":{"@type":"PropertyValueSpecification","valueRequired":true,"valueName":"search_term_string"}}],"inLanguage":"es"},{"@type":"Organization","@id":"https:\/\/agenciaseolocal.eu\/bedda\/#organization","name":"Centros bedda","url":"https:\/\/agenciaseolocal.eu\/bedda\/","logo":{"@type":"ImageObject","inLanguage":"es","@id":"https:\/\/agenciaseolocal.eu\/bedda\/#\/schema\/logo\/image\/","url":"https:\/\/agenciaseolocal.eu\/bedda\/wp-content\/uploads\/2024\/04\/centros-bedda-depilacion-laser-logo.png","contentUrl":"https:\/\/agenciaseolocal.eu\/bedda\/wp-content\/uploads\/2024\/04\/centros-bedda-depilacion-laser-logo.png","width":220,"height":220,"caption":"Centros bedda"},"image":{"@id":"https:\/\/agenciaseolocal.eu\/bedda\/#\/schema\/logo\/image\/"},"sameAs":["https:\/\/www.facebook.com\/centrobedda","https:\/\/x.com\/centrosbedda","https:\/\/www.youtube.com\/channel\/UCV57tDnQcnHfTici1funk4g?app=desktop","https:\/\/www.instagram.com\/centrosbedda\/","https:\/\/www.linkedin.com\/company\/centros-bedda\/"]},{"@type":"Person","@id":"https:\/\/agenciaseolocal.eu\/bedda\/#\/schema\/person\/ca3010faf67f189fd2de8d61a763fc8b","name":"Centros bedda","image":{"@type":"ImageObject","inLanguage":"es","@id":"https:\/\/agenciaseolocal.eu\/bedda\/#\/schema\/person\/image\/","url":"https:\/\/secure.gravatar.com\/avatar\/ea1f00b0a249719594f6b50ee5d3214c2c192531d8f80f789208e2aa9605ac08?s=96&d=mm&r=g","contentUrl":"https:\/\/secure.gravatar.com\/avatar\/ea1f00b0a249719594f6b50ee5d3214c2c192531d8f80f789208e2aa9605ac08?s=96&d=mm&r=g","caption":"Centros bedda"},"url":"https:\/\/agenciaseolocal.eu\/bedda\/author\/mktpmp_gedfwb31y\/"}]}},"_links":{"self":[{"href":"https:\/\/agenciaseolocal.eu\/bedda\/wp-json\/wp\/v2\/posts\/987517599","targetHints":{"allow":["GET"]}}],"collection":[{"href":"https:\/\/agenciaseolocal.eu\/bedda\/wp-json\/wp\/v2\/posts"}],"about":[{"href":"https:\/\/agenciaseolocal.eu\/bedda\/wp-json\/wp\/v2\/types\/post"}],"author":[{"embeddable":true,"href":"https:\/\/agenciaseolocal.eu\/bedda\/wp-json\/wp\/v2\/users\/3"}],"replies":[{"embeddable":true,"href":"https:\/\/agenciaseolocal.eu\/bedda\/wp-json\/wp\/v2\/comments?post=987517599"}],"version-history":[{"count":4,"href":"https:\/\/agenciaseolocal.eu\/bedda\/wp-json\/wp\/v2\/posts\/987517599\/revisions"}],"predecessor-version":[{"id":987518308,"href":"https:\/\/agenciaseolocal.eu\/bedda\/wp-json\/wp\/v2\/posts\/987517599\/revisions\/987518308"}],"wp:featuredmedia":[{"embeddable":true,"href":"https:\/\/agenciaseolocal.eu\/bedda\/wp-json\/wp\/v2\/media\/987517616"}],"wp:attachment":[{"href":"https:\/\/agenciaseolocal.eu\/bedda\/wp-json\/wp\/v2\/media?parent=987517599"}],"wp:term":[{"taxonomy":"category","embeddable":true,"href":"https:\/\/agenciaseolocal.eu\/bedda\/wp-json\/wp\/v2\/categories?post=987517599"},{"taxonomy":"post_tag","embeddable":true,"href":"https:\/\/agenciaseolocal.eu\/bedda\/wp-json\/wp\/v2\/tags?post=987517599"}],"curies":[{"name":"wp","href":"https:\/\/api.w.org\/{rel}","templated":true}]}}