{"id":987517603,"date":"2024-12-02T11:40:57","date_gmt":"2024-12-02T10:40:57","guid":{"rendered":"https:\/\/centrosbedda.com\/?p=987517603"},"modified":"2024-12-09T11:13:09","modified_gmt":"2024-12-09T10:13:09","slug":"como-genetica-influye-resultados-depilacion-laser","status":"publish","type":"post","link":"https:\/\/agenciaseolocal.eu\/bedda\/como-genetica-influye-resultados-depilacion-laser\/","title":{"rendered":"C\u00f3mo la gen\u00e9tica influye en los resultados de la depilaci\u00f3n l\u00e1ser"},"content":{"rendered":"\n<p>La depilaci\u00f3n l\u00e1ser ha revolucionado la forma en que las personas abordan la eliminaci\u00f3n del vello no deseado en&nbsp;<a href=\"https:\/\/agenciaseolocal.eu\/bedda\/\">Centros bedda<\/a>. Sin embargo,&nbsp;<strong>los resultados de este tratamiento no son uniformes para todos<\/strong>. Uno de los factores m\u00e1s destacados que juegan un papel crucial en la efectividad de este procedimiento es la gen\u00e9tica.<\/p>\n\n\n\n<h2 class=\"wp-block-heading\">Rol de la gen\u00e9tica en el crecimiento del vello<\/h2>\n\n\n\n<p>El&nbsp;<a href=\"https:\/\/agenciaseolocal.eu\/bedda\/etapas-crecimiento-vello\/\">crecimiento del vello<\/a>&nbsp;en cada persona est\u00e1 influenciado en gran medida por factores gen\u00e9ticos. La herencia puede jugar un papel en la cantidad de vello que una persona tiene y en la velocidad de su crecimiento.<\/p>\n\n\n\n<p>Por ejemplo, algunos individuos pueden tener un crecimiento de vello m\u00e1s r\u00e1pido y denso debido a su perfil gen\u00e9tico, lo que significa que podr\u00edan requerir m\u00e1s sesiones de depilaci\u00f3n l\u00e1ser para obtener los resultados deseados. Por lo tanto,&nbsp;<strong>conocer el legado gen\u00e9tico de una persona permite una mejor planificaci\u00f3n del tratamiento<\/strong>.<\/p>\n\n\n\n<h2 class=\"wp-block-heading\">Factores gen\u00e9ticos que afectan el vello<\/h2>\n\n\n\n<p>Existen varios factores gen\u00e9ticos que pueden afectar tanto la cantidad como la calidad del vello. Estos incluyen:<\/p>\n\n\n\n<ul class=\"wp-block-list\">\n<li>Color del vello: Gen\u00e9ticamente, las personas pueden tener vello que<strong>\u00a0var\u00eda en color<\/strong>, desde rubio claro hasta negro azabache.<\/li>\n\n\n\n<li>Textura del vello: La gen\u00e9tica determina si el vello es fino o grueso, algo que influye en c\u00f3mo el l\u00e1ser lo identifica.<\/li>\n\n\n\n<li>Densidad del vello: Algunas personas pueden tener\u00a0<strong>vello m\u00e1s denso<\/strong>, lo que podr\u00eda afectar el n\u00famero de sesiones necesarias.<\/li>\n<\/ul>\n\n\n\n<p>Estos factores resaltan la importancia de una evaluaci\u00f3n gen\u00e9tica antes de comenzar el tratamiento, proporcionando una comprensi\u00f3n m\u00e1s clara del camino a seguir.<\/p>\n\n\n\n<h2 class=\"wp-block-heading\">Gen\u00e9tica y efectividad de la depilaci\u00f3n l\u00e1ser<\/h2>\n\n\n\n<p>La efectividad de la depilaci\u00f3n l\u00e1ser est\u00e1 profundamente influenciada por la gen\u00e9tica. Las caracter\u00edsticas como el<strong>&nbsp;contraste entre el color del vello y el tono de piel&nbsp;<\/strong>afectan la absorci\u00f3n de la luz l\u00e1ser. Un vello oscuro en piel clara, por ejemplo, absorber\u00e1 m\u00e1s energ\u00eda l\u00e1ser, lo que a menudo resulta en un tratamiento m\u00e1s efectivo.<\/p>\n\n\n\n<p>Por el contrario, en situaciones donde la piel y el vello tienen una pigmentaci\u00f3n similar, la efectividad del tratamiento puede ser menor.&nbsp;<\/p>\n\n\n\n<h2 class=\"wp-block-heading\">Impacto del color y tipo de vello<\/h2>\n\n\n\n<p>El color y tipo de vello tambi\u00e9n juegan roles cr\u00edticos en los resultados de la depilaci\u00f3n l\u00e1ser.&nbsp;<strong>Los vellos oscuros, por lo general, se tratan m\u00e1s f\u00e1cilmente que los vellos rubios o grises, porque el l\u00e1ser se dirige al pigmento<\/strong>. Esto significa que aquellos con vello rubio pueden necesitar sesiones m\u00e1s frecuentes o explorar otras opciones de eliminaci\u00f3n de vello, mientras que el l\u00e1ser es muy efectivo para quienes tienen vello m\u00e1s oscuro.<\/p>\n\n\n\n<h2 class=\"wp-block-heading\">Influencia de la pigmentaci\u00f3n de la piel<\/h2>\n\n\n\n<p>La pigmentaci\u00f3n de la piel no solo afecta c\u00f3mo se comporta el vello ante el l\u00e1ser, sino que tambi\u00e9n es una consideraci\u00f3n crucial para la seguridad de la paciente. En este contexto, la gen\u00e9tica act\u00faa como el filtro que define el rango de luz que se puede utilizar de forma segura.<\/p>\n\n\n\n<p><strong>Las pieles m\u00e1s oscuras pueden absorber m\u00e1s calor del l\u00e1ser, aumentando el riesgo de da\u00f1o<\/strong>. Por ello, los especialistas utilizan tecnolog\u00eda espec\u00edfica para adaptar el&nbsp;<a href=\"https:\/\/agenciaseolocal.eu\/bedda\/tratamientos-manchas-cara\/\">tratamiento a la pigmentaci\u00f3n de la piel<\/a>, garantizando un resultado tanto seguro como efectivo.<\/p>\n\n\n\n<h2 class=\"wp-block-heading\">Personalizaci\u00f3n del tratamiento seg\u00fan el perfil gen\u00e9tico<\/h2>\n\n\n\n<p>La depilaci\u00f3n l\u00e1ser no debe ser una experiencia gen\u00e9rica. Al evaluar cada perfil gen\u00e9tico, se pueden personalizar los tratamientos, mejorando as\u00ed los resultados:<\/p>\n\n\n\n<h3 class=\"wp-block-heading\">Evaluaci\u00f3n individualizada<\/h3>\n\n\n\n<p>Antes de iniciar el tratamiento, es fundamental obtener una evaluaci\u00f3n exhaustiva. Esto incluye la&nbsp;<strong>revisi\u00f3n del historial m\u00e9dico, la coloraci\u00f3n del vello y la pigmentaci\u00f3n de la piel<\/strong>, asegurando que cada paciente reciba un tratamiento dise\u00f1ado exclusivamente para sus caracter\u00edsticas.<\/p>\n\n\n\n<h3 class=\"wp-block-heading\">Adaptaci\u00f3n del tratamiento<\/h3>\n\n\n\n<p>A medida que recopilamos datos durante las sesiones de tratamiento, el enfoque debe evolucionar. Por ejemplo, si presentas cambios en la textura o el color del vello debido a factores hormonales o de edad, es necesario ajustar la t\u00e9cnica o la frecuencia para obtener los resultados \u00f3ptimos.<\/p>\n\n\n\n<p>La interacci\u00f3n entre gen\u00e9tica y tecnolog\u00eda en la depilaci\u00f3n l\u00e1ser resalta la importancia de un enfoque individualizado. As\u00ed, cada paciente puede lograr una experiencia que no solo sea efectiva, sino tambi\u00e9n<strong>&nbsp;segura y adaptada a su biolog\u00eda \u00fanica<\/strong>.<\/p>\n","protected":false},"excerpt":{"rendered":"<p>La depilaci\u00f3n l\u00e1ser ha revolucionado la forma en que las personas abordan la eliminaci\u00f3n del vello no deseado en&nbsp;Centros bedda. Sin embargo,&nbsp;los resultados de este tratamiento no son uniformes para todos. Uno de los factores m\u00e1s destacados que juegan un papel crucial en la efectividad de este procedimiento es la gen\u00e9tica. Rol de la gen\u00e9tica [&hellip;]<\/p>\n","protected":false},"author":3,"featured_media":987517624,"comment_status":"open","ping_status":"closed","sticky":false,"template":"","format":"standard","meta":{"_et_pb_use_builder":"off","_et_pb_old_content":"","_et_gb_content_width":"","_joinchat":[],"footnotes":""},"categories":[51,65],"tags":[],"class_list":["post-987517603","post","type-post","status-publish","format-standard","has-post-thumbnail","hentry","category-blog","category-depilacion"],"yoast_head":"<!-- This site is optimized with the Yoast SEO plugin v25.9 - https:\/\/yoast.com\/wordpress\/plugins\/seo\/ -->\n<title>Influencia gen\u00e9tica resultados depilaci\u00f3n l\u00e1ser | bedda<\/title>\n<meta name=\"description\" content=\"Entra ahora en el blog de Centros bedda y descubre c\u00f3mo la gen\u00e9tica influye en los resultados de la depilaci\u00f3n l\u00e1ser. \u00a1Te lo contamos todo!\" \/>\n<meta name=\"robots\" content=\"noindex, follow, max-snippet:-1, max-image-preview:large, max-video-preview:-1\" \/>\n<meta property=\"og:locale\" content=\"es_ES\" \/>\n<meta property=\"og:type\" content=\"article\" \/>\n<meta property=\"og:title\" content=\"Influencia gen\u00e9tica resultados depilaci\u00f3n l\u00e1ser | bedda\" \/>\n<meta property=\"og:description\" content=\"Entra ahora en el blog de Centros bedda y descubre c\u00f3mo la gen\u00e9tica influye en los resultados de la depilaci\u00f3n l\u00e1ser. \u00a1Te lo contamos todo!\" \/>\n<meta property=\"og:url\" content=\"https:\/\/agenciaseolocal.eu\/bedda\/como-genetica-influye-resultados-depilacion-laser\/\" \/>\n<meta property=\"og:site_name\" content=\"Centros bedda\" \/>\n<meta property=\"article:publisher\" content=\"https:\/\/www.facebook.com\/centrobedda\" \/>\n<meta property=\"article:published_time\" content=\"2024-12-02T10:40:57+00:00\" \/>\n<meta property=\"article:modified_time\" content=\"2024-12-09T10:13:09+00:00\" \/>\n<meta property=\"og:image\" content=\"https:\/\/agenciaseolocal.eu\/bedda\/wp-content\/uploads\/2024\/09\/cientifico-muestra-comprobacion-de-mutacion-genetica.webp\" \/>\n\t<meta property=\"og:image:width\" content=\"1919\" \/>\n\t<meta property=\"og:image:height\" content=\"700\" \/>\n\t<meta property=\"og:image:type\" content=\"image\/webp\" \/>\n<meta name=\"author\" content=\"Centros bedda\" \/>\n<meta name=\"twitter:card\" content=\"summary_large_image\" \/>\n<meta name=\"twitter:creator\" content=\"@centrosbedda\" \/>\n<meta name=\"twitter:site\" content=\"@centrosbedda\" \/>\n<meta name=\"twitter:label1\" content=\"Escrito por\" \/>\n\t<meta name=\"twitter:data1\" content=\"Centros bedda\" \/>\n\t<meta name=\"twitter:label2\" content=\"Tiempo de lectura\" \/>\n\t<meta name=\"twitter:data2\" content=\"4 minutos\" \/>\n<!-- \/ Yoast SEO plugin. -->","yoast_head_json":{"title":"Influencia gen\u00e9tica resultados depilaci\u00f3n l\u00e1ser | bedda","description":"Entra ahora en el blog de Centros bedda y descubre c\u00f3mo la gen\u00e9tica influye en los resultados de la depilaci\u00f3n l\u00e1ser. \u00a1Te lo contamos todo!","robots":{"index":"noindex","follow":"follow","max-snippet":"max-snippet:-1","max-image-preview":"max-image-preview:large","max-video-preview":"max-video-preview:-1"},"og_locale":"es_ES","og_type":"article","og_title":"Influencia gen\u00e9tica resultados depilaci\u00f3n l\u00e1ser | bedda","og_description":"Entra ahora en el blog de Centros bedda y descubre c\u00f3mo la gen\u00e9tica influye en los resultados de la depilaci\u00f3n l\u00e1ser. \u00a1Te lo contamos todo!","og_url":"https:\/\/agenciaseolocal.eu\/bedda\/como-genetica-influye-resultados-depilacion-laser\/","og_site_name":"Centros bedda","article_publisher":"https:\/\/www.facebook.com\/centrobedda","article_published_time":"2024-12-02T10:40:57+00:00","article_modified_time":"2024-12-09T10:13:09+00:00","og_image":[{"width":1919,"height":700,"url":"https:\/\/agenciaseolocal.eu\/bedda\/wp-content\/uploads\/2024\/09\/cientifico-muestra-comprobacion-de-mutacion-genetica.webp","type":"image\/webp"}],"author":"Centros bedda","twitter_card":"summary_large_image","twitter_creator":"@centrosbedda","twitter_site":"@centrosbedda","twitter_misc":{"Escrito por":"Centros bedda","Tiempo de lectura":"4 minutos"},"schema":{"@context":"https:\/\/schema.org","@graph":[{"@type":"Article","@id":"https:\/\/agenciaseolocal.eu\/bedda\/como-genetica-influye-resultados-depilacion-laser\/#article","isPartOf":{"@id":"https:\/\/agenciaseolocal.eu\/bedda\/como-genetica-influye-resultados-depilacion-laser\/"},"author":{"name":"Centros bedda","@id":"https:\/\/agenciaseolocal.eu\/bedda\/#\/schema\/person\/ca3010faf67f189fd2de8d61a763fc8b"},"headline":"C\u00f3mo la gen\u00e9tica influye en los resultados de la depilaci\u00f3n l\u00e1ser","datePublished":"2024-12-02T10:40:57+00:00","dateModified":"2024-12-09T10:13:09+00:00","mainEntityOfPage":{"@id":"https:\/\/agenciaseolocal.eu\/bedda\/como-genetica-influye-resultados-depilacion-laser\/"},"wordCount":799,"commentCount":0,"publisher":{"@id":"https:\/\/agenciaseolocal.eu\/bedda\/#organization"},"image":{"@id":"https:\/\/agenciaseolocal.eu\/bedda\/como-genetica-influye-resultados-depilacion-laser\/#primaryimage"},"thumbnailUrl":"https:\/\/agenciaseolocal.eu\/bedda\/wp-content\/uploads\/2024\/09\/cientifico-muestra-comprobacion-de-mutacion-genetica.webp","articleSection":["Blog","Depilaci\u00f3n"],"inLanguage":"es","potentialAction":[{"@type":"CommentAction","name":"Comment","target":["https:\/\/agenciaseolocal.eu\/bedda\/como-genetica-influye-resultados-depilacion-laser\/#respond"]}]},{"@type":"WebPage","@id":"https:\/\/agenciaseolocal.eu\/bedda\/como-genetica-influye-resultados-depilacion-laser\/","url":"https:\/\/agenciaseolocal.eu\/bedda\/como-genetica-influye-resultados-depilacion-laser\/","name":"Influencia gen\u00e9tica resultados depilaci\u00f3n l\u00e1ser | bedda","isPartOf":{"@id":"https:\/\/agenciaseolocal.eu\/bedda\/#website"},"primaryImageOfPage":{"@id":"https:\/\/agenciaseolocal.eu\/bedda\/como-genetica-influye-resultados-depilacion-laser\/#primaryimage"},"image":{"@id":"https:\/\/agenciaseolocal.eu\/bedda\/como-genetica-influye-resultados-depilacion-laser\/#primaryimage"},"thumbnailUrl":"https:\/\/agenciaseolocal.eu\/bedda\/wp-content\/uploads\/2024\/09\/cientifico-muestra-comprobacion-de-mutacion-genetica.webp","datePublished":"2024-12-02T10:40:57+00:00","dateModified":"2024-12-09T10:13:09+00:00","description":"Entra ahora en el blog de Centros bedda y descubre c\u00f3mo la gen\u00e9tica influye en los resultados de la depilaci\u00f3n l\u00e1ser. \u00a1Te lo contamos todo!","breadcrumb":{"@id":"https:\/\/agenciaseolocal.eu\/bedda\/como-genetica-influye-resultados-depilacion-laser\/#breadcrumb"},"inLanguage":"es","potentialAction":[{"@type":"ReadAction","target":["https:\/\/agenciaseolocal.eu\/bedda\/como-genetica-influye-resultados-depilacion-laser\/"]}]},{"@type":"ImageObject","inLanguage":"es","@id":"https:\/\/agenciaseolocal.eu\/bedda\/como-genetica-influye-resultados-depilacion-laser\/#primaryimage","url":"https:\/\/agenciaseolocal.eu\/bedda\/wp-content\/uploads\/2024\/09\/cientifico-muestra-comprobacion-de-mutacion-genetica.webp","contentUrl":"https:\/\/agenciaseolocal.eu\/bedda\/wp-content\/uploads\/2024\/09\/cientifico-muestra-comprobacion-de-mutacion-genetica.webp","width":1919,"height":700,"caption":"cientifico muestra comprobacion de mutacion genetica"},{"@type":"BreadcrumbList","@id":"https:\/\/agenciaseolocal.eu\/bedda\/como-genetica-influye-resultados-depilacion-laser\/#breadcrumb","itemListElement":[{"@type":"ListItem","position":1,"name":"Portada","item":"https:\/\/agenciaseolocal.eu\/bedda\/"},{"@type":"ListItem","position":2,"name":"C\u00f3mo la gen\u00e9tica influye en los resultados de la depilaci\u00f3n l\u00e1ser"}]},{"@type":"WebSite","@id":"https:\/\/agenciaseolocal.eu\/bedda\/#website","url":"https:\/\/agenciaseolocal.eu\/bedda\/","name":"Centros bedda","description":"Centro de depilaci\u00f3n l\u00e1ser","publisher":{"@id":"https:\/\/agenciaseolocal.eu\/bedda\/#organization"},"potentialAction":[{"@type":"SearchAction","target":{"@type":"EntryPoint","urlTemplate":"https:\/\/agenciaseolocal.eu\/bedda\/?s={search_term_string}"},"query-input":{"@type":"PropertyValueSpecification","valueRequired":true,"valueName":"search_term_string"}}],"inLanguage":"es"},{"@type":"Organization","@id":"https:\/\/agenciaseolocal.eu\/bedda\/#organization","name":"Centros bedda","url":"https:\/\/agenciaseolocal.eu\/bedda\/","logo":{"@type":"ImageObject","inLanguage":"es","@id":"https:\/\/agenciaseolocal.eu\/bedda\/#\/schema\/logo\/image\/","url":"https:\/\/agenciaseolocal.eu\/bedda\/wp-content\/uploads\/2024\/04\/centros-bedda-depilacion-laser-logo.png","contentUrl":"https:\/\/agenciaseolocal.eu\/bedda\/wp-content\/uploads\/2024\/04\/centros-bedda-depilacion-laser-logo.png","width":220,"height":220,"caption":"Centros bedda"},"image":{"@id":"https:\/\/agenciaseolocal.eu\/bedda\/#\/schema\/logo\/image\/"},"sameAs":["https:\/\/www.facebook.com\/centrobedda","https:\/\/x.com\/centrosbedda","https:\/\/www.youtube.com\/channel\/UCV57tDnQcnHfTici1funk4g?app=desktop","https:\/\/www.instagram.com\/centrosbedda\/","https:\/\/www.linkedin.com\/company\/centros-bedda\/"]},{"@type":"Person","@id":"https:\/\/agenciaseolocal.eu\/bedda\/#\/schema\/person\/ca3010faf67f189fd2de8d61a763fc8b","name":"Centros bedda","image":{"@type":"ImageObject","inLanguage":"es","@id":"https:\/\/agenciaseolocal.eu\/bedda\/#\/schema\/person\/image\/","url":"https:\/\/secure.gravatar.com\/avatar\/ea1f00b0a249719594f6b50ee5d3214c2c192531d8f80f789208e2aa9605ac08?s=96&d=mm&r=g","contentUrl":"https:\/\/secure.gravatar.com\/avatar\/ea1f00b0a249719594f6b50ee5d3214c2c192531d8f80f789208e2aa9605ac08?s=96&d=mm&r=g","caption":"Centros bedda"},"url":"https:\/\/agenciaseolocal.eu\/bedda\/author\/mktpmp_gedfwb31y\/"}]}},"_links":{"self":[{"href":"https:\/\/agenciaseolocal.eu\/bedda\/wp-json\/wp\/v2\/posts\/987517603","targetHints":{"allow":["GET"]}}],"collection":[{"href":"https:\/\/agenciaseolocal.eu\/bedda\/wp-json\/wp\/v2\/posts"}],"about":[{"href":"https:\/\/agenciaseolocal.eu\/bedda\/wp-json\/wp\/v2\/types\/post"}],"author":[{"embeddable":true,"href":"https:\/\/agenciaseolocal.eu\/bedda\/wp-json\/wp\/v2\/users\/3"}],"replies":[{"embeddable":true,"href":"https:\/\/agenciaseolocal.eu\/bedda\/wp-json\/wp\/v2\/comments?post=987517603"}],"version-history":[{"count":1,"href":"https:\/\/agenciaseolocal.eu\/bedda\/wp-json\/wp\/v2\/posts\/987517603\/revisions"}],"predecessor-version":[{"id":987517625,"href":"https:\/\/agenciaseolocal.eu\/bedda\/wp-json\/wp\/v2\/posts\/987517603\/revisions\/987517625"}],"wp:featuredmedia":[{"embeddable":true,"href":"https:\/\/agenciaseolocal.eu\/bedda\/wp-json\/wp\/v2\/media\/987517624"}],"wp:attachment":[{"href":"https:\/\/agenciaseolocal.eu\/bedda\/wp-json\/wp\/v2\/media?parent=987517603"}],"wp:term":[{"taxonomy":"category","embeddable":true,"href":"https:\/\/agenciaseolocal.eu\/bedda\/wp-json\/wp\/v2\/categories?post=987517603"},{"taxonomy":"post_tag","embeddable":true,"href":"https:\/\/agenciaseolocal.eu\/bedda\/wp-json\/wp\/v2\/tags?post=987517603"}],"curies":[{"name":"wp","href":"https:\/\/api.w.org\/{rel}","templated":true}]}}