{"id":987517604,"date":"2024-12-09T11:16:18","date_gmt":"2024-12-09T10:16:18","guid":{"rendered":"https:\/\/centrosbedda.com\/?p=987517604"},"modified":"2025-01-15T14:18:00","modified_gmt":"2025-01-15T13:18:00","slug":"guia-cuidados-post-depilacion-climas-calidos","status":"publish","type":"post","link":"https:\/\/agenciaseolocal.eu\/bedda\/guia-cuidados-post-depilacion-climas-calidos\/","title":{"rendered":"Cuidado post-tratamiento depilaci\u00f3n l\u00e1ser climas c\u00e1lidos y soleados"},"content":{"rendered":"\n<p>En&nbsp;<a href=\"https:\/\/agenciaseolocal.eu\/bedda\/\">Centros bedda<\/a>&nbsp;te ofrecemos una gu\u00eda completa para el cuidado post-tratamiento de la depilaci\u00f3n l\u00e1ser en climas c\u00e1lidos y soleados. Sigue nuestros consejos para&nbsp;<strong>proteger tu piel, optimizar los resultados y disfrutar de una depilaci\u00f3n segura<\/strong>, incluso en ambientes con altas temperaturas y mucha exposici\u00f3n solar.<\/p>\n\n\n\n<h2 class=\"wp-block-heading\">\u00bfQu\u00e9 esperar despu\u00e9s del tratamiento de depilaci\u00f3n l\u00e1ser?<\/h2>\n\n\n\n<p>Despu\u00e9s de un tratamiento de depilaci\u00f3n l\u00e1ser, es natural experimentar ciertos cambios en la piel. La piel puede enrojecerse y sentirse sensible. Este estado es temporal y generalmente disminuye en pocos d\u00edas.<\/p>\n\n\n\n<p>En la primera semana tras el tratamiento, la piel empieza a curarse, y es aqu\u00ed donde es crucial saber manejar la situaci\u00f3n. Es recomendable evitar la exposici\u00f3n directa al sol durante al menos tres d\u00edas despu\u00e9s del tratamiento. La radiaci\u00f3n solar puede irritar la piel sensible y provocar hiperpigmentaci\u00f3n, lo que podr\u00eda afectar el resultado final del tratamiento.<\/p>\n\n\n\n<p>Para proteger la piel, recomendamos el uso de bloqueador solar con un alto factor de protecci\u00f3n, incluso en d\u00edas nublados, ya que los rayos UV pueden penetrar las nubes. Adem\u00e1s, aconsejamos usar ropa protectora, como camisas de manga larga o sombreros, para mantener la piel resguardada.<\/p>\n\n\n\n<h2 class=\"wp-block-heading\">Posibles efectos secundarios despu\u00e9s del tratamiento<\/h2>\n\n\n\n<p>Los efectos secundarios son inesperados pero a menudo inofensivos. Algunos de los m\u00e1s comunes incluyen&nbsp;<strong>enrojecimiento, inflamaci\u00f3n y, en raras ocasiones, peque\u00f1as ampollas<\/strong>. Es vital observar c\u00f3mo reacciona la piel y actuar con cautela si se presentan signos preocupantes.<\/p>\n\n\n\n<p>Aunque la mayor\u00eda de los efectos secundarios son m\u00ednimos, es importante no ignorar se\u00f1ales como diferencias significativas en el color de la piel o la aparici\u00f3n de costras.<\/p>\n\n\n\n<h2 class=\"wp-block-heading\">S\u00edntomas normales y cu\u00e1ndo preocuparse<\/h2>\n\n\n\n<p><strong>Entender los s\u00edntomas normales <\/strong>es clave para proteger la piel. La sensibilidad y el enrojecimiento suelen ser esperados, como la llegada de la primavera. Sin embargo en Centros bedda los profesionales del centro estar\u00e1n a tu disposici\u00f3n para recomendarte c\u00f3mo proceder en caso de aparici\u00f3n de estas reacciones adversas y realizar\u00e1n de forma gratuita el seguimiento y tratamiento adecuado para la completa remisi\u00f3n de las mismas.\u00a0<\/p>\n\n\n\n<p>Te deber\u00e1s comunicar al centro obligatoriamente lo antes posible a las 24\/48 horas de la aparici\u00f3n. Ya&nbsp; que un tratamiento inadecuado sobre las reacciones adversas puede suponer un empeoramiento de la reacci\u00f3n que ha aparecido en su piel o un retardo en su curaci\u00f3n.<\/p>\n\n\n\n<h2 class=\"wp-block-heading\">Protecci\u00f3n solar y cuidado de la piel<\/h2>\n\n\n\n<p>La protecci\u00f3n solar es fundamental despu\u00e9s del tratamiento de depilaci\u00f3n l\u00e1ser. Usar un protector solar de amplio espectro con un factor de protecci\u00f3n solar (FPS) de al menos 30 es vital para prevenir da\u00f1os adicionales.<\/p>\n\n\n\n<ul class=\"wp-block-list\">\n<li>Aplica el protector solar cada dos horas si est\u00e1s al aire libre.<\/li>\n\n\n\n<li><strong>Evita la exposici\u00f3n directa al sol&nbsp;<\/strong>entre las 10 a.m. y las 4 p.m.<\/li>\n\n\n\n<li>Utiliza sombreros y ropa protectora cuando sea posible.<\/li>\n<\/ul>\n\n\n\n<p>El cuidado de la piel debe intensificarse despu\u00e9s del tratamiento. Hidratar y nutrir la piel con productos suaves permitir\u00e1 que recupere su equilibrio natural.<\/p>\n\n\n\n<h2 class=\"wp-block-heading\">Manejo del calor y sudoraci\u00f3n<\/h2>\n\n\n\n<p>El calor y la sudoraci\u00f3n en climas c\u00e1lidos pueden exacerbar la sensibilidad de la piel tras la depilaci\u00f3n l\u00e1ser:<\/p>\n\n\n\n<ul class=\"wp-block-list\">\n<li><strong>Evita actividades de alto impacto<\/strong>&nbsp;que hagan sudar excesivamente durante las primeras semanas.<\/li>\n\n\n\n<li>Opta por duchas tibias en lugar de calientes.<\/li>\n\n\n\n<li><strong>Mant\u00e9n la piel fresca aplicando compresas h\u00famedas<\/strong>&nbsp;si sientes incomodidad.<\/li>\n<\/ul>\n\n\n\n<p>Estos peque\u00f1os pasos marcan una gran diferencia en la experiencia de recuperaci\u00f3n, permitiendo que la piel respire y se recupere adecuadamente.<\/p>\n\n\n\n<h2 class=\"wp-block-heading\">Hidrataci\u00f3n y productos recomendados<\/h2>\n\n\n\n<p>\u00a0La <strong>hidrataci\u00f3n <\/strong>es clave para la recuperaci\u00f3n de la piel. Consumir suficiente agua y aplicar cremas hidratantes y especificas que\u00a0 ayudar\u00e1n a mantener el equilibrio necesario.<\/p>\n\n\n\n<p>Recomendamos<strong>\u00a0utilizar productos que contengan ingredientes <\/strong>que son conocidos por sus propiedades calmantes y humectantes.\u00a0 En Centros bedda disponemos de una gama de cremas especificas como la <a href=\"https:\/\/agenciaseolocal.eu\/bedda\/beneficios-crema-postdepil-vs-aloe-vera-otras-cremas-tras-depilacion-laser\/\">post depil<\/a>, exfolinate o aloe vera que mejoraran tu piel.<\/p>\n\n\n\n<h2 class=\"wp-block-heading\">Actividades a evitar despu\u00e9s del tratamiento<\/h2>\n\n\n\n<p>Despu\u00e9s de un tratamiento de depilaci\u00f3n l\u00e1ser, es crucial evitar ciertas actividades que pueden comprometer el bienestar de la piel:<\/p>\n\n\n\n<ul class=\"wp-block-list\">\n<li>Evita el uso de saunas y ba\u00f1os calientes por al menos una semana.<\/li>\n\n\n\n<li><strong>No realices actividades que requieran exposici\u00f3n prolongada al sol<\/strong>.<\/li>\n\n\n\n<li>Evita productos exfoliantes y perfumes en \u00e1reas tratadas durante tres d\u00edas.<\/li>\n<\/ul>\n\n\n\n<p>Estas restricciones ayudan a que la piel se recupere sin complicaciones, reforzando el resultado deseado del tratamiento.<\/p>\n\n\n\n<h2 class=\"wp-block-heading\">Seguimiento con el especialista en depilaci\u00f3n l\u00e1ser<\/h2>\n\n\n\n<p>El seguimiento con el especialista es clave en la depilaci\u00f3n l\u00e1ser. Asegurarse de tener revisiones regulares te da la oportunidad de<strong>&nbsp;valorar la evoluci\u00f3n y abordar cualquier inquietud<\/strong>.<\/p>\n\n\n\n<p>Las consultas regulares permiten un ajuste en los tratamientos, seg\u00fan c\u00f3mo responde la piel. Mantener el di\u00e1logo abierto asegurar\u00e1 que la experiencia de depilaci\u00f3n l\u00e1ser sea gratificante y libre de incidentes.<\/p>\n","protected":false},"excerpt":{"rendered":"<p>En&nbsp;Centros bedda&nbsp;te ofrecemos una gu\u00eda completa para el cuidado post-tratamiento de la depilaci\u00f3n l\u00e1ser en climas c\u00e1lidos y soleados. Sigue nuestros consejos para&nbsp;proteger tu piel, optimizar los resultados y disfrutar de una depilaci\u00f3n segura, incluso en ambientes con altas temperaturas y mucha exposici\u00f3n solar. \u00bfQu\u00e9 esperar despu\u00e9s del tratamiento de depilaci\u00f3n l\u00e1ser? Despu\u00e9s de un [&hellip;]<\/p>\n","protected":false},"author":3,"featured_media":987517626,"comment_status":"open","ping_status":"closed","sticky":false,"template":"","format":"standard","meta":{"_et_pb_use_builder":"off","_et_pb_old_content":"","_et_gb_content_width":"","_joinchat":[],"footnotes":""},"categories":[51,65],"tags":[],"class_list":["post-987517604","post","type-post","status-publish","format-standard","has-post-thumbnail","hentry","category-blog","category-depilacion"],"yoast_head":"<!-- This site is optimized with the Yoast SEO plugin v25.9 - https:\/\/yoast.com\/wordpress\/plugins\/seo\/ -->\n<title>Gu\u00eda cuidados post depilaci\u00f3n en climas c\u00e1lidos | bedda<\/title>\n<meta name=\"description\" content=\"Entra ahora en el blog de Centros bedda y descubre esta gu\u00eda completa para el cuidado post-tratamiento de depilaci\u00f3n l\u00e1ser en climas c\u00e1lidos y soleados.\" \/>\n<meta name=\"robots\" content=\"noindex, follow, max-snippet:-1, max-image-preview:large, max-video-preview:-1\" \/>\n<meta property=\"og:locale\" content=\"es_ES\" \/>\n<meta property=\"og:type\" content=\"article\" \/>\n<meta property=\"og:title\" content=\"Gu\u00eda cuidados post depilaci\u00f3n en climas c\u00e1lidos | bedda\" \/>\n<meta property=\"og:description\" content=\"Entra ahora en el blog de Centros bedda y descubre esta gu\u00eda completa para el cuidado post-tratamiento de depilaci\u00f3n l\u00e1ser en climas c\u00e1lidos y soleados.\" \/>\n<meta property=\"og:url\" content=\"https:\/\/agenciaseolocal.eu\/bedda\/guia-cuidados-post-depilacion-climas-calidos\/\" \/>\n<meta property=\"og:site_name\" content=\"Centros bedda\" \/>\n<meta property=\"article:publisher\" content=\"https:\/\/www.facebook.com\/centrobedda\" \/>\n<meta property=\"article:published_time\" content=\"2024-12-09T10:16:18+00:00\" \/>\n<meta property=\"article:modified_time\" content=\"2025-01-15T13:18:00+00:00\" \/>\n<meta property=\"og:image\" content=\"https:\/\/agenciaseolocal.eu\/bedda\/wp-content\/uploads\/2024\/09\/mujer-joven-sentada-silla-mimbre-jardin-verano.webp\" \/>\n\t<meta property=\"og:image:width\" content=\"2881\" \/>\n\t<meta property=\"og:image:height\" content=\"700\" \/>\n\t<meta property=\"og:image:type\" content=\"image\/webp\" \/>\n<meta name=\"author\" content=\"Centros bedda\" \/>\n<meta name=\"twitter:card\" content=\"summary_large_image\" \/>\n<meta name=\"twitter:creator\" content=\"@centrosbedda\" \/>\n<meta name=\"twitter:site\" content=\"@centrosbedda\" \/>\n<meta name=\"twitter:label1\" content=\"Escrito por\" \/>\n\t<meta name=\"twitter:data1\" content=\"Centros bedda\" \/>\n\t<meta name=\"twitter:label2\" content=\"Tiempo de lectura\" \/>\n\t<meta name=\"twitter:data2\" content=\"4 minutos\" \/>\n<!-- \/ Yoast SEO plugin. -->","yoast_head_json":{"title":"Gu\u00eda cuidados post depilaci\u00f3n en climas c\u00e1lidos | bedda","description":"Entra ahora en el blog de Centros bedda y descubre esta gu\u00eda completa para el cuidado post-tratamiento de depilaci\u00f3n l\u00e1ser en climas c\u00e1lidos y soleados.","robots":{"index":"noindex","follow":"follow","max-snippet":"max-snippet:-1","max-image-preview":"max-image-preview:large","max-video-preview":"max-video-preview:-1"},"og_locale":"es_ES","og_type":"article","og_title":"Gu\u00eda cuidados post depilaci\u00f3n en climas c\u00e1lidos | bedda","og_description":"Entra ahora en el blog de Centros bedda y descubre esta gu\u00eda completa para el cuidado post-tratamiento de depilaci\u00f3n l\u00e1ser en climas c\u00e1lidos y soleados.","og_url":"https:\/\/agenciaseolocal.eu\/bedda\/guia-cuidados-post-depilacion-climas-calidos\/","og_site_name":"Centros bedda","article_publisher":"https:\/\/www.facebook.com\/centrobedda","article_published_time":"2024-12-09T10:16:18+00:00","article_modified_time":"2025-01-15T13:18:00+00:00","og_image":[{"width":2881,"height":700,"url":"https:\/\/agenciaseolocal.eu\/bedda\/wp-content\/uploads\/2024\/09\/mujer-joven-sentada-silla-mimbre-jardin-verano.webp","type":"image\/webp"}],"author":"Centros bedda","twitter_card":"summary_large_image","twitter_creator":"@centrosbedda","twitter_site":"@centrosbedda","twitter_misc":{"Escrito por":"Centros bedda","Tiempo de lectura":"4 minutos"},"schema":{"@context":"https:\/\/schema.org","@graph":[{"@type":"Article","@id":"https:\/\/agenciaseolocal.eu\/bedda\/guia-cuidados-post-depilacion-climas-calidos\/#article","isPartOf":{"@id":"https:\/\/agenciaseolocal.eu\/bedda\/guia-cuidados-post-depilacion-climas-calidos\/"},"author":{"name":"Centros bedda","@id":"https:\/\/agenciaseolocal.eu\/bedda\/#\/schema\/person\/ca3010faf67f189fd2de8d61a763fc8b"},"headline":"Cuidado post-tratamiento depilaci\u00f3n l\u00e1ser climas c\u00e1lidos y soleados","datePublished":"2024-12-09T10:16:18+00:00","dateModified":"2025-01-15T13:18:00+00:00","mainEntityOfPage":{"@id":"https:\/\/agenciaseolocal.eu\/bedda\/guia-cuidados-post-depilacion-climas-calidos\/"},"wordCount":867,"commentCount":0,"publisher":{"@id":"https:\/\/agenciaseolocal.eu\/bedda\/#organization"},"image":{"@id":"https:\/\/agenciaseolocal.eu\/bedda\/guia-cuidados-post-depilacion-climas-calidos\/#primaryimage"},"thumbnailUrl":"https:\/\/agenciaseolocal.eu\/bedda\/wp-content\/uploads\/2024\/09\/mujer-joven-sentada-silla-mimbre-jardin-verano.webp","articleSection":["Blog","Depilaci\u00f3n"],"inLanguage":"es","potentialAction":[{"@type":"CommentAction","name":"Comment","target":["https:\/\/agenciaseolocal.eu\/bedda\/guia-cuidados-post-depilacion-climas-calidos\/#respond"]}]},{"@type":"WebPage","@id":"https:\/\/agenciaseolocal.eu\/bedda\/guia-cuidados-post-depilacion-climas-calidos\/","url":"https:\/\/agenciaseolocal.eu\/bedda\/guia-cuidados-post-depilacion-climas-calidos\/","name":"Gu\u00eda cuidados post depilaci\u00f3n en climas c\u00e1lidos | bedda","isPartOf":{"@id":"https:\/\/agenciaseolocal.eu\/bedda\/#website"},"primaryImageOfPage":{"@id":"https:\/\/agenciaseolocal.eu\/bedda\/guia-cuidados-post-depilacion-climas-calidos\/#primaryimage"},"image":{"@id":"https:\/\/agenciaseolocal.eu\/bedda\/guia-cuidados-post-depilacion-climas-calidos\/#primaryimage"},"thumbnailUrl":"https:\/\/agenciaseolocal.eu\/bedda\/wp-content\/uploads\/2024\/09\/mujer-joven-sentada-silla-mimbre-jardin-verano.webp","datePublished":"2024-12-09T10:16:18+00:00","dateModified":"2025-01-15T13:18:00+00:00","description":"Entra ahora en el blog de Centros bedda y descubre esta gu\u00eda completa para el cuidado post-tratamiento de depilaci\u00f3n l\u00e1ser en climas c\u00e1lidos y soleados.","breadcrumb":{"@id":"https:\/\/agenciaseolocal.eu\/bedda\/guia-cuidados-post-depilacion-climas-calidos\/#breadcrumb"},"inLanguage":"es","potentialAction":[{"@type":"ReadAction","target":["https:\/\/agenciaseolocal.eu\/bedda\/guia-cuidados-post-depilacion-climas-calidos\/"]}]},{"@type":"ImageObject","inLanguage":"es","@id":"https:\/\/agenciaseolocal.eu\/bedda\/guia-cuidados-post-depilacion-climas-calidos\/#primaryimage","url":"https:\/\/agenciaseolocal.eu\/bedda\/wp-content\/uploads\/2024\/09\/mujer-joven-sentada-silla-mimbre-jardin-verano.webp","contentUrl":"https:\/\/agenciaseolocal.eu\/bedda\/wp-content\/uploads\/2024\/09\/mujer-joven-sentada-silla-mimbre-jardin-verano.webp","width":2881,"height":700},{"@type":"BreadcrumbList","@id":"https:\/\/agenciaseolocal.eu\/bedda\/guia-cuidados-post-depilacion-climas-calidos\/#breadcrumb","itemListElement":[{"@type":"ListItem","position":1,"name":"Portada","item":"https:\/\/agenciaseolocal.eu\/bedda\/"},{"@type":"ListItem","position":2,"name":"Cuidado post-tratamiento depilaci\u00f3n l\u00e1ser climas c\u00e1lidos y soleados"}]},{"@type":"WebSite","@id":"https:\/\/agenciaseolocal.eu\/bedda\/#website","url":"https:\/\/agenciaseolocal.eu\/bedda\/","name":"Centros bedda","description":"Centro de depilaci\u00f3n l\u00e1ser","publisher":{"@id":"https:\/\/agenciaseolocal.eu\/bedda\/#organization"},"potentialAction":[{"@type":"SearchAction","target":{"@type":"EntryPoint","urlTemplate":"https:\/\/agenciaseolocal.eu\/bedda\/?s={search_term_string}"},"query-input":{"@type":"PropertyValueSpecification","valueRequired":true,"valueName":"search_term_string"}}],"inLanguage":"es"},{"@type":"Organization","@id":"https:\/\/agenciaseolocal.eu\/bedda\/#organization","name":"Centros bedda","url":"https:\/\/agenciaseolocal.eu\/bedda\/","logo":{"@type":"ImageObject","inLanguage":"es","@id":"https:\/\/agenciaseolocal.eu\/bedda\/#\/schema\/logo\/image\/","url":"https:\/\/agenciaseolocal.eu\/bedda\/wp-content\/uploads\/2024\/04\/centros-bedda-depilacion-laser-logo.png","contentUrl":"https:\/\/agenciaseolocal.eu\/bedda\/wp-content\/uploads\/2024\/04\/centros-bedda-depilacion-laser-logo.png","width":220,"height":220,"caption":"Centros bedda"},"image":{"@id":"https:\/\/agenciaseolocal.eu\/bedda\/#\/schema\/logo\/image\/"},"sameAs":["https:\/\/www.facebook.com\/centrobedda","https:\/\/x.com\/centrosbedda","https:\/\/www.youtube.com\/channel\/UCV57tDnQcnHfTici1funk4g?app=desktop","https:\/\/www.instagram.com\/centrosbedda\/","https:\/\/www.linkedin.com\/company\/centros-bedda\/"]},{"@type":"Person","@id":"https:\/\/agenciaseolocal.eu\/bedda\/#\/schema\/person\/ca3010faf67f189fd2de8d61a763fc8b","name":"Centros bedda","image":{"@type":"ImageObject","inLanguage":"es","@id":"https:\/\/agenciaseolocal.eu\/bedda\/#\/schema\/person\/image\/","url":"https:\/\/secure.gravatar.com\/avatar\/ea1f00b0a249719594f6b50ee5d3214c2c192531d8f80f789208e2aa9605ac08?s=96&d=mm&r=g","contentUrl":"https:\/\/secure.gravatar.com\/avatar\/ea1f00b0a249719594f6b50ee5d3214c2c192531d8f80f789208e2aa9605ac08?s=96&d=mm&r=g","caption":"Centros bedda"},"url":"https:\/\/agenciaseolocal.eu\/bedda\/author\/mktpmp_gedfwb31y\/"}]}},"_links":{"self":[{"href":"https:\/\/agenciaseolocal.eu\/bedda\/wp-json\/wp\/v2\/posts\/987517604","targetHints":{"allow":["GET"]}}],"collection":[{"href":"https:\/\/agenciaseolocal.eu\/bedda\/wp-json\/wp\/v2\/posts"}],"about":[{"href":"https:\/\/agenciaseolocal.eu\/bedda\/wp-json\/wp\/v2\/types\/post"}],"author":[{"embeddable":true,"href":"https:\/\/agenciaseolocal.eu\/bedda\/wp-json\/wp\/v2\/users\/3"}],"replies":[{"embeddable":true,"href":"https:\/\/agenciaseolocal.eu\/bedda\/wp-json\/wp\/v2\/comments?post=987517604"}],"version-history":[{"count":4,"href":"https:\/\/agenciaseolocal.eu\/bedda\/wp-json\/wp\/v2\/posts\/987517604\/revisions"}],"predecessor-version":[{"id":987518273,"href":"https:\/\/agenciaseolocal.eu\/bedda\/wp-json\/wp\/v2\/posts\/987517604\/revisions\/987518273"}],"wp:featuredmedia":[{"embeddable":true,"href":"https:\/\/agenciaseolocal.eu\/bedda\/wp-json\/wp\/v2\/media\/987517626"}],"wp:attachment":[{"href":"https:\/\/agenciaseolocal.eu\/bedda\/wp-json\/wp\/v2\/media?parent=987517604"}],"wp:term":[{"taxonomy":"category","embeddable":true,"href":"https:\/\/agenciaseolocal.eu\/bedda\/wp-json\/wp\/v2\/categories?post=987517604"},{"taxonomy":"post_tag","embeddable":true,"href":"https:\/\/agenciaseolocal.eu\/bedda\/wp-json\/wp\/v2\/tags?post=987517604"}],"curies":[{"name":"wp","href":"https:\/\/api.w.org\/{rel}","templated":true}]}}