{"id":987518219,"date":"2025-01-20T10:23:44","date_gmt":"2025-01-20T09:23:44","guid":{"rendered":"https:\/\/centrosbedda.com\/?p=987518219"},"modified":"2025-01-20T10:23:45","modified_gmt":"2025-01-20T09:23:45","slug":"impacto-depilacion-laser-barrera-cutanea","status":"publish","type":"post","link":"https:\/\/agenciaseolocal.eu\/bedda\/impacto-depilacion-laser-barrera-cutanea\/","title":{"rendered":"Impacto de la depilaci\u00f3n l\u00e1ser en la barrera cut\u00e1nea"},"content":{"rendered":"\n<p>La depilaci\u00f3n l\u00e1ser se ha popularizado enormemente en los \u00faltimos a\u00f1os como un\u00a0<strong>m\u00e9todo eficaz y duradero para eliminar el vello<\/strong>. Sin embargo, en nuestro\u00a0<a href=\"https:\/\/agenciaseolocal.eu\/bedda\/\">centro de depilaci\u00f3n l\u00e1ser<\/a>\u00a0es fundamental entender c\u00f3mo este tratamiento puede afectar la barrera cut\u00e1nea, un componente esencial para mantener la salud de la piel.<\/p>\n\n\n\n<figure class=\"wp-block-image size-large\"><a href=\"https:\/\/agenciaseolocal.eu\/bedda\/wp-content\/uploads\/2025\/01\/enfoque-en-labios-suaves-y-piel-radiante-despues-de-un-cuidado-facial.jpg\"><img decoding=\"async\" width=\"1024\" height=\"585\" src=\"https:\/\/agenciaseolocal.eu\/bedda\/wp-content\/uploads\/2025\/01\/enfoque-en-labios-suaves-y-piel-radiante-despues-de-un-cuidado-facial-1024x585.jpg\" alt=\"enfoque en labios suaves y piel radiante despues de un cuidado facial\" class=\"wp-image-987518221\" srcset=\"https:\/\/agenciaseolocal.eu\/bedda\/wp-content\/uploads\/2025\/01\/enfoque-en-labios-suaves-y-piel-radiante-despues-de-un-cuidado-facial-980x560.jpg 980w, https:\/\/agenciaseolocal.eu\/bedda\/wp-content\/uploads\/2025\/01\/enfoque-en-labios-suaves-y-piel-radiante-despues-de-un-cuidado-facial-480x274.jpg 480w\" sizes=\"(min-width: 0px) and (max-width: 480px) 480px, (min-width: 481px) and (max-width: 980px) 980px, (min-width: 981px) 1024px, 100vw\" \/><\/a><\/figure>\n\n\n\n<h2 class=\"wp-block-heading\">\u00bfQu\u00e9 es la barrera cut\u00e1nea y por qu\u00e9 es importante?<\/h2>\n\n\n\n<p>La barrera cut\u00e1nea es una capa de la piel que act\u00faa como un escudo protector frente a factores externos como bacterias, contaminantes y elementos irritantes. Su principal funci\u00f3n es mantener la hidrataci\u00f3n, evitando que el agua se evapore y permitiendo que la piel permanezca saludable y resistente.<\/p>\n\n\n\n<p>Esta barrera se compone de varias estructuras, entre las que destacan los&nbsp;<strong>l\u00edpidos, las c\u00e9lulas muertas de la piel y las prote\u00ednas<\/strong>&nbsp;que ayudan a mantener la integridad y la funci\u00f3n de la dermis. Sin una barrera cut\u00e1nea intacta, la piel se vuelve vulnerable a infecciones y a diversas condiciones dermatol\u00f3gicas.<\/p>\n\n\n\n<h2 class=\"wp-block-heading\">Principales componentes de la barrera protectora de la piel<\/h2>\n\n\n\n<p>Entre los componentes clave de la barrera cut\u00e1nea se encuentran los ceramidas, colesterol y \u00e1cidos grasos. Estos l\u00edpidos forman una estructura organizada que contribuye a la retenci\u00f3n de la humedad y a la funcionalidad de la piel. Tambi\u00e9n encontramos prote\u00ednas como la filagrina, que desempe\u00f1an un papel en la formaci\u00f3n de la capa cornea, la barrera m\u00e1s externa de la piel.<\/p>\n\n\n\n<p>En condiciones normales, estos componentes trabajan en conjunto para crear una barrera que protege la piel de la deshidrataci\u00f3n y de agresiones externas. Sin embargo, ciertos tratamientos, como la depilaci\u00f3n l\u00e1ser, pueden interferir con esta delicada estructura.<\/p>\n\n\n\n<p>La depilaci\u00f3n l\u00e1ser, aunque efectiva, puede provocar una respuesta inflamatoria en la piel, lo que podr\u00eda&nbsp;<strong>alterar la composici\u00f3n y funci\u00f3n de la barrera cut\u00e1nea<\/strong>. Esta inflamaci\u00f3n puede llevar a una p\u00e9rdida temporal de l\u00edpidos y prote\u00ednas esenciales, lo que a su vez puede resultar en sequedad, enrojecimiento o incluso irritaci\u00f3n.<\/p>\n\n\n\n<p>Por lo tanto, es crucial que quienes se someten a este tratamiento sigan un r\u00e9gimen de cuidado post-tratamiento que incluya hidrataci\u00f3n adecuada y el uso de productos que ayuden a restaurar la barrera cut\u00e1nea.<\/p>\n\n\n\n<h2 class=\"wp-block-heading\">Efectos de la depilaci\u00f3n l\u00e1ser en la barrera protectora de la piel<\/h2>\n\n\n\n<p>El tratamiento con l\u00e1ser implica la emisi\u00f3n de energ\u00eda luminosa que penetra en la piel con el objetivo de destruir el fol\u00edculo piloso. Aunque es un procedimiento considerado seguro, puede causar alteraciones en la barrera cut\u00e1nea, lo que resulta en diversas manifestaciones en la piel.<\/p>\n\n\n\n<figure class=\"wp-block-image size-large\"><a href=\"https:\/\/agenciaseolocal.eu\/bedda\/wp-content\/uploads\/2025\/01\/labios-y-piel-radiante-en-un-rostro-con-cuidado-profesional.jpg\"><img decoding=\"async\" width=\"1024\" height=\"585\" src=\"https:\/\/agenciaseolocal.eu\/bedda\/wp-content\/uploads\/2025\/01\/labios-y-piel-radiante-en-un-rostro-con-cuidado-profesional-1024x585.jpg\" alt=\"labios y piel radiante en un rostro con cuidado profesional\" class=\"wp-image-987518222\" srcset=\"https:\/\/agenciaseolocal.eu\/bedda\/wp-content\/uploads\/2025\/01\/labios-y-piel-radiante-en-un-rostro-con-cuidado-profesional-980x560.jpg 980w, https:\/\/agenciaseolocal.eu\/bedda\/wp-content\/uploads\/2025\/01\/labios-y-piel-radiante-en-un-rostro-con-cuidado-profesional-480x274.jpg 480w\" sizes=\"(min-width: 0px) and (max-width: 480px) 480px, (min-width: 481px) and (max-width: 980px) 980px, (min-width: 981px) 1024px, 100vw\" \/><\/a><\/figure>\n\n\n\n<h3 class=\"wp-block-heading\">Alteraciones en la barrera lip\u00eddica<\/h3>\n\n\n\n<p>Despu\u00e9s de realizar una sesi\u00f3n de depilaci\u00f3n l\u00e1ser, es com\u00fan que se produzca una alteraci\u00f3n en la barrera lip\u00eddica. Esto se traduce en una&nbsp;<strong>p\u00e9rdida temporal de la hidrataci\u00f3n y un aumento en la susceptibilidad a irritaciones<\/strong>. Del mismo modo, el tratamiento puede comprometer la producci\u00f3n de l\u00edpidos, fundamentales para la funci\u00f3n barrera de la piel.<\/p>\n\n\n\n<p>Como consecuencia, la piel puede empezar a manifestar s\u00edntomas como sequedad, picaz\u00f3n o enrojecimiento, se\u00f1ales que indican que la barrera cut\u00e1nea est\u00e1 comprometida. Por lo tanto, es esencial contar con cuidados adecuados post-tratamiento.<\/p>\n\n\n\n<h3 class=\"wp-block-heading\">Enrojecimiento, sequedad o irritaci\u00f3n<\/h3>\n\n\n\n<p>El enrojecimiento es uno de los efectos secundarios m\u00e1s comunes tras la depilaci\u00f3n l\u00e1ser. Esto se produce por el calor generado durante el tratamiento, que puede crear una respuesta inflamatoria en la piel. La sequedad tambi\u00e9n puede manifestarse, ya que la p\u00e9rdida de l\u00edpidos afecta la capacidad de la piel para retener humedad.<\/p>\n\n\n\n<p>Estos s\u00edntomas suelen ser temporales, pero si no se cuidan adecuadamente, pueden persistir y&nbsp;<strong>conducir a una condici\u00f3n de piel m\u00e1s comprometida<\/strong>. Por esta raz\u00f3n, es fundamental prestar atenci\u00f3n a las reacciones de la piel y adoptar medidas preventivas para ayudar en su recuperaci\u00f3n.<\/p>\n\n\n\n<h2 class=\"wp-block-heading\">Diferencias en la respuesta seg\u00fan el tipo de piel<\/h2>\n\n\n\n<p>La respuesta de la piel a la depilaci\u00f3n l\u00e1ser puede variar considerablemente seg\u00fan su tipo. Los diferentes tipos de piel tienen caracter\u00edsticas \u00fanicas que influencian c\u00f3mo reacciona cada una al tratamiento l\u00e1ser.<\/p>\n\n\n\n<h3 class=\"wp-block-heading\">Sensible<\/h3>\n\n\n\n<p>La piel sensible es particularmente vulnerable a los cambios provocados por la depilaci\u00f3n l\u00e1ser. Los individuos con este tipo de piel pueden experimentar un mayor enrojecimiento y picaz\u00f3n, as\u00ed como una irritaci\u00f3n prolongada despu\u00e9s del tratamiento. Es crucial aplicar productos calmantes y evitar la exposici\u00f3n a irritantes para mitigar estos efectos.<\/p>\n\n\n\n<h3 class=\"wp-block-heading\">Grasa<\/h3>\n\n\n\n<p>Por otro lado, los pacientes con piel grasa pueden tener una respuesta diferente. Aunque el tratamiento puede causar alguna irritaci\u00f3n, la producci\u00f3n de sebo puede ayudar a&nbsp;<strong>mantener cierta protecci\u00f3n en la barrera cut\u00e1nea<\/strong>. Sin embargo, pueden necesitar cuidados espec\u00edficos para controlar la grasa y prevenir brotes de acn\u00e9.<\/p>\n\n\n\n<h3 class=\"wp-block-heading\">Seca<\/h3>\n\n\n\n<p>La piel seca es la m\u00e1s propensa a sufrir da\u00f1os despu\u00e9s de la depilaci\u00f3n l\u00e1ser. La falta de hidrataci\u00f3n puede llevar a un aumento de la sequedad y a una mayor dificultad para la recuperaci\u00f3n. Es vital implementar acciones que refuercen la hidrataci\u00f3n y reparaci\u00f3n de la piel para evitar complicaciones.<\/p>\n\n\n\n<h2 class=\"wp-block-heading\">Cuidados post-l\u00e1ser para preservar la barrera cut\u00e1nea<\/h2>\n\n\n\n<p>Despu\u00e9s de someterse a un tratamiento de depilaci\u00f3n l\u00e1ser, es esencial seguir una serie de cuidados que ayuden a preservar la integridad de la barrera cut\u00e1nea. Esto garantiza que la piel se recupere adecuadamente y minimiza el riesgo de efectos adversos.<\/p>\n\n\n\n<figure class=\"wp-block-image size-large\"><a href=\"https:\/\/agenciaseolocal.eu\/bedda\/wp-content\/uploads\/2025\/01\/mujer-recibiendo-un-tratamiento-facial-con-manos-profesionales-en-su-rostro.jpg\"><img decoding=\"async\" width=\"1024\" height=\"585\" src=\"https:\/\/agenciaseolocal.eu\/bedda\/wp-content\/uploads\/2025\/01\/mujer-recibiendo-un-tratamiento-facial-con-manos-profesionales-en-su-rostro-1024x585.jpg\" alt=\"mujer recibiendo un tratamiento facial con manos profesionales en su rostro\" class=\"wp-image-987518223\" srcset=\"https:\/\/agenciaseolocal.eu\/bedda\/wp-content\/uploads\/2025\/01\/mujer-recibiendo-un-tratamiento-facial-con-manos-profesionales-en-su-rostro-980x560.jpg 980w, https:\/\/agenciaseolocal.eu\/bedda\/wp-content\/uploads\/2025\/01\/mujer-recibiendo-un-tratamiento-facial-con-manos-profesionales-en-su-rostro-480x274.jpg 480w\" sizes=\"(min-width: 0px) and (max-width: 480px) 480px, (min-width: 481px) and (max-width: 980px) 980px, (min-width: 981px) 1024px, 100vw\" \/><\/a><\/figure>\n\n\n\n<h3 class=\"wp-block-heading\">Hidrataci\u00f3n y reparaci\u00f3n de la piel tras el tratamiento<\/h3>\n\n\n\n<p>Una de las medidas m\u00e1s importantes post-l\u00e1ser es la hidrataci\u00f3n constante. Utilizar&nbsp;<strong>cremas o geles que contengan ingredientes humectantes<\/strong>&nbsp;ayudar\u00e1 a restaurar la humedad perdida y a calmar la piel irritada. Los productos que contienen aloe vera o \u00e1cido hialur\u00f3nico son particularmente beneficiosos.<\/p>\n\n\n\n<h3 class=\"wp-block-heading\">Ingredientes clave para reforzar la barrera cut\u00e1nea<\/h3>\n\n\n\n<p>Al seleccionar productos para el cuidado posterior, es aconsejable optar por aquellos que contengan ingredientes que refuercen la barrera cut\u00e1nea. Ingredientes como las ceramidas, glicerina y col\u00e1geno son ideales, ya que ayudan a restaurar y mantener la funci\u00f3n de la piel.<\/p>\n\n\n\n<h3 class=\"wp-block-heading\">Consejos para evitar el da\u00f1o por exposici\u00f3n al sol<\/h3>\n\n\n\n<p>Finalmente, es crucial proteger la piel reci\u00e9n tratada de la exposici\u00f3n solar. Usar protector solar de amplio espectro y evitar la exposici\u00f3n directa al sol hasta pasadas&nbsp;<strong>24-72 horas despu\u00e9s del tratamiento<\/strong>&nbsp;es fundamental para prevenir da\u00f1os adicionales.<\/p>\n","protected":false},"excerpt":{"rendered":"<p>La depilaci\u00f3n l\u00e1ser se ha popularizado enormemente en los \u00faltimos a\u00f1os como un\u00a0m\u00e9todo eficaz y duradero para eliminar el vello. Sin embargo, en nuestro\u00a0centro de depilaci\u00f3n l\u00e1ser\u00a0es fundamental entender c\u00f3mo este tratamiento puede afectar la barrera cut\u00e1nea, un componente esencial para mantener la salud de la piel. \u00bfQu\u00e9 es la barrera cut\u00e1nea y por qu\u00e9 [&hellip;]<\/p>\n","protected":false},"author":3,"featured_media":987518220,"comment_status":"open","ping_status":"closed","sticky":false,"template":"","format":"standard","meta":{"_et_pb_use_builder":"off","_et_pb_old_content":"","_et_gb_content_width":"","_joinchat":[],"footnotes":""},"categories":[51,65],"tags":[],"class_list":["post-987518219","post","type-post","status-publish","format-standard","has-post-thumbnail","hentry","category-blog","category-depilacion"],"yoast_head":"<!-- This site is optimized with the Yoast SEO plugin v25.9 - https:\/\/yoast.com\/wordpress\/plugins\/seo\/ -->\n<title>Impacto depilaci\u00f3n en barrera cut\u00e1nea | Centros bedda<\/title>\n<meta name=\"description\" content=\"Explora en Centros bedda c\u00f3mo la depilaci\u00f3n l\u00e1ser puede afectar la barrera protectora de la piel y qu\u00e9 cuidados son necesarios.\" \/>\n<meta name=\"robots\" content=\"noindex, follow, max-snippet:-1, max-image-preview:large, max-video-preview:-1\" \/>\n<meta property=\"og:locale\" content=\"es_ES\" \/>\n<meta property=\"og:type\" content=\"article\" \/>\n<meta property=\"og:title\" content=\"Impacto depilaci\u00f3n en barrera cut\u00e1nea | Centros bedda\" \/>\n<meta property=\"og:description\" content=\"Explora en Centros bedda c\u00f3mo la depilaci\u00f3n l\u00e1ser puede afectar la barrera protectora de la piel y qu\u00e9 cuidados son necesarios.\" \/>\n<meta property=\"og:url\" content=\"https:\/\/agenciaseolocal.eu\/bedda\/impacto-depilacion-laser-barrera-cutanea\/\" \/>\n<meta property=\"og:site_name\" content=\"Centros bedda\" \/>\n<meta property=\"article:publisher\" content=\"https:\/\/www.facebook.com\/centrobedda\" \/>\n<meta property=\"article:published_time\" content=\"2025-01-20T09:23:44+00:00\" \/>\n<meta property=\"article:modified_time\" content=\"2025-01-20T09:23:45+00:00\" \/>\n<meta property=\"og:image\" content=\"https:\/\/agenciaseolocal.eu\/bedda\/wp-content\/uploads\/2025\/01\/piel-con-detalles-brillantes-en-un-tratamiento-de-rejuvenecimiento.jpg\" \/>\n\t<meta property=\"og:image:width\" content=\"2000\" \/>\n\t<meta property=\"og:image:height\" content=\"700\" \/>\n\t<meta property=\"og:image:type\" content=\"image\/jpeg\" \/>\n<meta name=\"author\" content=\"Centros bedda\" \/>\n<meta name=\"twitter:card\" content=\"summary_large_image\" \/>\n<meta name=\"twitter:creator\" content=\"@centrosbedda\" \/>\n<meta name=\"twitter:site\" content=\"@centrosbedda\" \/>\n<meta name=\"twitter:label1\" content=\"Escrito por\" \/>\n\t<meta name=\"twitter:data1\" content=\"Centros bedda\" \/>\n\t<meta name=\"twitter:label2\" content=\"Tiempo de lectura\" \/>\n\t<meta name=\"twitter:data2\" content=\"6 minutos\" \/>\n<!-- \/ Yoast SEO plugin. -->","yoast_head_json":{"title":"Impacto depilaci\u00f3n en barrera cut\u00e1nea | Centros bedda","description":"Explora en Centros bedda c\u00f3mo la depilaci\u00f3n l\u00e1ser puede afectar la barrera protectora de la piel y qu\u00e9 cuidados son necesarios.","robots":{"index":"noindex","follow":"follow","max-snippet":"max-snippet:-1","max-image-preview":"max-image-preview:large","max-video-preview":"max-video-preview:-1"},"og_locale":"es_ES","og_type":"article","og_title":"Impacto depilaci\u00f3n en barrera cut\u00e1nea | Centros bedda","og_description":"Explora en Centros bedda c\u00f3mo la depilaci\u00f3n l\u00e1ser puede afectar la barrera protectora de la piel y qu\u00e9 cuidados son necesarios.","og_url":"https:\/\/agenciaseolocal.eu\/bedda\/impacto-depilacion-laser-barrera-cutanea\/","og_site_name":"Centros bedda","article_publisher":"https:\/\/www.facebook.com\/centrobedda","article_published_time":"2025-01-20T09:23:44+00:00","article_modified_time":"2025-01-20T09:23:45+00:00","og_image":[{"width":2000,"height":700,"url":"https:\/\/agenciaseolocal.eu\/bedda\/wp-content\/uploads\/2025\/01\/piel-con-detalles-brillantes-en-un-tratamiento-de-rejuvenecimiento.jpg","type":"image\/jpeg"}],"author":"Centros bedda","twitter_card":"summary_large_image","twitter_creator":"@centrosbedda","twitter_site":"@centrosbedda","twitter_misc":{"Escrito por":"Centros bedda","Tiempo de lectura":"6 minutos"},"schema":{"@context":"https:\/\/schema.org","@graph":[{"@type":"Article","@id":"https:\/\/agenciaseolocal.eu\/bedda\/impacto-depilacion-laser-barrera-cutanea\/#article","isPartOf":{"@id":"https:\/\/agenciaseolocal.eu\/bedda\/impacto-depilacion-laser-barrera-cutanea\/"},"author":{"name":"Centros bedda","@id":"https:\/\/agenciaseolocal.eu\/bedda\/#\/schema\/person\/ca3010faf67f189fd2de8d61a763fc8b"},"headline":"Impacto de la depilaci\u00f3n l\u00e1ser en la barrera cut\u00e1nea","datePublished":"2025-01-20T09:23:44+00:00","dateModified":"2025-01-20T09:23:45+00:00","mainEntityOfPage":{"@id":"https:\/\/agenciaseolocal.eu\/bedda\/impacto-depilacion-laser-barrera-cutanea\/"},"wordCount":1145,"commentCount":0,"publisher":{"@id":"https:\/\/agenciaseolocal.eu\/bedda\/#organization"},"image":{"@id":"https:\/\/agenciaseolocal.eu\/bedda\/impacto-depilacion-laser-barrera-cutanea\/#primaryimage"},"thumbnailUrl":"https:\/\/agenciaseolocal.eu\/bedda\/wp-content\/uploads\/2025\/01\/piel-con-detalles-brillantes-en-un-tratamiento-de-rejuvenecimiento.jpg","articleSection":["Blog","Depilaci\u00f3n"],"inLanguage":"es","potentialAction":[{"@type":"CommentAction","name":"Comment","target":["https:\/\/agenciaseolocal.eu\/bedda\/impacto-depilacion-laser-barrera-cutanea\/#respond"]}]},{"@type":"WebPage","@id":"https:\/\/agenciaseolocal.eu\/bedda\/impacto-depilacion-laser-barrera-cutanea\/","url":"https:\/\/agenciaseolocal.eu\/bedda\/impacto-depilacion-laser-barrera-cutanea\/","name":"Impacto depilaci\u00f3n en barrera cut\u00e1nea | Centros bedda","isPartOf":{"@id":"https:\/\/agenciaseolocal.eu\/bedda\/#website"},"primaryImageOfPage":{"@id":"https:\/\/agenciaseolocal.eu\/bedda\/impacto-depilacion-laser-barrera-cutanea\/#primaryimage"},"image":{"@id":"https:\/\/agenciaseolocal.eu\/bedda\/impacto-depilacion-laser-barrera-cutanea\/#primaryimage"},"thumbnailUrl":"https:\/\/agenciaseolocal.eu\/bedda\/wp-content\/uploads\/2025\/01\/piel-con-detalles-brillantes-en-un-tratamiento-de-rejuvenecimiento.jpg","datePublished":"2025-01-20T09:23:44+00:00","dateModified":"2025-01-20T09:23:45+00:00","description":"Explora en Centros bedda c\u00f3mo la depilaci\u00f3n l\u00e1ser puede afectar la barrera protectora de la piel y qu\u00e9 cuidados son necesarios.","breadcrumb":{"@id":"https:\/\/agenciaseolocal.eu\/bedda\/impacto-depilacion-laser-barrera-cutanea\/#breadcrumb"},"inLanguage":"es","potentialAction":[{"@type":"ReadAction","target":["https:\/\/agenciaseolocal.eu\/bedda\/impacto-depilacion-laser-barrera-cutanea\/"]}]},{"@type":"ImageObject","inLanguage":"es","@id":"https:\/\/agenciaseolocal.eu\/bedda\/impacto-depilacion-laser-barrera-cutanea\/#primaryimage","url":"https:\/\/agenciaseolocal.eu\/bedda\/wp-content\/uploads\/2025\/01\/piel-con-detalles-brillantes-en-un-tratamiento-de-rejuvenecimiento.jpg","contentUrl":"https:\/\/agenciaseolocal.eu\/bedda\/wp-content\/uploads\/2025\/01\/piel-con-detalles-brillantes-en-un-tratamiento-de-rejuvenecimiento.jpg","width":2000,"height":700,"caption":"piel con detalles brillantes en un tratamiento de rejuvenecimiento"},{"@type":"BreadcrumbList","@id":"https:\/\/agenciaseolocal.eu\/bedda\/impacto-depilacion-laser-barrera-cutanea\/#breadcrumb","itemListElement":[{"@type":"ListItem","position":1,"name":"Portada","item":"https:\/\/agenciaseolocal.eu\/bedda\/"},{"@type":"ListItem","position":2,"name":"Impacto de la depilaci\u00f3n l\u00e1ser en la barrera cut\u00e1nea"}]},{"@type":"WebSite","@id":"https:\/\/agenciaseolocal.eu\/bedda\/#website","url":"https:\/\/agenciaseolocal.eu\/bedda\/","name":"Centros bedda","description":"Centro de depilaci\u00f3n l\u00e1ser","publisher":{"@id":"https:\/\/agenciaseolocal.eu\/bedda\/#organization"},"potentialAction":[{"@type":"SearchAction","target":{"@type":"EntryPoint","urlTemplate":"https:\/\/agenciaseolocal.eu\/bedda\/?s={search_term_string}"},"query-input":{"@type":"PropertyValueSpecification","valueRequired":true,"valueName":"search_term_string"}}],"inLanguage":"es"},{"@type":"Organization","@id":"https:\/\/agenciaseolocal.eu\/bedda\/#organization","name":"Centros bedda","url":"https:\/\/agenciaseolocal.eu\/bedda\/","logo":{"@type":"ImageObject","inLanguage":"es","@id":"https:\/\/agenciaseolocal.eu\/bedda\/#\/schema\/logo\/image\/","url":"https:\/\/agenciaseolocal.eu\/bedda\/wp-content\/uploads\/2024\/04\/centros-bedda-depilacion-laser-logo.png","contentUrl":"https:\/\/agenciaseolocal.eu\/bedda\/wp-content\/uploads\/2024\/04\/centros-bedda-depilacion-laser-logo.png","width":220,"height":220,"caption":"Centros bedda"},"image":{"@id":"https:\/\/agenciaseolocal.eu\/bedda\/#\/schema\/logo\/image\/"},"sameAs":["https:\/\/www.facebook.com\/centrobedda","https:\/\/x.com\/centrosbedda","https:\/\/www.youtube.com\/channel\/UCV57tDnQcnHfTici1funk4g?app=desktop","https:\/\/www.instagram.com\/centrosbedda\/","https:\/\/www.linkedin.com\/company\/centros-bedda\/"]},{"@type":"Person","@id":"https:\/\/agenciaseolocal.eu\/bedda\/#\/schema\/person\/ca3010faf67f189fd2de8d61a763fc8b","name":"Centros bedda","image":{"@type":"ImageObject","inLanguage":"es","@id":"https:\/\/agenciaseolocal.eu\/bedda\/#\/schema\/person\/image\/","url":"https:\/\/secure.gravatar.com\/avatar\/ea1f00b0a249719594f6b50ee5d3214c2c192531d8f80f789208e2aa9605ac08?s=96&d=mm&r=g","contentUrl":"https:\/\/secure.gravatar.com\/avatar\/ea1f00b0a249719594f6b50ee5d3214c2c192531d8f80f789208e2aa9605ac08?s=96&d=mm&r=g","caption":"Centros bedda"},"url":"https:\/\/agenciaseolocal.eu\/bedda\/author\/mktpmp_gedfwb31y\/"}]}},"_links":{"self":[{"href":"https:\/\/agenciaseolocal.eu\/bedda\/wp-json\/wp\/v2\/posts\/987518219","targetHints":{"allow":["GET"]}}],"collection":[{"href":"https:\/\/agenciaseolocal.eu\/bedda\/wp-json\/wp\/v2\/posts"}],"about":[{"href":"https:\/\/agenciaseolocal.eu\/bedda\/wp-json\/wp\/v2\/types\/post"}],"author":[{"embeddable":true,"href":"https:\/\/agenciaseolocal.eu\/bedda\/wp-json\/wp\/v2\/users\/3"}],"replies":[{"embeddable":true,"href":"https:\/\/agenciaseolocal.eu\/bedda\/wp-json\/wp\/v2\/comments?post=987518219"}],"version-history":[{"count":1,"href":"https:\/\/agenciaseolocal.eu\/bedda\/wp-json\/wp\/v2\/posts\/987518219\/revisions"}],"predecessor-version":[{"id":987518224,"href":"https:\/\/agenciaseolocal.eu\/bedda\/wp-json\/wp\/v2\/posts\/987518219\/revisions\/987518224"}],"wp:featuredmedia":[{"embeddable":true,"href":"https:\/\/agenciaseolocal.eu\/bedda\/wp-json\/wp\/v2\/media\/987518220"}],"wp:attachment":[{"href":"https:\/\/agenciaseolocal.eu\/bedda\/wp-json\/wp\/v2\/media?parent=987518219"}],"wp:term":[{"taxonomy":"category","embeddable":true,"href":"https:\/\/agenciaseolocal.eu\/bedda\/wp-json\/wp\/v2\/categories?post=987518219"},{"taxonomy":"post_tag","embeddable":true,"href":"https:\/\/agenciaseolocal.eu\/bedda\/wp-json\/wp\/v2\/tags?post=987518219"}],"curies":[{"name":"wp","href":"https:\/\/api.w.org\/{rel}","templated":true}]}}