{"id":987518495,"date":"2025-02-26T11:48:43","date_gmt":"2025-02-26T10:48:43","guid":{"rendered":"https:\/\/centrosbedda.com\/?p=987518495"},"modified":"2025-02-26T11:48:46","modified_gmt":"2025-02-26T10:48:46","slug":"depilacion-laser-respuesta-inflamatoria","status":"publish","type":"post","link":"https:\/\/agenciaseolocal.eu\/bedda\/depilacion-laser-respuesta-inflamatoria\/","title":{"rendered":"Depilaci\u00f3n l\u00e1ser y respuesta inflamatoria"},"content":{"rendered":"\n<p>La depilaci\u00f3n l\u00e1ser se ha convertido en un\u00a0<strong>m\u00e9todo popular para la eliminaci\u00f3n del vello no deseado<\/strong>\u00a0en\u00a0<a href=\"https:\/\/agenciaseolocal.eu\/bedda\/\">Centros bedda<\/a>. Esto se debe no solo a su eficacia, sino tambi\u00e9n a la promesa de resultados duraderos. Sin embargo, muchos pacientes experimentan una respuesta inflamatoria despu\u00e9s del tratamiento, lo que puede suscitar dudas y preocupaciones.<\/p>\n\n\n\n<h2 class=\"wp-block-heading\">\u00bfPor qu\u00e9 ocurre la inflamaci\u00f3n despu\u00e9s del tratamiento l\u00e1ser?<\/h2>\n\n\n\n<p>La inflamaci\u00f3n post-depilaci\u00f3n l\u00e1ser es causada principalmente por el calor generado durante el procedimiento. Dependiendo de la intensidad del l\u00e1ser y del tipo de piel, el tejido cut\u00e1neo puede reaccionar al calor mediante un proceso inflamatorio.<\/p>\n\n\n\n<p>Cuando se aplica el l\u00e1ser, los fol\u00edculos pilosos absorben la energ\u00eda y se da\u00f1an, lo que desencadena la liberaci\u00f3n de sustancias qu\u00edmicas proinflamatorias. Esto, a su vez, activa las c\u00e9lulas inmunitarias, dando lugar a s\u00edntomas como enrojecimiento, hinchaz\u00f3n y, en ocasiones, picaz\u00f3n.<\/p>\n\n\n\n<h2 class=\"wp-block-heading\">Factores que influyen en la inflamaci\u00f3n post-depilaci\u00f3n l\u00e1ser<\/h2>\n\n\n\n<p>Varios factores pueden afectar la intensidad y duraci\u00f3n de la respuesta inflamatoria que experimenta un individuo despu\u00e9s de la depilaci\u00f3n l\u00e1ser. A continuaci\u00f3n, se presentan algunos de los m\u00e1s relevantes:<\/p>\n\n\n\n<figure class=\"wp-block-image size-large\"><a href=\"https:\/\/agenciaseolocal.eu\/bedda\/wp-content\/uploads\/2025\/02\/especialista-aplicando-tratamiento-facial-en-clinica-estetica.jpg\"><img decoding=\"async\" width=\"1024\" height=\"585\" src=\"https:\/\/agenciaseolocal.eu\/bedda\/wp-content\/uploads\/2025\/02\/especialista-aplicando-tratamiento-facial-en-clinica-estetica-1024x585.jpg\" alt=\"especialista aplicando tratamiento facial en clinica estetica\" class=\"wp-image-987518497\" srcset=\"https:\/\/agenciaseolocal.eu\/bedda\/wp-content\/uploads\/2025\/02\/especialista-aplicando-tratamiento-facial-en-clinica-estetica-980x560.jpg 980w, https:\/\/agenciaseolocal.eu\/bedda\/wp-content\/uploads\/2025\/02\/especialista-aplicando-tratamiento-facial-en-clinica-estetica-480x274.jpg 480w\" sizes=\"(min-width: 0px) and (max-width: 480px) 480px, (min-width: 481px) and (max-width: 980px) 980px, (min-width: 981px) 1024px, 100vw\" \/><\/a><\/figure>\n\n\n\n<ul class=\"wp-block-list\">\n<li>Tipo de piel: Las personas con piel m\u00e1s clara tienden a experimentar\u00a0<strong>menos inflamaci\u00f3n en comparaci\u00f3n con aquellas con piel m\u00e1s oscura<\/strong>. Esto se debe a que el l\u00e1ser se adapta mejor a los tonos de piel claros, minimizando as\u00ed el da\u00f1o a las capas superficiales.<\/li>\n\n\n\n<li>Sensibilidad individual: Cada persona es \u00fanica, y su piel puede reaccionar de manera diferente. La\u00a0<a href=\"https:\/\/agenciaseolocal.eu\/bedda\/depilacion-laser-pieles-sensibles\/\">depilaci\u00f3n l\u00e1ser en pieles sensibles<\/a>\u00a0o con predisposici\u00f3n a alergias pueden experimentar inflamaci\u00f3n m\u00e1s severa.<\/li>\n<\/ul>\n\n\n\n<h2 class=\"wp-block-heading\">\u00bfCu\u00e1nto dura la respuesta inflamatoria tras la depilaci\u00f3n l\u00e1ser?<\/h2>\n\n\n\n<p>La duraci\u00f3n de la respuesta inflamatoria var\u00eda de un individuo a otro. Generalmente, los s\u00edntomas pueden aparecer inmediatamente despu\u00e9s del tratamiento y pueden durar desde unas pocas horas hasta varios d\u00edas. En la mayor\u00eda de los casos, la inflamaci\u00f3n se reduce considerablemente en 24 a 48 horas.<\/p>\n\n\n\n<p>Sin embargo, en algunos casos, es posible que se experimente un aumento de la sensibilidad cut\u00e1nea durante unas&nbsp;<strong>72 horas como m\u00e1ximo<\/strong>. Aplicar crema espec\u00edfica post l\u00e1ser contribuye a que este posible enrojecimiento desaparezca cuanto antes.<\/p>\n\n\n\n<h2 class=\"wp-block-heading\">Cuidados para minimizar la inflamaci\u00f3n<\/h2>\n\n\n\n<p>Existen varios cuidados que pueden ayudar a mitigar la inflamaci\u00f3n despu\u00e9s de someterse a una depilaci\u00f3n l\u00e1ser. Algunos de ellos incluyen:<\/p>\n\n\n\n<figure class=\"wp-block-image size-large\"><a href=\"https:\/\/agenciaseolocal.eu\/bedda\/wp-content\/uploads\/2025\/02\/rostro-con-enrojecimiento-despues-de-tratamiento-estetico.jpg\"><img decoding=\"async\" width=\"1024\" height=\"585\" src=\"https:\/\/agenciaseolocal.eu\/bedda\/wp-content\/uploads\/2025\/02\/rostro-con-enrojecimiento-despues-de-tratamiento-estetico-1024x585.jpg\" alt=\"rostro con enrojecimiento despues de tratamiento estetico\" class=\"wp-image-987518498\" srcset=\"https:\/\/agenciaseolocal.eu\/bedda\/wp-content\/uploads\/2025\/02\/rostro-con-enrojecimiento-despues-de-tratamiento-estetico-980x560.jpg 980w, https:\/\/agenciaseolocal.eu\/bedda\/wp-content\/uploads\/2025\/02\/rostro-con-enrojecimiento-despues-de-tratamiento-estetico-480x274.jpg 480w\" sizes=\"(min-width: 0px) and (max-width: 480px) 480px, (min-width: 481px) and (max-width: 980px) 980px, (min-width: 981px) 1024px, 100vw\" \/><\/a><\/figure>\n\n\n\n<ol class=\"wp-block-list\">\n<li>Aplicar compresas fr\u00edas: Esto puede ayudar a reducir la hinchaz\u00f3n y el enrojecimiento en la zona tratada.<\/li>\n\n\n\n<li>Usar cremas espec\u00edficas post l\u00e1ser: Mantener la piel bien hidratada favorece una mejor recuperaci\u00f3n, as\u00ed que utilizar productos suaves puede tener un efecto positivo. Si quieres saber m\u00e1s\u00a0<a href=\"https:\/\/agenciaseolocal.eu\/bedda\/consejos-hidratacion-antes-despues-depilacion-laser\/\">consejos de hidrataci\u00f3n antes y despu\u00e9s de la depilaci\u00f3n l\u00e1ser<\/a>, no dudes en consultar nuestro art\u00edculo.<\/li>\n\n\n\n<li>Evitar la exposici\u00f3n al sol:\u00a0<strong>La piel sensible puede quemarse f\u00e1cilmente<\/strong>, as\u00ed que es importante protegerla adecuadamente.<\/li>\n\n\n\n<li>No rasurar la zona tratada: Esto podr\u00eda irritar a\u00fan m\u00e1s la piel, por lo que es mejor esperar hasta que la inflamaci\u00f3n disminuya.<\/li>\n<\/ol>\n\n\n\n<h2 class=\"wp-block-heading\">\u00bfC\u00f3mo distinguir una inflamaci\u00f3n normal de una respuesta al\u00e9rgica o infecci\u00f3n?<\/h2>\n\n\n\n<p>Es crucial aprender a diferenciar entre una respuesta inflamatoria normal y signos de alerta que podr\u00edan indicar una reacci\u00f3n al\u00e9rgica o una infecci\u00f3n. Los s\u00edntomas de inflamaci\u00f3n normal suelen incluir enrojecimiento, hinchaz\u00f3n y un leve malestar, pero generalmente no son severos y disminuyen con el tiempo.<\/p>\n\n\n\n<p>Por otro lado, si la inflamaci\u00f3n se acompa\u00f1a de s\u00edntomas como fiebre, secreci\u00f3n purulenta o un aumento significativo del dolor, podr\u00eda ser indicativo de una infecci\u00f3n. En tales casos, es vital&nbsp;<strong>buscar atenci\u00f3n m\u00e9dica de inmediato<\/strong>.<\/p>\n","protected":false},"excerpt":{"rendered":"<p>La depilaci\u00f3n l\u00e1ser se ha convertido en un\u00a0m\u00e9todo popular para la eliminaci\u00f3n del vello no deseado\u00a0en\u00a0Centros bedda. Esto se debe no solo a su eficacia, sino tambi\u00e9n a la promesa de resultados duraderos. Sin embargo, muchos pacientes experimentan una respuesta inflamatoria despu\u00e9s del tratamiento, lo que puede suscitar dudas y preocupaciones. \u00bfPor qu\u00e9 ocurre la [&hellip;]<\/p>\n","protected":false},"author":3,"featured_media":987518496,"comment_status":"open","ping_status":"closed","sticky":false,"template":"","format":"standard","meta":{"_et_pb_use_builder":"off","_et_pb_old_content":"","_et_gb_content_width":"","_joinchat":[],"footnotes":""},"categories":[51,65],"tags":[],"class_list":["post-987518495","post","type-post","status-publish","format-standard","has-post-thumbnail","hentry","category-blog","category-depilacion"],"yoast_head":"<!-- This site is optimized with the Yoast SEO plugin v25.9 - https:\/\/yoast.com\/wordpress\/plugins\/seo\/ -->\n<title>Depilaci\u00f3n y respuesta inflamatoria | Centros bedda<\/title>\n<meta name=\"description\" content=\"Entra ahora en el blog de Centros bedda y descubre cu\u00e1l puede llegar a ser la respuesta inflamatoria del servicio de depilaci\u00f3n l\u00e1ser. \u00a1Te lo contamos!\" \/>\n<meta name=\"robots\" content=\"noindex, follow, max-snippet:-1, max-image-preview:large, max-video-preview:-1\" \/>\n<meta property=\"og:locale\" content=\"es_ES\" \/>\n<meta property=\"og:type\" content=\"article\" \/>\n<meta property=\"og:title\" content=\"Depilaci\u00f3n y respuesta inflamatoria | Centros bedda\" \/>\n<meta property=\"og:description\" content=\"Entra ahora en el blog de Centros bedda y descubre cu\u00e1l puede llegar a ser la respuesta inflamatoria del servicio de depilaci\u00f3n l\u00e1ser. \u00a1Te lo contamos!\" \/>\n<meta property=\"og:url\" content=\"https:\/\/agenciaseolocal.eu\/bedda\/depilacion-laser-respuesta-inflamatoria\/\" \/>\n<meta property=\"og:site_name\" content=\"Centros bedda\" \/>\n<meta property=\"article:publisher\" content=\"https:\/\/www.facebook.com\/centrobedda\" \/>\n<meta property=\"article:published_time\" content=\"2025-02-26T10:48:43+00:00\" \/>\n<meta property=\"article:modified_time\" content=\"2025-02-26T10:48:46+00:00\" \/>\n<meta property=\"og:image\" content=\"https:\/\/agenciaseolocal.eu\/bedda\/wp-content\/uploads\/2025\/02\/mujer-recibiendo-tratamiento-facial-con-luz-led.jpg\" \/>\n\t<meta property=\"og:image:width\" content=\"2000\" \/>\n\t<meta property=\"og:image:height\" content=\"700\" \/>\n\t<meta property=\"og:image:type\" content=\"image\/jpeg\" \/>\n<meta name=\"author\" content=\"Centros bedda\" \/>\n<meta name=\"twitter:card\" content=\"summary_large_image\" \/>\n<meta name=\"twitter:creator\" content=\"@centrosbedda\" \/>\n<meta name=\"twitter:site\" content=\"@centrosbedda\" \/>\n<meta name=\"twitter:label1\" content=\"Escrito por\" \/>\n\t<meta name=\"twitter:data1\" content=\"Centros bedda\" \/>\n\t<meta name=\"twitter:label2\" content=\"Tiempo de lectura\" \/>\n\t<meta name=\"twitter:data2\" content=\"4 minutos\" \/>\n<!-- \/ Yoast SEO plugin. -->","yoast_head_json":{"title":"Depilaci\u00f3n y respuesta inflamatoria | Centros bedda","description":"Entra ahora en el blog de Centros bedda y descubre cu\u00e1l puede llegar a ser la respuesta inflamatoria del servicio de depilaci\u00f3n l\u00e1ser. \u00a1Te lo contamos!","robots":{"index":"noindex","follow":"follow","max-snippet":"max-snippet:-1","max-image-preview":"max-image-preview:large","max-video-preview":"max-video-preview:-1"},"og_locale":"es_ES","og_type":"article","og_title":"Depilaci\u00f3n y respuesta inflamatoria | Centros bedda","og_description":"Entra ahora en el blog de Centros bedda y descubre cu\u00e1l puede llegar a ser la respuesta inflamatoria del servicio de depilaci\u00f3n l\u00e1ser. \u00a1Te lo contamos!","og_url":"https:\/\/agenciaseolocal.eu\/bedda\/depilacion-laser-respuesta-inflamatoria\/","og_site_name":"Centros bedda","article_publisher":"https:\/\/www.facebook.com\/centrobedda","article_published_time":"2025-02-26T10:48:43+00:00","article_modified_time":"2025-02-26T10:48:46+00:00","og_image":[{"width":2000,"height":700,"url":"https:\/\/agenciaseolocal.eu\/bedda\/wp-content\/uploads\/2025\/02\/mujer-recibiendo-tratamiento-facial-con-luz-led.jpg","type":"image\/jpeg"}],"author":"Centros bedda","twitter_card":"summary_large_image","twitter_creator":"@centrosbedda","twitter_site":"@centrosbedda","twitter_misc":{"Escrito por":"Centros bedda","Tiempo de lectura":"4 minutos"},"schema":{"@context":"https:\/\/schema.org","@graph":[{"@type":"Article","@id":"https:\/\/agenciaseolocal.eu\/bedda\/depilacion-laser-respuesta-inflamatoria\/#article","isPartOf":{"@id":"https:\/\/agenciaseolocal.eu\/bedda\/depilacion-laser-respuesta-inflamatoria\/"},"author":{"name":"Centros bedda","@id":"https:\/\/agenciaseolocal.eu\/bedda\/#\/schema\/person\/ca3010faf67f189fd2de8d61a763fc8b"},"headline":"Depilaci\u00f3n l\u00e1ser y respuesta inflamatoria","datePublished":"2025-02-26T10:48:43+00:00","dateModified":"2025-02-26T10:48:46+00:00","mainEntityOfPage":{"@id":"https:\/\/agenciaseolocal.eu\/bedda\/depilacion-laser-respuesta-inflamatoria\/"},"wordCount":672,"commentCount":0,"publisher":{"@id":"https:\/\/agenciaseolocal.eu\/bedda\/#organization"},"image":{"@id":"https:\/\/agenciaseolocal.eu\/bedda\/depilacion-laser-respuesta-inflamatoria\/#primaryimage"},"thumbnailUrl":"https:\/\/agenciaseolocal.eu\/bedda\/wp-content\/uploads\/2025\/02\/mujer-recibiendo-tratamiento-facial-con-luz-led.jpg","articleSection":["Blog","Depilaci\u00f3n"],"inLanguage":"es","potentialAction":[{"@type":"CommentAction","name":"Comment","target":["https:\/\/agenciaseolocal.eu\/bedda\/depilacion-laser-respuesta-inflamatoria\/#respond"]}]},{"@type":"WebPage","@id":"https:\/\/agenciaseolocal.eu\/bedda\/depilacion-laser-respuesta-inflamatoria\/","url":"https:\/\/agenciaseolocal.eu\/bedda\/depilacion-laser-respuesta-inflamatoria\/","name":"Depilaci\u00f3n y respuesta inflamatoria | Centros bedda","isPartOf":{"@id":"https:\/\/agenciaseolocal.eu\/bedda\/#website"},"primaryImageOfPage":{"@id":"https:\/\/agenciaseolocal.eu\/bedda\/depilacion-laser-respuesta-inflamatoria\/#primaryimage"},"image":{"@id":"https:\/\/agenciaseolocal.eu\/bedda\/depilacion-laser-respuesta-inflamatoria\/#primaryimage"},"thumbnailUrl":"https:\/\/agenciaseolocal.eu\/bedda\/wp-content\/uploads\/2025\/02\/mujer-recibiendo-tratamiento-facial-con-luz-led.jpg","datePublished":"2025-02-26T10:48:43+00:00","dateModified":"2025-02-26T10:48:46+00:00","description":"Entra ahora en el blog de Centros bedda y descubre cu\u00e1l puede llegar a ser la respuesta inflamatoria del servicio de depilaci\u00f3n l\u00e1ser. \u00a1Te lo contamos!","breadcrumb":{"@id":"https:\/\/agenciaseolocal.eu\/bedda\/depilacion-laser-respuesta-inflamatoria\/#breadcrumb"},"inLanguage":"es","potentialAction":[{"@type":"ReadAction","target":["https:\/\/agenciaseolocal.eu\/bedda\/depilacion-laser-respuesta-inflamatoria\/"]}]},{"@type":"ImageObject","inLanguage":"es","@id":"https:\/\/agenciaseolocal.eu\/bedda\/depilacion-laser-respuesta-inflamatoria\/#primaryimage","url":"https:\/\/agenciaseolocal.eu\/bedda\/wp-content\/uploads\/2025\/02\/mujer-recibiendo-tratamiento-facial-con-luz-led.jpg","contentUrl":"https:\/\/agenciaseolocal.eu\/bedda\/wp-content\/uploads\/2025\/02\/mujer-recibiendo-tratamiento-facial-con-luz-led.jpg","width":2000,"height":700,"caption":"mujer recibiendo tratamiento facial con luz led"},{"@type":"BreadcrumbList","@id":"https:\/\/agenciaseolocal.eu\/bedda\/depilacion-laser-respuesta-inflamatoria\/#breadcrumb","itemListElement":[{"@type":"ListItem","position":1,"name":"Portada","item":"https:\/\/agenciaseolocal.eu\/bedda\/"},{"@type":"ListItem","position":2,"name":"Depilaci\u00f3n l\u00e1ser y respuesta inflamatoria"}]},{"@type":"WebSite","@id":"https:\/\/agenciaseolocal.eu\/bedda\/#website","url":"https:\/\/agenciaseolocal.eu\/bedda\/","name":"Centros bedda","description":"Centro de depilaci\u00f3n l\u00e1ser","publisher":{"@id":"https:\/\/agenciaseolocal.eu\/bedda\/#organization"},"potentialAction":[{"@type":"SearchAction","target":{"@type":"EntryPoint","urlTemplate":"https:\/\/agenciaseolocal.eu\/bedda\/?s={search_term_string}"},"query-input":{"@type":"PropertyValueSpecification","valueRequired":true,"valueName":"search_term_string"}}],"inLanguage":"es"},{"@type":"Organization","@id":"https:\/\/agenciaseolocal.eu\/bedda\/#organization","name":"Centros bedda","url":"https:\/\/agenciaseolocal.eu\/bedda\/","logo":{"@type":"ImageObject","inLanguage":"es","@id":"https:\/\/agenciaseolocal.eu\/bedda\/#\/schema\/logo\/image\/","url":"https:\/\/agenciaseolocal.eu\/bedda\/wp-content\/uploads\/2024\/04\/centros-bedda-depilacion-laser-logo.png","contentUrl":"https:\/\/agenciaseolocal.eu\/bedda\/wp-content\/uploads\/2024\/04\/centros-bedda-depilacion-laser-logo.png","width":220,"height":220,"caption":"Centros bedda"},"image":{"@id":"https:\/\/agenciaseolocal.eu\/bedda\/#\/schema\/logo\/image\/"},"sameAs":["https:\/\/www.facebook.com\/centrobedda","https:\/\/x.com\/centrosbedda","https:\/\/www.youtube.com\/channel\/UCV57tDnQcnHfTici1funk4g?app=desktop","https:\/\/www.instagram.com\/centrosbedda\/","https:\/\/www.linkedin.com\/company\/centros-bedda\/"]},{"@type":"Person","@id":"https:\/\/agenciaseolocal.eu\/bedda\/#\/schema\/person\/ca3010faf67f189fd2de8d61a763fc8b","name":"Centros bedda","image":{"@type":"ImageObject","inLanguage":"es","@id":"https:\/\/agenciaseolocal.eu\/bedda\/#\/schema\/person\/image\/","url":"https:\/\/secure.gravatar.com\/avatar\/ea1f00b0a249719594f6b50ee5d3214c2c192531d8f80f789208e2aa9605ac08?s=96&d=mm&r=g","contentUrl":"https:\/\/secure.gravatar.com\/avatar\/ea1f00b0a249719594f6b50ee5d3214c2c192531d8f80f789208e2aa9605ac08?s=96&d=mm&r=g","caption":"Centros bedda"},"url":"https:\/\/agenciaseolocal.eu\/bedda\/author\/mktpmp_gedfwb31y\/"}]}},"_links":{"self":[{"href":"https:\/\/agenciaseolocal.eu\/bedda\/wp-json\/wp\/v2\/posts\/987518495","targetHints":{"allow":["GET"]}}],"collection":[{"href":"https:\/\/agenciaseolocal.eu\/bedda\/wp-json\/wp\/v2\/posts"}],"about":[{"href":"https:\/\/agenciaseolocal.eu\/bedda\/wp-json\/wp\/v2\/types\/post"}],"author":[{"embeddable":true,"href":"https:\/\/agenciaseolocal.eu\/bedda\/wp-json\/wp\/v2\/users\/3"}],"replies":[{"embeddable":true,"href":"https:\/\/agenciaseolocal.eu\/bedda\/wp-json\/wp\/v2\/comments?post=987518495"}],"version-history":[{"count":1,"href":"https:\/\/agenciaseolocal.eu\/bedda\/wp-json\/wp\/v2\/posts\/987518495\/revisions"}],"predecessor-version":[{"id":987518499,"href":"https:\/\/agenciaseolocal.eu\/bedda\/wp-json\/wp\/v2\/posts\/987518495\/revisions\/987518499"}],"wp:featuredmedia":[{"embeddable":true,"href":"https:\/\/agenciaseolocal.eu\/bedda\/wp-json\/wp\/v2\/media\/987518496"}],"wp:attachment":[{"href":"https:\/\/agenciaseolocal.eu\/bedda\/wp-json\/wp\/v2\/media?parent=987518495"}],"wp:term":[{"taxonomy":"category","embeddable":true,"href":"https:\/\/agenciaseolocal.eu\/bedda\/wp-json\/wp\/v2\/categories?post=987518495"},{"taxonomy":"post_tag","embeddable":true,"href":"https:\/\/agenciaseolocal.eu\/bedda\/wp-json\/wp\/v2\/tags?post=987518495"}],"curies":[{"name":"wp","href":"https:\/\/api.w.org\/{rel}","templated":true}]}}