{"id":987518750,"date":"2025-04-21T12:29:05","date_gmt":"2025-04-21T10:29:05","guid":{"rendered":"https:\/\/centrosbedda.com\/?p=987518750"},"modified":"2025-04-21T12:29:07","modified_gmt":"2025-04-21T10:29:07","slug":"que-son-fototipos-mixtos","status":"publish","type":"post","link":"https:\/\/agenciaseolocal.eu\/bedda\/que-son-fototipos-mixtos\/","title":{"rendered":"\u00bfQu\u00e9 son los fototipos mixtos?"},"content":{"rendered":"\n<p>Los fototipos mixtos son un&nbsp;<strong>concepto importante en la dermatolog\u00eda<\/strong>, especialmente en el \u00e1mbito del cuidado de la piel y la est\u00e9tica en&nbsp;<a href=\"https:\/\/agenciaseolocal.eu\/bedda\/\">Centros bedda<\/a>. Se refieren a un tipo de piel que presenta caracter\u00edsticas de m\u00e1s de un fototipo, siendo una combinaci\u00f3n de diferentes caracter\u00edsticas que pueden influir en c\u00f3mo la piel reacciona ante factores externos como el sol o productos cosm\u00e9ticos.<\/p>\n\n\n\n<h2 class=\"wp-block-heading\">\u00bfQu\u00e9 significa tener un fototipo de piel combinado?<\/h2>\n\n\n\n<p>Tener un fototipo de piel combinado indica que la piel presenta caracter\u00edsticas que no se alinean completamente con un solo fototipo. Por ejemplo, una persona puede tener \u00e1reas de su piel m\u00e1s claras y propensas a quemaduras solares en algunas partes, mientras que en otras puede ser m\u00e1s resistente al sol y broncearse con mayor facilidad.<\/p>\n\n\n\n<p>Esto puede deberse a una variedad de factores, incluyendo&nbsp;<strong>la gen\u00e9tica, el historial de exposici\u00f3n solar y las variaciones en la producci\u00f3n de melanina<\/strong>. Comprender esto es esencial para seleccionar los productos y tratamientos adecuados para el cuidado de la piel.<\/p>\n\n\n\n<h3 class=\"wp-block-heading\">Diferencias entre fototipos puros y mixtos<\/h3>\n\n\n\n<p>Los fototipos puros se refieren a aquellos que incluyen caracter\u00edsticas espec\u00edficas y predecibles. Por ejemplo, el fototipo I es generalmente muy claro, con piel que siempre se quema y nunca se broncea. En contraste, los fototipos mixtos pueden incluir caracter\u00edsticas de m\u00faltiples fototipos, presentando as\u00ed un perfil m\u00e1s complicado.<\/p>\n\n\n\n<figure class=\"wp-block-image size-large\"><a href=\"https:\/\/agenciaseolocal.eu\/bedda\/wp-content\/uploads\/2025\/04\/mujeres-sonrientes-amistad-aire-libre-luz-natural-felicidad.jpg\"><img decoding=\"async\" width=\"1024\" height=\"585\" src=\"https:\/\/agenciaseolocal.eu\/bedda\/wp-content\/uploads\/2025\/04\/mujeres-sonrientes-amistad-aire-libre-luz-natural-felicidad-1024x585.jpg\" alt=\"mujeres sonrientes amistad aire libre luz natural felicidad\" class=\"wp-image-987518752\" srcset=\"https:\/\/agenciaseolocal.eu\/bedda\/wp-content\/uploads\/2025\/04\/mujeres-sonrientes-amistad-aire-libre-luz-natural-felicidad-980x560.jpg 980w, https:\/\/agenciaseolocal.eu\/bedda\/wp-content\/uploads\/2025\/04\/mujeres-sonrientes-amistad-aire-libre-luz-natural-felicidad-480x274.jpg 480w\" sizes=\"(min-width: 0px) and (max-width: 480px) 480px, (min-width: 481px) and (max-width: 980px) 980px, (min-width: 981px) 1024px, 100vw\" \/><\/a><\/figure>\n\n\n\n<p>Esta mezcla puede requerir un&nbsp;<strong>enfoque individualizado en el cuidado de la piel<\/strong>, ya que cada zona puede necesitar diferentes tipos de hidrataci\u00f3n, protecci\u00f3n solar o tratamientos especiales. Por ejemplo, las \u00e1reas m\u00e1s claras pueden beneficiarse de cremas con mayor factor de protecci\u00f3n solar, mientras que las zonas m\u00e1s resistentes pueden tolerar productos con ingredientes activos m\u00e1s fuertes, como \u00e1cidos exfoliantes.<\/p>\n\n\n\n<h2 class=\"wp-block-heading\">C\u00f3mo identificar si tienes un fototipo mixto<\/h2>\n\n\n\n<p>Identificar si tienes un fototipo de piel combinado no siempre es f\u00e1cil. Un m\u00e9todo efectivo incluye observar c\u00f3mo reacciona tu piel a la exposici\u00f3n solar. Si, por ejemplo, parte de tu piel se quema f\u00e1cilmente mientras que otras \u00e1reas se broncean r\u00e1pidamente, es un indicio de un fototipo mixto.<\/p>\n\n\n\n<p><strong>Es recomendable realizar una autoevaluaci\u00f3n<\/strong>, tomando en cuenta c\u00f3mo se comporta la piel en diferentes \u00e9pocas del a\u00f1o y bajo distintas condiciones. Asimismo, consultar a un dermat\u00f3logo puede proporcionar una visi\u00f3n m\u00e1s clara, as\u00ed como una asesor\u00eda adecuada para el cuidado de la piel.<\/p>\n\n\n\n<p>Un dermat\u00f3logo tambi\u00e9n puede recomendar pruebas espec\u00edficas, como an\u00e1lisis de sensibilidad o pruebas de alergia, que pueden ayudar a determinar el mejor enfoque para el cuidado de tu piel, asegurando que cada \u00e1rea reciba la atenci\u00f3n que necesita.<\/p>\n\n\n\n<h2 class=\"wp-block-heading\">Factores que determinan el tono y sensibilidad de la piel<\/h2>\n\n\n\n<p>Diversos factores influyen en la determinaci\u00f3n del tono y sensibilidad de la piel. Entre ellos, la gen\u00e9tica juega un papel crucial, ya que los antecedentes familiares pueden predecir c\u00f3mo la piel de una persona reaccionar\u00e1 ante el sol y otros agentes externos.<\/p>\n\n\n\n<p>Por ejemplo,&nbsp;<strong>las personas con antecedentes familiares de piel clara tienden a ser m\u00e1s propensas a quemaduras solares&nbsp;<\/strong>y a desarrollar condiciones como la ros\u00e1cea, mientras que aquellos con piel m\u00e1s oscura pueden tener una mayor resistencia a los efectos nocivos del sol.<\/p>\n\n\n\n<p>La exposici\u00f3n previa al sol tambi\u00e9n es fundamental, ya que la piel puede volverse m\u00e1s resistente o m\u00e1s sensible dependiendo de la cantidad de sol recibida en el pasado. Otras consideraciones incluyen la edad, el clima local y los h\u00e1bitos de cuidado personal, como la hidrataci\u00f3n y el uso de protector solar.<\/p>\n\n\n\n<p>La piel de los adolescentes, por ejemplo, puede ser m\u00e1s grasa y propensa al acn\u00e9, mientras que la piel de las personas mayores tiende a ser m\u00e1s seca y fina, lo que requiere un enfoque diferente en el cuidado diario.<\/p>\n\n\n\n<h3 class=\"wp-block-heading\">Impacto de los fototipos mixtos en el cuidado de la piel<\/h3>\n\n\n\n<p>Los fototipos mixtos presentan un desaf\u00edo en el cuidado de la piel. Las diferentes reacciones en las zonas de la piel exigen rutinariamente una&nbsp;<strong>estrategia \u00fanica para el cuidado<\/strong>. Por ejemplo, es posible que se necesiten diferentes tipos de hidrataci\u00f3n en cada \u00e1rea, o que se precisen tratamientos espec\u00edficos para combatir problemas que afectan solo a ciertas partes de la piel.<\/p>\n\n\n\n<figure class=\"wp-block-image size-large\"><a href=\"https:\/\/agenciaseolocal.eu\/bedda\/wp-content\/uploads\/2025\/04\/primer-plano-doble-rostro-mujer-afro-piel-natural-sol.jpg\"><img decoding=\"async\" width=\"1024\" height=\"585\" src=\"https:\/\/agenciaseolocal.eu\/bedda\/wp-content\/uploads\/2025\/04\/primer-plano-doble-rostro-mujer-afro-piel-natural-sol-1024x585.jpg\" alt=\"primer plano doble rostro mujer afro piel natural sol\" class=\"wp-image-987518753\" srcset=\"https:\/\/agenciaseolocal.eu\/bedda\/wp-content\/uploads\/2025\/04\/primer-plano-doble-rostro-mujer-afro-piel-natural-sol-980x560.jpg 980w, https:\/\/agenciaseolocal.eu\/bedda\/wp-content\/uploads\/2025\/04\/primer-plano-doble-rostro-mujer-afro-piel-natural-sol-480x274.jpg 480w\" sizes=\"(min-width: 0px) and (max-width: 480px) 480px, (min-width: 481px) and (max-width: 980px) 980px, (min-width: 981px) 1024px, 100vw\" \/><\/a><\/figure>\n\n\n\n<p>Esto puede incluir el uso de productos m\u00e1s ricos en emolientes para \u00e1reas secas, mientras que las zonas m\u00e1s grasas pueden beneficiarse de f\u00f3rmulas m\u00e1s ligeras y matificantes.<\/p>\n\n\n\n<h2 class=\"wp-block-heading\">C\u00f3mo elegir productos y procedimientos adecuados para tu piel<\/h2>\n\n\n\n<p>Elegir los productos adecuados para pieles con fototipos mixtos requiere un an\u00e1lisis cuidadoso. Prioriza&nbsp;<strong>productos que sean hipoalerg\u00e9nicos<\/strong>&nbsp;y que contengan ingredientes que ofrezcan beneficios tanto para \u00e1reas m\u00e1s sensibles como para aquellas que responden bien al sol.<\/p>\n\n\n\n<p>Por ejemplo, ingredientes como el \u00e1cido hialur\u00f3nico pueden ayudar a mantener la hidrataci\u00f3n sin ser demasiado pesados, mientras que los antioxidantes como la vitamina C pueden proteger las \u00e1reas m\u00e1s expuestas a la contaminaci\u00f3n y el da\u00f1o solar.<\/p>\n\n\n\n<ul class=\"wp-block-list\">\n<li>Busca hidratantes ligeros que no obstruyan los poros, pero que tambi\u00e9n proporcionen suficiente humedad a las partes m\u00e1s secas.<\/li>\n\n\n\n<li><strong>Elige protectores solares con amplio espectro<\/strong>, que protejan tanto contra los rayos UVA como UVB, adapt\u00e1ndose a las diferentes necesidades de tu piel.<\/li>\n\n\n\n<li>Consulta con un dermat\u00f3logo para procedimientos que puedan ayudar a equilibrar la piel, como peelings o tratamientos de luz, que pueden ofrecer resultados a medida.<\/li>\n<\/ul>\n","protected":false},"excerpt":{"rendered":"<p>Los fototipos mixtos son un&nbsp;concepto importante en la dermatolog\u00eda, especialmente en el \u00e1mbito del cuidado de la piel y la est\u00e9tica en&nbsp;Centros bedda. Se refieren a un tipo de piel que presenta caracter\u00edsticas de m\u00e1s de un fototipo, siendo una combinaci\u00f3n de diferentes caracter\u00edsticas que pueden influir en c\u00f3mo la piel reacciona ante factores externos [&hellip;]<\/p>\n","protected":false},"author":3,"featured_media":987518751,"comment_status":"open","ping_status":"closed","sticky":false,"template":"","format":"standard","meta":{"_et_pb_use_builder":"off","_et_pb_old_content":"","_et_gb_content_width":"","_joinchat":[],"footnotes":""},"categories":[51],"tags":[],"class_list":["post-987518750","post","type-post","status-publish","format-standard","has-post-thumbnail","hentry","category-blog"],"yoast_head":"<!-- This site is optimized with the Yoast SEO plugin v25.9 - https:\/\/yoast.com\/wordpress\/plugins\/seo\/ -->\n<title>Qu\u00e9 son los fototipos mixtos | Centros bedda<\/title>\n<meta name=\"description\" content=\"Si tu piel no encaja en un solo fototipo, podr\u00edas tener un fototipo mixto. Descubre en Centros bedda qu\u00e9 significa y c\u00f3mo influye en el l\u00e1ser.\" \/>\n<meta name=\"robots\" content=\"noindex, follow, max-snippet:-1, max-image-preview:large, max-video-preview:-1\" \/>\n<meta property=\"og:locale\" content=\"es_ES\" \/>\n<meta property=\"og:type\" content=\"article\" \/>\n<meta property=\"og:title\" content=\"Qu\u00e9 son los fototipos mixtos | Centros bedda\" \/>\n<meta property=\"og:description\" content=\"Si tu piel no encaja en un solo fototipo, podr\u00edas tener un fototipo mixto. Descubre en Centros bedda qu\u00e9 significa y c\u00f3mo influye en el l\u00e1ser.\" \/>\n<meta property=\"og:url\" content=\"https:\/\/agenciaseolocal.eu\/bedda\/que-son-fototipos-mixtos\/\" \/>\n<meta property=\"og:site_name\" content=\"Centros bedda\" \/>\n<meta property=\"article:publisher\" content=\"https:\/\/www.facebook.com\/centrobedda\" \/>\n<meta property=\"article:published_time\" content=\"2025-04-21T10:29:05+00:00\" \/>\n<meta property=\"article:modified_time\" content=\"2025-04-21T10:29:07+00:00\" \/>\n<meta property=\"og:image\" content=\"https:\/\/agenciaseolocal.eu\/bedda\/wp-content\/uploads\/2025\/04\/rostros-mixtos-iluminados-contraste-emociones-expresion-facial.jpg\" \/>\n\t<meta property=\"og:image:width\" content=\"2000\" \/>\n\t<meta property=\"og:image:height\" content=\"700\" \/>\n\t<meta property=\"og:image:type\" content=\"image\/jpeg\" \/>\n<meta name=\"author\" content=\"Centros bedda\" \/>\n<meta name=\"twitter:card\" content=\"summary_large_image\" \/>\n<meta name=\"twitter:creator\" content=\"@centrosbedda\" \/>\n<meta name=\"twitter:site\" content=\"@centrosbedda\" \/>\n<meta name=\"twitter:label1\" content=\"Escrito por\" \/>\n\t<meta name=\"twitter:data1\" content=\"Centros bedda\" \/>\n\t<meta name=\"twitter:label2\" content=\"Tiempo de lectura\" \/>\n\t<meta name=\"twitter:data2\" content=\"5 minutos\" \/>\n<!-- \/ Yoast SEO plugin. -->","yoast_head_json":{"title":"Qu\u00e9 son los fototipos mixtos | Centros bedda","description":"Si tu piel no encaja en un solo fototipo, podr\u00edas tener un fototipo mixto. Descubre en Centros bedda qu\u00e9 significa y c\u00f3mo influye en el l\u00e1ser.","robots":{"index":"noindex","follow":"follow","max-snippet":"max-snippet:-1","max-image-preview":"max-image-preview:large","max-video-preview":"max-video-preview:-1"},"og_locale":"es_ES","og_type":"article","og_title":"Qu\u00e9 son los fototipos mixtos | Centros bedda","og_description":"Si tu piel no encaja en un solo fototipo, podr\u00edas tener un fototipo mixto. Descubre en Centros bedda qu\u00e9 significa y c\u00f3mo influye en el l\u00e1ser.","og_url":"https:\/\/agenciaseolocal.eu\/bedda\/que-son-fototipos-mixtos\/","og_site_name":"Centros bedda","article_publisher":"https:\/\/www.facebook.com\/centrobedda","article_published_time":"2025-04-21T10:29:05+00:00","article_modified_time":"2025-04-21T10:29:07+00:00","og_image":[{"width":2000,"height":700,"url":"https:\/\/agenciaseolocal.eu\/bedda\/wp-content\/uploads\/2025\/04\/rostros-mixtos-iluminados-contraste-emociones-expresion-facial.jpg","type":"image\/jpeg"}],"author":"Centros bedda","twitter_card":"summary_large_image","twitter_creator":"@centrosbedda","twitter_site":"@centrosbedda","twitter_misc":{"Escrito por":"Centros bedda","Tiempo de lectura":"5 minutos"},"schema":{"@context":"https:\/\/schema.org","@graph":[{"@type":"Article","@id":"https:\/\/agenciaseolocal.eu\/bedda\/que-son-fototipos-mixtos\/#article","isPartOf":{"@id":"https:\/\/agenciaseolocal.eu\/bedda\/que-son-fototipos-mixtos\/"},"author":{"name":"Centros bedda","@id":"https:\/\/agenciaseolocal.eu\/bedda\/#\/schema\/person\/ca3010faf67f189fd2de8d61a763fc8b"},"headline":"\u00bfQu\u00e9 son los fototipos mixtos?","datePublished":"2025-04-21T10:29:05+00:00","dateModified":"2025-04-21T10:29:07+00:00","mainEntityOfPage":{"@id":"https:\/\/agenciaseolocal.eu\/bedda\/que-son-fototipos-mixtos\/"},"wordCount":953,"commentCount":0,"publisher":{"@id":"https:\/\/agenciaseolocal.eu\/bedda\/#organization"},"image":{"@id":"https:\/\/agenciaseolocal.eu\/bedda\/que-son-fototipos-mixtos\/#primaryimage"},"thumbnailUrl":"https:\/\/agenciaseolocal.eu\/bedda\/wp-content\/uploads\/2025\/04\/rostros-mixtos-iluminados-contraste-emociones-expresion-facial.jpg","articleSection":["Blog"],"inLanguage":"es","potentialAction":[{"@type":"CommentAction","name":"Comment","target":["https:\/\/agenciaseolocal.eu\/bedda\/que-son-fototipos-mixtos\/#respond"]}]},{"@type":"WebPage","@id":"https:\/\/agenciaseolocal.eu\/bedda\/que-son-fototipos-mixtos\/","url":"https:\/\/agenciaseolocal.eu\/bedda\/que-son-fototipos-mixtos\/","name":"Qu\u00e9 son los fototipos mixtos | Centros bedda","isPartOf":{"@id":"https:\/\/agenciaseolocal.eu\/bedda\/#website"},"primaryImageOfPage":{"@id":"https:\/\/agenciaseolocal.eu\/bedda\/que-son-fototipos-mixtos\/#primaryimage"},"image":{"@id":"https:\/\/agenciaseolocal.eu\/bedda\/que-son-fototipos-mixtos\/#primaryimage"},"thumbnailUrl":"https:\/\/agenciaseolocal.eu\/bedda\/wp-content\/uploads\/2025\/04\/rostros-mixtos-iluminados-contraste-emociones-expresion-facial.jpg","datePublished":"2025-04-21T10:29:05+00:00","dateModified":"2025-04-21T10:29:07+00:00","description":"Si tu piel no encaja en un solo fototipo, podr\u00edas tener un fototipo mixto. Descubre en Centros bedda qu\u00e9 significa y c\u00f3mo influye en el l\u00e1ser.","breadcrumb":{"@id":"https:\/\/agenciaseolocal.eu\/bedda\/que-son-fototipos-mixtos\/#breadcrumb"},"inLanguage":"es","potentialAction":[{"@type":"ReadAction","target":["https:\/\/agenciaseolocal.eu\/bedda\/que-son-fototipos-mixtos\/"]}]},{"@type":"ImageObject","inLanguage":"es","@id":"https:\/\/agenciaseolocal.eu\/bedda\/que-son-fototipos-mixtos\/#primaryimage","url":"https:\/\/agenciaseolocal.eu\/bedda\/wp-content\/uploads\/2025\/04\/rostros-mixtos-iluminados-contraste-emociones-expresion-facial.jpg","contentUrl":"https:\/\/agenciaseolocal.eu\/bedda\/wp-content\/uploads\/2025\/04\/rostros-mixtos-iluminados-contraste-emociones-expresion-facial.jpg","width":2000,"height":700,"caption":"rostros mixtos iluminados contraste emociones expresion facial"},{"@type":"BreadcrumbList","@id":"https:\/\/agenciaseolocal.eu\/bedda\/que-son-fototipos-mixtos\/#breadcrumb","itemListElement":[{"@type":"ListItem","position":1,"name":"Portada","item":"https:\/\/agenciaseolocal.eu\/bedda\/"},{"@type":"ListItem","position":2,"name":"\u00bfQu\u00e9 son los fototipos mixtos?"}]},{"@type":"WebSite","@id":"https:\/\/agenciaseolocal.eu\/bedda\/#website","url":"https:\/\/agenciaseolocal.eu\/bedda\/","name":"Centros bedda","description":"Centro de depilaci\u00f3n l\u00e1ser","publisher":{"@id":"https:\/\/agenciaseolocal.eu\/bedda\/#organization"},"potentialAction":[{"@type":"SearchAction","target":{"@type":"EntryPoint","urlTemplate":"https:\/\/agenciaseolocal.eu\/bedda\/?s={search_term_string}"},"query-input":{"@type":"PropertyValueSpecification","valueRequired":true,"valueName":"search_term_string"}}],"inLanguage":"es"},{"@type":"Organization","@id":"https:\/\/agenciaseolocal.eu\/bedda\/#organization","name":"Centros bedda","url":"https:\/\/agenciaseolocal.eu\/bedda\/","logo":{"@type":"ImageObject","inLanguage":"es","@id":"https:\/\/agenciaseolocal.eu\/bedda\/#\/schema\/logo\/image\/","url":"https:\/\/agenciaseolocal.eu\/bedda\/wp-content\/uploads\/2024\/04\/centros-bedda-depilacion-laser-logo.png","contentUrl":"https:\/\/agenciaseolocal.eu\/bedda\/wp-content\/uploads\/2024\/04\/centros-bedda-depilacion-laser-logo.png","width":220,"height":220,"caption":"Centros bedda"},"image":{"@id":"https:\/\/agenciaseolocal.eu\/bedda\/#\/schema\/logo\/image\/"},"sameAs":["https:\/\/www.facebook.com\/centrobedda","https:\/\/x.com\/centrosbedda","https:\/\/www.youtube.com\/channel\/UCV57tDnQcnHfTici1funk4g?app=desktop","https:\/\/www.instagram.com\/centrosbedda\/","https:\/\/www.linkedin.com\/company\/centros-bedda\/"]},{"@type":"Person","@id":"https:\/\/agenciaseolocal.eu\/bedda\/#\/schema\/person\/ca3010faf67f189fd2de8d61a763fc8b","name":"Centros bedda","image":{"@type":"ImageObject","inLanguage":"es","@id":"https:\/\/agenciaseolocal.eu\/bedda\/#\/schema\/person\/image\/","url":"https:\/\/secure.gravatar.com\/avatar\/ea1f00b0a249719594f6b50ee5d3214c2c192531d8f80f789208e2aa9605ac08?s=96&d=mm&r=g","contentUrl":"https:\/\/secure.gravatar.com\/avatar\/ea1f00b0a249719594f6b50ee5d3214c2c192531d8f80f789208e2aa9605ac08?s=96&d=mm&r=g","caption":"Centros bedda"},"url":"https:\/\/agenciaseolocal.eu\/bedda\/author\/mktpmp_gedfwb31y\/"}]}},"_links":{"self":[{"href":"https:\/\/agenciaseolocal.eu\/bedda\/wp-json\/wp\/v2\/posts\/987518750","targetHints":{"allow":["GET"]}}],"collection":[{"href":"https:\/\/agenciaseolocal.eu\/bedda\/wp-json\/wp\/v2\/posts"}],"about":[{"href":"https:\/\/agenciaseolocal.eu\/bedda\/wp-json\/wp\/v2\/types\/post"}],"author":[{"embeddable":true,"href":"https:\/\/agenciaseolocal.eu\/bedda\/wp-json\/wp\/v2\/users\/3"}],"replies":[{"embeddable":true,"href":"https:\/\/agenciaseolocal.eu\/bedda\/wp-json\/wp\/v2\/comments?post=987518750"}],"version-history":[{"count":1,"href":"https:\/\/agenciaseolocal.eu\/bedda\/wp-json\/wp\/v2\/posts\/987518750\/revisions"}],"predecessor-version":[{"id":987518754,"href":"https:\/\/agenciaseolocal.eu\/bedda\/wp-json\/wp\/v2\/posts\/987518750\/revisions\/987518754"}],"wp:featuredmedia":[{"embeddable":true,"href":"https:\/\/agenciaseolocal.eu\/bedda\/wp-json\/wp\/v2\/media\/987518751"}],"wp:attachment":[{"href":"https:\/\/agenciaseolocal.eu\/bedda\/wp-json\/wp\/v2\/media?parent=987518750"}],"wp:term":[{"taxonomy":"category","embeddable":true,"href":"https:\/\/agenciaseolocal.eu\/bedda\/wp-json\/wp\/v2\/categories?post=987518750"},{"taxonomy":"post_tag","embeddable":true,"href":"https:\/\/agenciaseolocal.eu\/bedda\/wp-json\/wp\/v2\/tags?post=987518750"}],"curies":[{"name":"wp","href":"https:\/\/api.w.org\/{rel}","templated":true}]}}