{"id":987518760,"date":"2025-04-21T12:30:11","date_gmt":"2025-04-21T10:30:11","guid":{"rendered":"https:\/\/centrosbedda.com\/?p=987518760"},"modified":"2025-04-21T12:30:12","modified_gmt":"2025-04-21T10:30:12","slug":"se-puede-tomar-medicacion-despues-del-laser","status":"publish","type":"post","link":"https:\/\/agenciaseolocal.eu\/bedda\/se-puede-tomar-medicacion-despues-del-laser\/","title":{"rendered":"\u00bfSe puede tomar medicaci\u00f3n despu\u00e9s del l\u00e1ser?"},"content":{"rendered":"\n<p>La depilaci\u00f3n l\u00e1ser es un&nbsp;<strong>procedimiento popular y eficaz para la reducci\u00f3n del vello<\/strong>&nbsp;en&nbsp;<a href=\"https:\/\/agenciaseolocal.eu\/bedda\/\">Centros bedda<\/a>. Sin embargo, muchos pacientes se preguntan sobre la posibilidad de continuar con sus tratamientos m\u00e9dicos luego de la sesi\u00f3n l\u00e1ser. Este art\u00edculo pretende aclarar estas dudas y proporcionar informaci\u00f3n relevante sobre la interacci\u00f3n entre el tratamiento l\u00e1ser y la medicaci\u00f3n.<\/p>\n\n\n\n<h2 class=\"wp-block-heading\">\u00bfSe puede tomar medicaci\u00f3n despu\u00e9s del l\u00e1ser?<\/h2>\n\n\n\n<p>En general, la mayor\u00eda de los pacientes pueden continuar tom\u00e1ndose su medicaci\u00f3n habitual despu\u00e9s de una sesi\u00f3n de depilaci\u00f3n l\u00e1ser. Sin embargo, existen consideraciones importantes que deben tenerse en cuenta. La recomendaci\u00f3n es siempre consultar con el m\u00e9dico o el dermat\u00f3logo que est\u00e9 supervisando el tratamiento para asegurar que no haya interacciones perjudiciales.<\/p>\n\n\n\n<figure class=\"wp-block-image size-large\"><a href=\"https:\/\/agenciaseolocal.eu\/bedda\/wp-content\/uploads\/2025\/04\/paciente-mujer-consulta-medica-seriedad-confianza-doctora.jpg\"><img decoding=\"async\" width=\"1024\" height=\"585\" src=\"https:\/\/agenciaseolocal.eu\/bedda\/wp-content\/uploads\/2025\/04\/paciente-mujer-consulta-medica-seriedad-confianza-doctora-1024x585.jpg\" alt=\"paciente mujer consulta medica seriedad confianza doctora\" class=\"wp-image-987518762\" srcset=\"https:\/\/agenciaseolocal.eu\/bedda\/wp-content\/uploads\/2025\/04\/paciente-mujer-consulta-medica-seriedad-confianza-doctora-980x560.jpg 980w, https:\/\/agenciaseolocal.eu\/bedda\/wp-content\/uploads\/2025\/04\/paciente-mujer-consulta-medica-seriedad-confianza-doctora-480x274.jpg 480w\" sizes=\"(min-width: 0px) and (max-width: 480px) 480px, (min-width: 481px) and (max-width: 980px) 980px, (min-width: 981px) 1024px, 100vw\" \/><\/a><\/figure>\n\n\n\n<p>Algunos medicamentos pueden&nbsp;<strong>aumentar el riesgo de efectos secundarios o afectar el resultado del tratamiento<\/strong>. Por tanto, es esencial proporcionar al profesional de la salud una lista de todos los medicamentos que se est\u00e9n tomando, incluyendo tratamientos t\u00f3picos.<\/p>\n\n\n\n<h3 class=\"wp-block-heading\">C\u00f3mo ciertos medicamentos pueden afectar la piel tras el l\u00e1ser<\/h3>\n\n\n\n<p>Los medicamentos pueden alterar la respuesta de la piel despu\u00e9s del tratamiento l\u00e1ser. Algunos f\u00e1rmacos pueden causar mayor sensibilidad, o incluso llevar a reacciones adversas que pueden comprometer la recuperaci\u00f3n cut\u00e1nea. Por ejemplo, los corticosteroides pueden cambiar la forma en que la piel reacciona a la luz l\u00e1ser.<\/p>\n\n\n\n<p>Esto no solo afecta el \u00e9xito del tratamiento, sino que tambi\u00e9n puede llevar a complicaciones como&nbsp;<strong>enrojecimiento excesivo, inflamaci\u00f3n y, en casos raros, hiperpigmentaci\u00f3n<\/strong>. Por tal motivo, se aconseja esperar al menos una semana despu\u00e9s de recibir el tratamiento con l\u00e1ser antes de iniciar una nueva medicaci\u00f3n, a menos que se indique lo contrario por un profesional m\u00e9dico.<\/p>\n\n\n\n<h2 class=\"wp-block-heading\">Interacciones entre la depilaci\u00f3n l\u00e1ser y medicaci\u00f3n<\/h2>\n\n\n\n<h3 class=\"wp-block-heading\">Antibi\u00f3ticos, antiinflamatorios<\/h3>\n\n\n\n<p>Un grupo importante de medicamentos a considerar son los antibi\u00f3ticos y antiinflamatorios. Si bien generalmente se pueden tomar despu\u00e9s del tratamiento, el uso de ciertos antibi\u00f3ticos, en particular, puede afectar la piel y su capacidad para sanar.<\/p>\n\n\n\n<p>La combinaci\u00f3n de tratamientos con l\u00e1ser y antibi\u00f3ticos que causan fotosensibilidad puede llevar a reacciones adversas. Por ejemplo, los medicamentos como la doxiciclina o la tetraciclina&nbsp;<strong>aumentan la sensibilidad de la piel a la luz<\/strong>. Si estos f\u00e1rmacos son necesarios, es aconsejable esperar hasta que el efecto del l\u00e1ser haya disminuido antes de comenzar el tratamiento con antibi\u00f3ticos.<\/p>\n\n\n\n<h3 class=\"wp-block-heading\">F\u00e1rmacos fotosensibilizantes<\/h3>\n\n\n\n<p>Aparte de los antibi\u00f3ticos, existen otros f\u00e1rmacos que tambi\u00e9n son fotosensibilizantes, incluyendo ciertos antiinflamatorios y aquellos utilizados para tratar problemas psiqui\u00e1tricos. Estos medicamentos pueden inducir una reacci\u00f3n al\u00e9rgica o provocar quemaduras en la piel tratada.<\/p>\n\n\n\n<figure class=\"wp-block-image size-large\"><a href=\"https:\/\/agenciaseolocal.eu\/bedda\/wp-content\/uploads\/2025\/04\/doctora-sonriente-consulta-salud-bienestar-clinica-moderno.jpg\"><img decoding=\"async\" width=\"1024\" height=\"585\" src=\"https:\/\/agenciaseolocal.eu\/bedda\/wp-content\/uploads\/2025\/04\/doctora-sonriente-consulta-salud-bienestar-clinica-moderno-1024x585.jpg\" alt=\"doctora sonriente consulta salud bienestar clinica moderno\" class=\"wp-image-987518763\" srcset=\"https:\/\/agenciaseolocal.eu\/bedda\/wp-content\/uploads\/2025\/04\/doctora-sonriente-consulta-salud-bienestar-clinica-moderno-980x560.jpg 980w, https:\/\/agenciaseolocal.eu\/bedda\/wp-content\/uploads\/2025\/04\/doctora-sonriente-consulta-salud-bienestar-clinica-moderno-480x274.jpg 480w\" sizes=\"(min-width: 0px) and (max-width: 480px) 480px, (min-width: 481px) and (max-width: 980px) 980px, (min-width: 981px) 1024px, 100vw\" \/><\/a><\/figure>\n\n\n\n<p>Adem\u00e1s, es importante tener en cuenta que los&nbsp;<a href=\"https:\/\/agenciaseolocal.eu\/bedda\/medicamentos-fotosensibles-laser\/\">medicamentos fotosensibles al l\u00e1ser<\/a>&nbsp;no solo se limita a aquellos orales. Algunos tratamientos t\u00f3picos, como ciertos geles o cremas, tambi\u00e9n pueden aumentar la sensibilidad de la piel a la luz solar.<\/p>\n\n\n\n<p>Por lo tanto, es fundamental<strong>&nbsp;leer las etiquetas y consultar con un dermat\u00f3logo<\/strong>&nbsp;sobre cualquier producto que se est\u00e9 utilizando antes de someterse a la depilaci\u00f3n l\u00e1ser. La prevenci\u00f3n es clave para evitar complicaciones y asegurar que el tratamiento sea efectivo y seguro.<\/p>\n\n\n\n<h2 class=\"wp-block-heading\">Cuidados al combinar medicaci\u00f3n con depilaci\u00f3n l\u00e1ser<\/h2>\n\n\n\n<p>Combinar la depilaci\u00f3n l\u00e1ser con medicamentos requiere precauciones especiales. Antes de iniciar cualquier tratamiento, es vital tener una consulta importante con tu dermat\u00f3logo. Ellos podr\u00e1n revisar la lista de medicamentos y aconsejarte sobre cu\u00e1l debes evitar o cu\u00e1ndo debes suspenderlo.<\/p>\n\n\n\n<p>Tambi\u00e9n es esencial<strong>&nbsp;seguir las recomendaciones post-tratamiento<\/strong>, ya que algunos medicamentos pueden interferir con el proceso de curaci\u00f3n. Evitar la exposici\u00f3n directa al sol, el uso de productos irritantes y seguir una buena rutina de cuidado de la piel aplicando crema post-depil puede ayudar a asegurar resultados \u00f3ptimos.<\/p>\n\n\n\n<h3 class=\"wp-block-heading\">Qu\u00e9 hacer si necesitas medicaci\u00f3n mientras realizas el tratamiento<\/h3>\n\n\n\n<p>Si ya est\u00e1s en medio de un ciclo de tratamiento de depilaci\u00f3n l\u00e1ser y necesitas comenzar una nueva medicaci\u00f3n, lo mejor es contactar a tu m\u00e9dico. Una evaluaci\u00f3n profesional garantiza que se puedan hacer ajustes en el tratamiento del l\u00e1ser o en la medicaci\u00f3n seg\u00fan sea necesario.<\/p>\n\n\n\n<p>En algunos casos, es posible que la medicaci\u00f3n se pueda<strong>&nbsp;suspender temporalmente o cambiar a un equivalente que no interfiera con tus sesiones de l\u00e1ser<\/strong>. La comunicaci\u00f3n abierta entre el paciente y el profesional de salud es clave para evitar complicaciones y asegurar una experiencia positiva.<\/p>\n","protected":false},"excerpt":{"rendered":"<p>La depilaci\u00f3n l\u00e1ser es un&nbsp;procedimiento popular y eficaz para la reducci\u00f3n del vello&nbsp;en&nbsp;Centros bedda. Sin embargo, muchos pacientes se preguntan sobre la posibilidad de continuar con sus tratamientos m\u00e9dicos luego de la sesi\u00f3n l\u00e1ser. Este art\u00edculo pretende aclarar estas dudas y proporcionar informaci\u00f3n relevante sobre la interacci\u00f3n entre el tratamiento l\u00e1ser y la medicaci\u00f3n. \u00bfSe [&hellip;]<\/p>\n","protected":false},"author":3,"featured_media":987518761,"comment_status":"open","ping_status":"closed","sticky":false,"template":"","format":"standard","meta":{"_et_pb_use_builder":"off","_et_pb_old_content":"","_et_gb_content_width":"","_joinchat":[],"footnotes":""},"categories":[51,65],"tags":[],"class_list":["post-987518760","post","type-post","status-publish","format-standard","has-post-thumbnail","hentry","category-blog","category-depilacion"],"yoast_head":"<!-- This site is optimized with the Yoast SEO plugin v25.9 - https:\/\/yoast.com\/wordpress\/plugins\/seo\/ -->\n<title>Tomar medicaci\u00f3n despu\u00e9s del l\u00e1ser | Centros bedda<\/title>\n<meta name=\"description\" content=\"\u00bfTomar medicamentos despu\u00e9s del l\u00e1ser es seguro? Algunas pastillas pueden afectar tu piel. Descubre en Centros bedda c\u00f3mo protegerte tras el l\u00e1ser.\" \/>\n<meta name=\"robots\" content=\"noindex, follow, max-snippet:-1, max-image-preview:large, max-video-preview:-1\" \/>\n<meta property=\"og:locale\" content=\"es_ES\" \/>\n<meta property=\"og:type\" content=\"article\" \/>\n<meta property=\"og:title\" content=\"Tomar medicaci\u00f3n despu\u00e9s del l\u00e1ser | Centros bedda\" \/>\n<meta property=\"og:description\" content=\"\u00bfTomar medicamentos despu\u00e9s del l\u00e1ser es seguro? Algunas pastillas pueden afectar tu piel. Descubre en Centros bedda c\u00f3mo protegerte tras el l\u00e1ser.\" \/>\n<meta property=\"og:url\" content=\"https:\/\/agenciaseolocal.eu\/bedda\/se-puede-tomar-medicacion-despues-del-laser\/\" \/>\n<meta property=\"og:site_name\" content=\"Centros bedda\" \/>\n<meta property=\"article:publisher\" content=\"https:\/\/www.facebook.com\/centrobedda\" \/>\n<meta property=\"article:published_time\" content=\"2025-04-21T10:30:11+00:00\" \/>\n<meta property=\"article:modified_time\" content=\"2025-04-21T10:30:12+00:00\" \/>\n<meta property=\"og:image\" content=\"https:\/\/agenciaseolocal.eu\/bedda\/wp-content\/uploads\/2025\/04\/persona-vertiendo-pastillas-bote-sobre-mano.jpg\" \/>\n\t<meta property=\"og:image:width\" content=\"2000\" \/>\n\t<meta property=\"og:image:height\" content=\"700\" \/>\n\t<meta property=\"og:image:type\" content=\"image\/jpeg\" \/>\n<meta name=\"author\" content=\"Centros bedda\" \/>\n<meta name=\"twitter:card\" content=\"summary_large_image\" \/>\n<meta name=\"twitter:creator\" content=\"@centrosbedda\" \/>\n<meta name=\"twitter:site\" content=\"@centrosbedda\" \/>\n<meta name=\"twitter:label1\" content=\"Escrito por\" \/>\n\t<meta name=\"twitter:data1\" content=\"Centros bedda\" \/>\n\t<meta name=\"twitter:label2\" content=\"Tiempo de lectura\" \/>\n\t<meta name=\"twitter:data2\" content=\"4 minutos\" \/>\n<!-- \/ Yoast SEO plugin. -->","yoast_head_json":{"title":"Tomar medicaci\u00f3n despu\u00e9s del l\u00e1ser | Centros bedda","description":"\u00bfTomar medicamentos despu\u00e9s del l\u00e1ser es seguro? Algunas pastillas pueden afectar tu piel. Descubre en Centros bedda c\u00f3mo protegerte tras el l\u00e1ser.","robots":{"index":"noindex","follow":"follow","max-snippet":"max-snippet:-1","max-image-preview":"max-image-preview:large","max-video-preview":"max-video-preview:-1"},"og_locale":"es_ES","og_type":"article","og_title":"Tomar medicaci\u00f3n despu\u00e9s del l\u00e1ser | Centros bedda","og_description":"\u00bfTomar medicamentos despu\u00e9s del l\u00e1ser es seguro? Algunas pastillas pueden afectar tu piel. Descubre en Centros bedda c\u00f3mo protegerte tras el l\u00e1ser.","og_url":"https:\/\/agenciaseolocal.eu\/bedda\/se-puede-tomar-medicacion-despues-del-laser\/","og_site_name":"Centros bedda","article_publisher":"https:\/\/www.facebook.com\/centrobedda","article_published_time":"2025-04-21T10:30:11+00:00","article_modified_time":"2025-04-21T10:30:12+00:00","og_image":[{"width":2000,"height":700,"url":"https:\/\/agenciaseolocal.eu\/bedda\/wp-content\/uploads\/2025\/04\/persona-vertiendo-pastillas-bote-sobre-mano.jpg","type":"image\/jpeg"}],"author":"Centros bedda","twitter_card":"summary_large_image","twitter_creator":"@centrosbedda","twitter_site":"@centrosbedda","twitter_misc":{"Escrito por":"Centros bedda","Tiempo de lectura":"4 minutos"},"schema":{"@context":"https:\/\/schema.org","@graph":[{"@type":"Article","@id":"https:\/\/agenciaseolocal.eu\/bedda\/se-puede-tomar-medicacion-despues-del-laser\/#article","isPartOf":{"@id":"https:\/\/agenciaseolocal.eu\/bedda\/se-puede-tomar-medicacion-despues-del-laser\/"},"author":{"name":"Centros bedda","@id":"https:\/\/agenciaseolocal.eu\/bedda\/#\/schema\/person\/ca3010faf67f189fd2de8d61a763fc8b"},"headline":"\u00bfSe puede tomar medicaci\u00f3n despu\u00e9s del l\u00e1ser?","datePublished":"2025-04-21T10:30:11+00:00","dateModified":"2025-04-21T10:30:12+00:00","mainEntityOfPage":{"@id":"https:\/\/agenciaseolocal.eu\/bedda\/se-puede-tomar-medicacion-despues-del-laser\/"},"wordCount":807,"commentCount":0,"publisher":{"@id":"https:\/\/agenciaseolocal.eu\/bedda\/#organization"},"image":{"@id":"https:\/\/agenciaseolocal.eu\/bedda\/se-puede-tomar-medicacion-despues-del-laser\/#primaryimage"},"thumbnailUrl":"https:\/\/agenciaseolocal.eu\/bedda\/wp-content\/uploads\/2025\/04\/persona-vertiendo-pastillas-bote-sobre-mano.jpg","articleSection":["Blog","Depilaci\u00f3n"],"inLanguage":"es","potentialAction":[{"@type":"CommentAction","name":"Comment","target":["https:\/\/agenciaseolocal.eu\/bedda\/se-puede-tomar-medicacion-despues-del-laser\/#respond"]}]},{"@type":"WebPage","@id":"https:\/\/agenciaseolocal.eu\/bedda\/se-puede-tomar-medicacion-despues-del-laser\/","url":"https:\/\/agenciaseolocal.eu\/bedda\/se-puede-tomar-medicacion-despues-del-laser\/","name":"Tomar medicaci\u00f3n despu\u00e9s del l\u00e1ser | Centros bedda","isPartOf":{"@id":"https:\/\/agenciaseolocal.eu\/bedda\/#website"},"primaryImageOfPage":{"@id":"https:\/\/agenciaseolocal.eu\/bedda\/se-puede-tomar-medicacion-despues-del-laser\/#primaryimage"},"image":{"@id":"https:\/\/agenciaseolocal.eu\/bedda\/se-puede-tomar-medicacion-despues-del-laser\/#primaryimage"},"thumbnailUrl":"https:\/\/agenciaseolocal.eu\/bedda\/wp-content\/uploads\/2025\/04\/persona-vertiendo-pastillas-bote-sobre-mano.jpg","datePublished":"2025-04-21T10:30:11+00:00","dateModified":"2025-04-21T10:30:12+00:00","description":"\u00bfTomar medicamentos despu\u00e9s del l\u00e1ser es seguro? Algunas pastillas pueden afectar tu piel. Descubre en Centros bedda c\u00f3mo protegerte tras el l\u00e1ser.","breadcrumb":{"@id":"https:\/\/agenciaseolocal.eu\/bedda\/se-puede-tomar-medicacion-despues-del-laser\/#breadcrumb"},"inLanguage":"es","potentialAction":[{"@type":"ReadAction","target":["https:\/\/agenciaseolocal.eu\/bedda\/se-puede-tomar-medicacion-despues-del-laser\/"]}]},{"@type":"ImageObject","inLanguage":"es","@id":"https:\/\/agenciaseolocal.eu\/bedda\/se-puede-tomar-medicacion-despues-del-laser\/#primaryimage","url":"https:\/\/agenciaseolocal.eu\/bedda\/wp-content\/uploads\/2025\/04\/persona-vertiendo-pastillas-bote-sobre-mano.jpg","contentUrl":"https:\/\/agenciaseolocal.eu\/bedda\/wp-content\/uploads\/2025\/04\/persona-vertiendo-pastillas-bote-sobre-mano.jpg","width":2000,"height":700,"caption":"persona vertiendo pastillas bote sobre mano"},{"@type":"BreadcrumbList","@id":"https:\/\/agenciaseolocal.eu\/bedda\/se-puede-tomar-medicacion-despues-del-laser\/#breadcrumb","itemListElement":[{"@type":"ListItem","position":1,"name":"Portada","item":"https:\/\/agenciaseolocal.eu\/bedda\/"},{"@type":"ListItem","position":2,"name":"\u00bfSe puede tomar medicaci\u00f3n despu\u00e9s del l\u00e1ser?"}]},{"@type":"WebSite","@id":"https:\/\/agenciaseolocal.eu\/bedda\/#website","url":"https:\/\/agenciaseolocal.eu\/bedda\/","name":"Centros bedda","description":"Centro de depilaci\u00f3n l\u00e1ser","publisher":{"@id":"https:\/\/agenciaseolocal.eu\/bedda\/#organization"},"potentialAction":[{"@type":"SearchAction","target":{"@type":"EntryPoint","urlTemplate":"https:\/\/agenciaseolocal.eu\/bedda\/?s={search_term_string}"},"query-input":{"@type":"PropertyValueSpecification","valueRequired":true,"valueName":"search_term_string"}}],"inLanguage":"es"},{"@type":"Organization","@id":"https:\/\/agenciaseolocal.eu\/bedda\/#organization","name":"Centros bedda","url":"https:\/\/agenciaseolocal.eu\/bedda\/","logo":{"@type":"ImageObject","inLanguage":"es","@id":"https:\/\/agenciaseolocal.eu\/bedda\/#\/schema\/logo\/image\/","url":"https:\/\/agenciaseolocal.eu\/bedda\/wp-content\/uploads\/2024\/04\/centros-bedda-depilacion-laser-logo.png","contentUrl":"https:\/\/agenciaseolocal.eu\/bedda\/wp-content\/uploads\/2024\/04\/centros-bedda-depilacion-laser-logo.png","width":220,"height":220,"caption":"Centros bedda"},"image":{"@id":"https:\/\/agenciaseolocal.eu\/bedda\/#\/schema\/logo\/image\/"},"sameAs":["https:\/\/www.facebook.com\/centrobedda","https:\/\/x.com\/centrosbedda","https:\/\/www.youtube.com\/channel\/UCV57tDnQcnHfTici1funk4g?app=desktop","https:\/\/www.instagram.com\/centrosbedda\/","https:\/\/www.linkedin.com\/company\/centros-bedda\/"]},{"@type":"Person","@id":"https:\/\/agenciaseolocal.eu\/bedda\/#\/schema\/person\/ca3010faf67f189fd2de8d61a763fc8b","name":"Centros bedda","image":{"@type":"ImageObject","inLanguage":"es","@id":"https:\/\/agenciaseolocal.eu\/bedda\/#\/schema\/person\/image\/","url":"https:\/\/secure.gravatar.com\/avatar\/ea1f00b0a249719594f6b50ee5d3214c2c192531d8f80f789208e2aa9605ac08?s=96&d=mm&r=g","contentUrl":"https:\/\/secure.gravatar.com\/avatar\/ea1f00b0a249719594f6b50ee5d3214c2c192531d8f80f789208e2aa9605ac08?s=96&d=mm&r=g","caption":"Centros bedda"},"url":"https:\/\/agenciaseolocal.eu\/bedda\/author\/mktpmp_gedfwb31y\/"}]}},"_links":{"self":[{"href":"https:\/\/agenciaseolocal.eu\/bedda\/wp-json\/wp\/v2\/posts\/987518760","targetHints":{"allow":["GET"]}}],"collection":[{"href":"https:\/\/agenciaseolocal.eu\/bedda\/wp-json\/wp\/v2\/posts"}],"about":[{"href":"https:\/\/agenciaseolocal.eu\/bedda\/wp-json\/wp\/v2\/types\/post"}],"author":[{"embeddable":true,"href":"https:\/\/agenciaseolocal.eu\/bedda\/wp-json\/wp\/v2\/users\/3"}],"replies":[{"embeddable":true,"href":"https:\/\/agenciaseolocal.eu\/bedda\/wp-json\/wp\/v2\/comments?post=987518760"}],"version-history":[{"count":1,"href":"https:\/\/agenciaseolocal.eu\/bedda\/wp-json\/wp\/v2\/posts\/987518760\/revisions"}],"predecessor-version":[{"id":987518764,"href":"https:\/\/agenciaseolocal.eu\/bedda\/wp-json\/wp\/v2\/posts\/987518760\/revisions\/987518764"}],"wp:featuredmedia":[{"embeddable":true,"href":"https:\/\/agenciaseolocal.eu\/bedda\/wp-json\/wp\/v2\/media\/987518761"}],"wp:attachment":[{"href":"https:\/\/agenciaseolocal.eu\/bedda\/wp-json\/wp\/v2\/media?parent=987518760"}],"wp:term":[{"taxonomy":"category","embeddable":true,"href":"https:\/\/agenciaseolocal.eu\/bedda\/wp-json\/wp\/v2\/categories?post=987518760"},{"taxonomy":"post_tag","embeddable":true,"href":"https:\/\/agenciaseolocal.eu\/bedda\/wp-json\/wp\/v2\/tags?post=987518760"}],"curies":[{"name":"wp","href":"https:\/\/api.w.org\/{rel}","templated":true}]}}