{"id":987518818,"date":"2025-05-20T10:13:47","date_gmt":"2025-05-20T08:13:47","guid":{"rendered":"https:\/\/centrosbedda.com\/?p=987518818"},"modified":"2025-05-20T10:13:48","modified_gmt":"2025-05-20T08:13:48","slug":"como-depilarse-orejas-de-forma-efectiva","status":"publish","type":"post","link":"https:\/\/agenciaseolocal.eu\/bedda\/como-depilarse-orejas-de-forma-efectiva\/","title":{"rendered":"\u00bfC\u00f3mo depilarse las orejas de forma efectiva?"},"content":{"rendered":"\n<p>La depilaci\u00f3n de las orejas es un tema que ha ganado atenci\u00f3n en los \u00faltimos a\u00f1os, especialmente entre quienes buscan <strong>mantener una apariencia cuidada y prolija<\/strong> en <a href=\"https:\/\/agenciaseolocal.eu\/bedda\/\">Centros bedda<\/a>. Aunque puede parecer un procedimiento sencillo, es fundamental abordarlo con cuidado para evitar lesiones y obtener resultados satisfactorios.&nbsp;<\/p>\n\n\n\n<h2 class=\"wp-block-heading\">Consejos para evitar lesiones al depilar el vello de las orejas<\/h2>\n\n\n\n<p>La piel de las orejas es delicada y sensible, por lo que es crucial tener precauci\u00f3n al depilar esta zona. Antes de comenzar, aseg\u00farate de que las herramientas que utilizar\u00e1s est\u00e9n limpias y desinfectadas. Esto ayudar\u00e1 a prevenir infecciones y irritaciones.<\/p>\n\n\n\n<p>Adem\u00e1s, es recomendable realizar una prueba en una peque\u00f1a \u00e1rea de la piel antes de aplicar cualquier producto o t\u00e9cnica de depilaci\u00f3n. Esto permitir\u00e1 identificar posibles reacciones adversas y ajustar el m\u00e9todo a utilizar.<\/p>\n\n\n\n<p>Otro aspecto importante a considerar es la <strong>hidrataci\u00f3n de la piel antes y despu\u00e9s del proceso de depilaci\u00f3n<\/strong>. Utilizar una crema post-depil&nbsp; o aceite hidratante puede ayudar a suavizar la piel y reducir el riesgo de irritaci\u00f3n. Tambi\u00e9n es aconsejable evitar la exposici\u00f3n al sol o el uso de productos irritantes en la zona, ya que la piel puede estar m\u00e1s sensible y propensa a sufrir da\u00f1os.<\/p>\n\n\n\n<h2 class=\"wp-block-heading\">Depilaci\u00f3n l\u00e1ser en orejas<\/h2>\n\n\n\n<p>La depilaci\u00f3n l\u00e1ser se ha convertido en una opci\u00f3n popular para quienes desean eliminar el vello de manera permanente. Este m\u00e9todo utiliza tecnolog\u00eda avanzada para destruir los fol\u00edculos pilosos, lo que reduce significativamente el crecimiento del vello en el futuro.<\/p>\n\n\n\n<figure class=\"wp-block-image size-large\"><a href=\"https:\/\/agenciaseolocal.eu\/bedda\/wp-content\/uploads\/2025\/05\/hombre-mirando-espejo-en-consulta-estetica-evaluando-zona-facial-en-clinica.jpg\"><img decoding=\"async\" width=\"1024\" height=\"585\" src=\"https:\/\/agenciaseolocal.eu\/bedda\/wp-content\/uploads\/2025\/05\/hombre-mirando-espejo-en-consulta-estetica-evaluando-zona-facial-en-clinica-1024x585.jpg\" alt=\"hombre mirando espejo en consulta estetica evaluando zona facial en clinica\" class=\"wp-image-987518841\" srcset=\"https:\/\/agenciaseolocal.eu\/bedda\/wp-content\/uploads\/2025\/05\/hombre-mirando-espejo-en-consulta-estetica-evaluando-zona-facial-en-clinica-980x560.jpg 980w, https:\/\/agenciaseolocal.eu\/bedda\/wp-content\/uploads\/2025\/05\/hombre-mirando-espejo-en-consulta-estetica-evaluando-zona-facial-en-clinica-480x274.jpg 480w\" sizes=\"(min-width: 0px) and (max-width: 480px) 480px, (min-width: 481px) and (max-width: 980px) 980px, (min-width: 981px) 1024px, 100vw\" \/><\/a><\/figure>\n\n\n\n<p>Es importante acudir a un centro especializado, donde profesionales capacitados puedan realizar el procedimiento de forma segura. La <a href=\"https:\/\/agenciaseolocal.eu\/bedda\/tratamientos\/depilacion-laser-orejas-mujer\/\">depilaci\u00f3n l\u00e1ser en las orejas para mujeres<\/a> puede ser especialmente efectiva, ya que se puede ajustar la intensidad del l\u00e1ser seg\u00fan la sensibilidad de la piel en esta \u00e1rea.<\/p>\n\n\n\n<p>Adem\u00e1s, la <a href=\"https:\/\/agenciaseolocal.eu\/bedda\/tratamientos\/depilacion-laser-orejas-hombre\/\">depilaci\u00f3n l\u00e1ser en las orejas para hombres<\/a> no solo es eficaz, sino que tambi\u00e9n es un <strong>procedimiento relativamente r\u00e1pido<\/strong>. La duraci\u00f3n de cada sesi\u00f3n puede variar dependiendo de la cantidad de vello a tratar, pero generalmente se completa en menos de 30 minutos.<\/p>\n\n\n\n<p>Esto la convierte en una opci\u00f3n conveniente para aquellos que llevan un estilo de vida ajetreado. Muchos pacientes reportan una sensaci\u00f3n de ligera incomodidad durante el tratamiento, pero esta es m\u00ednima en comparaci\u00f3n con otros m\u00e9todos de depilaci\u00f3n, como la cera o la cuchilla.<\/p>\n\n\n\n<h2 class=\"wp-block-heading\">Pasos para depilarte las orejas de forma eficiente y sin dolor<\/h2>\n\n\n\n<p>Para llevar a cabo una depilaci\u00f3n efectiva de las orejas, sigue estos pasos:<\/p>\n\n\n\n<ol class=\"wp-block-list\">\n<li>Preparaci\u00f3n: Limpia la zona con agua tibia y un jab\u00f3n suave para eliminar cualquier impureza.<\/li>\n\n\n\n<li>Elecci\u00f3n del m\u00e9todo: Decide si usar\u00e1s cera, pinzas o depilaci\u00f3n l\u00e1ser, seg\u00fan tus preferencias y necesidades.<\/li>\n\n\n\n<li>Aplicaci\u00f3n: Si optas por la cera, aseg\u00farate de que est\u00e9 a una temperatura adecuada. Aplica en la direcci\u00f3n del crecimiento del vello y retira en la direcci\u00f3n contraria.<\/li>\n\n\n\n<li>Post-depilaci\u00f3n: Aplica una crema post-depil o un gel calmante para reducir la irritaci\u00f3n despu\u00e9s del procedimiento.<\/li>\n<\/ol>\n\n\n\n<h2 class=\"wp-block-heading\">C\u00f3mo preparar la zona antes de la depilaci\u00f3n<\/h2>\n\n\n\n<p>La preparaci\u00f3n de la zona es un paso crucial para asegurar una depilaci\u00f3n exitosa. Comienza por <strong>limpiar bien las orejas y la piel circundante<\/strong>. Esto no solo elimina la suciedad, sino que tambi\u00e9n ayuda a que los productos de depilaci\u00f3n se adhieran mejor.<\/p>\n\n\n\n<figure class=\"wp-block-image size-large\"><a href=\"https:\/\/agenciaseolocal.eu\/bedda\/wp-content\/uploads\/2025\/05\/hombre-aplicando-crema-en-pecho-en-rutina-de-cuidado-personal-en-bano-moderno.jpg\"><img decoding=\"async\" width=\"1024\" height=\"585\" src=\"https:\/\/agenciaseolocal.eu\/bedda\/wp-content\/uploads\/2025\/05\/hombre-aplicando-crema-en-pecho-en-rutina-de-cuidado-personal-en-bano-moderno-1024x585.jpg\" alt=\"hombre aplicando crema en pecho en rutina de cuidado personal en bano moderno\" class=\"wp-image-987518843\" srcset=\"https:\/\/agenciaseolocal.eu\/bedda\/wp-content\/uploads\/2025\/05\/hombre-aplicando-crema-en-pecho-en-rutina-de-cuidado-personal-en-bano-moderno-980x560.jpg 980w, https:\/\/agenciaseolocal.eu\/bedda\/wp-content\/uploads\/2025\/05\/hombre-aplicando-crema-en-pecho-en-rutina-de-cuidado-personal-en-bano-moderno-480x274.jpg 480w\" sizes=\"(min-width: 0px) and (max-width: 480px) 480px, (min-width: 481px) and (max-width: 980px) 980px, (min-width: 981px) 1024px, 100vw\" \/><\/a><\/figure>\n\n\n\n<p>Adem\u00e1s, es recomendable exfoliar suavemente la piel un d\u00eda antes de la depilaci\u00f3n. Esto ayudar\u00e1 a eliminar las c\u00e9lulas muertas y a prevenir los vellos encarnados, lo que puede ser un problema com\u00fan en esta \u00e1rea.<\/p>\n\n\n\n<h2 class=\"wp-block-heading\">Errores comunes al depilarse las orejas<\/h2>\n\n\n\n<p>Es f\u00e1cil cometer errores al depilarse las orejas, especialmente si no se tiene experiencia. Uno de los errores m\u00e1s comunes es no prestar atenci\u00f3n a la direcci\u00f3n del crecimiento del vello. Depilar en la direcci\u00f3n incorrecta puede causar dolor y aumentar el riesgo de irritaci\u00f3n.<\/p>\n\n\n\n<p>Otro error frecuente es <strong>usar herramientas inadecuadas<\/strong>. Por ejemplo, utilizar pinzas que no est\u00e9n dise\u00f1adas para el vello facial puede resultar en lesiones. Siempre es mejor optar por herramientas espec\u00edficas para esta tarea.<\/p>\n\n\n\n<h3 class=\"wp-block-heading\">Evitar el uso de herramientas inadecuadas<\/h3>\n\n\n\n<p>El uso de herramientas inadecuadas puede llevar a resultados insatisfactorios y a lesiones. Por ello, es fundamental seleccionar herramientas que sean apropiadas para la depilaci\u00f3n de las orejas. Las pinzas de precisi\u00f3n, por ejemplo, son ideales para eliminar vellos sueltos.<\/p>\n\n\n\n<figure class=\"wp-block-image size-large\"><a href=\"https:\/\/agenciaseolocal.eu\/bedda\/wp-content\/uploads\/2025\/05\/detalle-de-limpieza-de-oido-con-espuma-en-rutina-de-higiene-masculina.jpg\"><img decoding=\"async\" width=\"1024\" height=\"585\" src=\"https:\/\/agenciaseolocal.eu\/bedda\/wp-content\/uploads\/2025\/05\/detalle-de-limpieza-de-oido-con-espuma-en-rutina-de-higiene-masculina-1024x585.jpg\" alt=\"detalle de limpieza de oido con espuma en rutina de higiene masculina\" class=\"wp-image-987518842\" srcset=\"https:\/\/agenciaseolocal.eu\/bedda\/wp-content\/uploads\/2025\/05\/detalle-de-limpieza-de-oido-con-espuma-en-rutina-de-higiene-masculina-980x560.jpg 980w, https:\/\/agenciaseolocal.eu\/bedda\/wp-content\/uploads\/2025\/05\/detalle-de-limpieza-de-oido-con-espuma-en-rutina-de-higiene-masculina-480x274.jpg 480w\" sizes=\"(min-width: 0px) and (max-width: 480px) 480px, (min-width: 481px) and (max-width: 980px) 980px, (min-width: 981px) 1024px, 100vw\" \/><\/a><\/figure>\n\n\n\n<p>Si decides utilizar cera, aseg\u00farate de que sea de calidad y adecuada para la piel sensible. Las ceras espec\u00edficas para \u00e1reas delicadas son menos propensas a causar irritaci\u00f3n y ofrecen mejores resultados.<\/p>\n\n\n\n<h2 class=\"wp-block-heading\">Consejos para prevenir la irritaci\u00f3n y vellos encarnados<\/h2>\n\n\n\n<p>La irritaci\u00f3n y los vellos encarnados son problemas comunes tras la depilaci\u00f3n. Para prevenirlos, es recomendable<strong> aplicar una loci\u00f3n calmante o un gel de aloe vera despu\u00e9s del procedimiento<\/strong>. Estos productos ayudan a calmar la piel y a reducir la inflamaci\u00f3n.<\/p>\n\n\n\n<p>Adem\u00e1s, mantener la piel hidratada es fundamental. Una piel bien hidratada es menos propensa a irritarse y a desarrollar vellos encarnados. Considera usar un exfoliante suave una vez a la semana para ayudar a eliminar las c\u00e9lulas muertas y prevenir que los vellos se queden atrapados bajo la piel.<\/p>\n\n\n\n<h2 class=\"wp-block-heading\">Disfruta de la depilaci\u00f3n l\u00e1ser en Centros bedda<\/h2>\n\n\n\n<p>Para aquellos que buscan una soluci\u00f3n duradera y efectiva, la depilaci\u00f3n l\u00e1ser en Centros bedda puede ser la respuesta. Este m\u00e9todo no solo es eficaz, sino que tambi\u00e9n es seguro y c\u00f3modo, gracias a la experiencia de nuestros profesionales.<\/p>\n\n\n\n<p>En Centros bedda ofrecemos un <strong>ambiente acogedor y tecnolog\u00eda de vanguardia<\/strong>, lo que garantiza resultados \u00f3ptimos. Adem\u00e1s, nuestro personal puede proporcionar asesoramiento personalizado, asegurando que cada uno de nuestros clientes reciba el tratamiento m\u00e1s adecuado para sus necesidades.<\/p>\n","protected":false},"excerpt":{"rendered":"<p>Descubre m\u00e9todos seguros y eficaces para depilar tus orejas, manteniendo una apariencia limpia y cuidada.<\/p>\n","protected":false},"author":3,"featured_media":987518840,"comment_status":"open","ping_status":"closed","sticky":false,"template":"","format":"standard","meta":{"_et_pb_use_builder":"","_et_pb_old_content":"","_et_gb_content_width":"","_joinchat":[],"footnotes":""},"categories":[51,65],"tags":[],"class_list":["post-987518818","post","type-post","status-publish","format-standard","has-post-thumbnail","hentry","category-blog","category-depilacion"],"yoast_head":"<!-- This site is optimized with the Yoast SEO plugin v25.9 - https:\/\/yoast.com\/wordpress\/plugins\/seo\/ -->\n<title>C\u00f3mo depilarse las orejas | Centros bedda<\/title>\n<meta name=\"description\" content=\"Entra ahora en el blog de Centros bedda y descubre c\u00f3mo depilarse de manera efectiva las orejas. \u00a1Te lo contamos absolutamente todo!\" \/>\n<meta name=\"robots\" content=\"noindex, follow, max-snippet:-1, max-image-preview:large, max-video-preview:-1\" \/>\n<meta property=\"og:locale\" content=\"es_ES\" \/>\n<meta property=\"og:type\" content=\"article\" \/>\n<meta property=\"og:title\" content=\"C\u00f3mo depilarse las orejas | Centros bedda\" \/>\n<meta property=\"og:description\" content=\"Entra ahora en el blog de Centros bedda y descubre c\u00f3mo depilarse de manera efectiva las orejas. \u00a1Te lo contamos absolutamente todo!\" \/>\n<meta property=\"og:url\" content=\"https:\/\/agenciaseolocal.eu\/bedda\/como-depilarse-orejas-de-forma-efectiva\/\" \/>\n<meta property=\"og:site_name\" content=\"Centros bedda\" \/>\n<meta property=\"article:publisher\" content=\"https:\/\/www.facebook.com\/centrobedda\" \/>\n<meta property=\"article:published_time\" content=\"2025-05-20T08:13:47+00:00\" \/>\n<meta property=\"article:modified_time\" content=\"2025-05-20T08:13:48+00:00\" \/>\n<meta property=\"og:image\" content=\"https:\/\/agenciaseolocal.eu\/bedda\/wp-content\/uploads\/2025\/05\/mujer-aplicando-crema-hidratante-en-rostro-en-rutina-facial-en-clinica-estetica.jpg\" \/>\n\t<meta property=\"og:image:width\" content=\"2000\" \/>\n\t<meta property=\"og:image:height\" content=\"667\" \/>\n\t<meta property=\"og:image:type\" content=\"image\/jpeg\" \/>\n<meta name=\"author\" content=\"Centros bedda\" \/>\n<meta name=\"twitter:card\" content=\"summary_large_image\" \/>\n<meta name=\"twitter:creator\" content=\"@centrosbedda\" \/>\n<meta name=\"twitter:site\" content=\"@centrosbedda\" \/>\n<meta name=\"twitter:label1\" content=\"Escrito por\" \/>\n\t<meta name=\"twitter:data1\" content=\"Centros bedda\" \/>\n\t<meta name=\"twitter:label2\" content=\"Tiempo de lectura\" \/>\n\t<meta name=\"twitter:data2\" content=\"5 minutos\" \/>\n<!-- \/ Yoast SEO plugin. -->","yoast_head_json":{"title":"C\u00f3mo depilarse las orejas | Centros bedda","description":"Entra ahora en el blog de Centros bedda y descubre c\u00f3mo depilarse de manera efectiva las orejas. \u00a1Te lo contamos absolutamente todo!","robots":{"index":"noindex","follow":"follow","max-snippet":"max-snippet:-1","max-image-preview":"max-image-preview:large","max-video-preview":"max-video-preview:-1"},"og_locale":"es_ES","og_type":"article","og_title":"C\u00f3mo depilarse las orejas | Centros bedda","og_description":"Entra ahora en el blog de Centros bedda y descubre c\u00f3mo depilarse de manera efectiva las orejas. \u00a1Te lo contamos absolutamente todo!","og_url":"https:\/\/agenciaseolocal.eu\/bedda\/como-depilarse-orejas-de-forma-efectiva\/","og_site_name":"Centros bedda","article_publisher":"https:\/\/www.facebook.com\/centrobedda","article_published_time":"2025-05-20T08:13:47+00:00","article_modified_time":"2025-05-20T08:13:48+00:00","og_image":[{"width":2000,"height":667,"url":"https:\/\/agenciaseolocal.eu\/bedda\/wp-content\/uploads\/2025\/05\/mujer-aplicando-crema-hidratante-en-rostro-en-rutina-facial-en-clinica-estetica.jpg","type":"image\/jpeg"}],"author":"Centros bedda","twitter_card":"summary_large_image","twitter_creator":"@centrosbedda","twitter_site":"@centrosbedda","twitter_misc":{"Escrito por":"Centros bedda","Tiempo de lectura":"5 minutos"},"schema":{"@context":"https:\/\/schema.org","@graph":[{"@type":"Article","@id":"https:\/\/agenciaseolocal.eu\/bedda\/como-depilarse-orejas-de-forma-efectiva\/#article","isPartOf":{"@id":"https:\/\/agenciaseolocal.eu\/bedda\/como-depilarse-orejas-de-forma-efectiva\/"},"author":{"name":"Centros bedda","@id":"https:\/\/agenciaseolocal.eu\/bedda\/#\/schema\/person\/ca3010faf67f189fd2de8d61a763fc8b"},"headline":"\u00bfC\u00f3mo depilarse las orejas de forma efectiva?","datePublished":"2025-05-20T08:13:47+00:00","dateModified":"2025-05-20T08:13:48+00:00","mainEntityOfPage":{"@id":"https:\/\/agenciaseolocal.eu\/bedda\/como-depilarse-orejas-de-forma-efectiva\/"},"wordCount":1025,"commentCount":0,"publisher":{"@id":"https:\/\/agenciaseolocal.eu\/bedda\/#organization"},"image":{"@id":"https:\/\/agenciaseolocal.eu\/bedda\/como-depilarse-orejas-de-forma-efectiva\/#primaryimage"},"thumbnailUrl":"https:\/\/agenciaseolocal.eu\/bedda\/wp-content\/uploads\/2025\/05\/mujer-aplicando-crema-hidratante-en-rostro-en-rutina-facial-en-clinica-estetica.jpg","articleSection":["Blog","Depilaci\u00f3n"],"inLanguage":"es","potentialAction":[{"@type":"CommentAction","name":"Comment","target":["https:\/\/agenciaseolocal.eu\/bedda\/como-depilarse-orejas-de-forma-efectiva\/#respond"]}]},{"@type":"WebPage","@id":"https:\/\/agenciaseolocal.eu\/bedda\/como-depilarse-orejas-de-forma-efectiva\/","url":"https:\/\/agenciaseolocal.eu\/bedda\/como-depilarse-orejas-de-forma-efectiva\/","name":"C\u00f3mo depilarse las orejas | Centros bedda","isPartOf":{"@id":"https:\/\/agenciaseolocal.eu\/bedda\/#website"},"primaryImageOfPage":{"@id":"https:\/\/agenciaseolocal.eu\/bedda\/como-depilarse-orejas-de-forma-efectiva\/#primaryimage"},"image":{"@id":"https:\/\/agenciaseolocal.eu\/bedda\/como-depilarse-orejas-de-forma-efectiva\/#primaryimage"},"thumbnailUrl":"https:\/\/agenciaseolocal.eu\/bedda\/wp-content\/uploads\/2025\/05\/mujer-aplicando-crema-hidratante-en-rostro-en-rutina-facial-en-clinica-estetica.jpg","datePublished":"2025-05-20T08:13:47+00:00","dateModified":"2025-05-20T08:13:48+00:00","description":"Entra ahora en el blog de Centros bedda y descubre c\u00f3mo depilarse de manera efectiva las orejas. \u00a1Te lo contamos absolutamente todo!","breadcrumb":{"@id":"https:\/\/agenciaseolocal.eu\/bedda\/como-depilarse-orejas-de-forma-efectiva\/#breadcrumb"},"inLanguage":"es","potentialAction":[{"@type":"ReadAction","target":["https:\/\/agenciaseolocal.eu\/bedda\/como-depilarse-orejas-de-forma-efectiva\/"]}]},{"@type":"ImageObject","inLanguage":"es","@id":"https:\/\/agenciaseolocal.eu\/bedda\/como-depilarse-orejas-de-forma-efectiva\/#primaryimage","url":"https:\/\/agenciaseolocal.eu\/bedda\/wp-content\/uploads\/2025\/05\/mujer-aplicando-crema-hidratante-en-rostro-en-rutina-facial-en-clinica-estetica.jpg","contentUrl":"https:\/\/agenciaseolocal.eu\/bedda\/wp-content\/uploads\/2025\/05\/mujer-aplicando-crema-hidratante-en-rostro-en-rutina-facial-en-clinica-estetica.jpg","width":2000,"height":667,"caption":"mujer aplicando crema hidratante en rostro en rutina facial en clinica estetica"},{"@type":"BreadcrumbList","@id":"https:\/\/agenciaseolocal.eu\/bedda\/como-depilarse-orejas-de-forma-efectiva\/#breadcrumb","itemListElement":[{"@type":"ListItem","position":1,"name":"Portada","item":"https:\/\/agenciaseolocal.eu\/bedda\/"},{"@type":"ListItem","position":2,"name":"\u00bfC\u00f3mo depilarse las orejas de forma efectiva?"}]},{"@type":"WebSite","@id":"https:\/\/agenciaseolocal.eu\/bedda\/#website","url":"https:\/\/agenciaseolocal.eu\/bedda\/","name":"Centros bedda","description":"Centro de depilaci\u00f3n l\u00e1ser","publisher":{"@id":"https:\/\/agenciaseolocal.eu\/bedda\/#organization"},"potentialAction":[{"@type":"SearchAction","target":{"@type":"EntryPoint","urlTemplate":"https:\/\/agenciaseolocal.eu\/bedda\/?s={search_term_string}"},"query-input":{"@type":"PropertyValueSpecification","valueRequired":true,"valueName":"search_term_string"}}],"inLanguage":"es"},{"@type":"Organization","@id":"https:\/\/agenciaseolocal.eu\/bedda\/#organization","name":"Centros bedda","url":"https:\/\/agenciaseolocal.eu\/bedda\/","logo":{"@type":"ImageObject","inLanguage":"es","@id":"https:\/\/agenciaseolocal.eu\/bedda\/#\/schema\/logo\/image\/","url":"https:\/\/agenciaseolocal.eu\/bedda\/wp-content\/uploads\/2024\/04\/centros-bedda-depilacion-laser-logo.png","contentUrl":"https:\/\/agenciaseolocal.eu\/bedda\/wp-content\/uploads\/2024\/04\/centros-bedda-depilacion-laser-logo.png","width":220,"height":220,"caption":"Centros bedda"},"image":{"@id":"https:\/\/agenciaseolocal.eu\/bedda\/#\/schema\/logo\/image\/"},"sameAs":["https:\/\/www.facebook.com\/centrobedda","https:\/\/x.com\/centrosbedda","https:\/\/www.youtube.com\/channel\/UCV57tDnQcnHfTici1funk4g?app=desktop","https:\/\/www.instagram.com\/centrosbedda\/","https:\/\/www.linkedin.com\/company\/centros-bedda\/"]},{"@type":"Person","@id":"https:\/\/agenciaseolocal.eu\/bedda\/#\/schema\/person\/ca3010faf67f189fd2de8d61a763fc8b","name":"Centros bedda","image":{"@type":"ImageObject","inLanguage":"es","@id":"https:\/\/agenciaseolocal.eu\/bedda\/#\/schema\/person\/image\/","url":"https:\/\/secure.gravatar.com\/avatar\/ea1f00b0a249719594f6b50ee5d3214c2c192531d8f80f789208e2aa9605ac08?s=96&d=mm&r=g","contentUrl":"https:\/\/secure.gravatar.com\/avatar\/ea1f00b0a249719594f6b50ee5d3214c2c192531d8f80f789208e2aa9605ac08?s=96&d=mm&r=g","caption":"Centros bedda"},"url":"https:\/\/agenciaseolocal.eu\/bedda\/author\/mktpmp_gedfwb31y\/"}]}},"_links":{"self":[{"href":"https:\/\/agenciaseolocal.eu\/bedda\/wp-json\/wp\/v2\/posts\/987518818","targetHints":{"allow":["GET"]}}],"collection":[{"href":"https:\/\/agenciaseolocal.eu\/bedda\/wp-json\/wp\/v2\/posts"}],"about":[{"href":"https:\/\/agenciaseolocal.eu\/bedda\/wp-json\/wp\/v2\/types\/post"}],"author":[{"embeddable":true,"href":"https:\/\/agenciaseolocal.eu\/bedda\/wp-json\/wp\/v2\/users\/3"}],"replies":[{"embeddable":true,"href":"https:\/\/agenciaseolocal.eu\/bedda\/wp-json\/wp\/v2\/comments?post=987518818"}],"version-history":[{"count":2,"href":"https:\/\/agenciaseolocal.eu\/bedda\/wp-json\/wp\/v2\/posts\/987518818\/revisions"}],"predecessor-version":[{"id":987518844,"href":"https:\/\/agenciaseolocal.eu\/bedda\/wp-json\/wp\/v2\/posts\/987518818\/revisions\/987518844"}],"wp:featuredmedia":[{"embeddable":true,"href":"https:\/\/agenciaseolocal.eu\/bedda\/wp-json\/wp\/v2\/media\/987518840"}],"wp:attachment":[{"href":"https:\/\/agenciaseolocal.eu\/bedda\/wp-json\/wp\/v2\/media?parent=987518818"}],"wp:term":[{"taxonomy":"category","embeddable":true,"href":"https:\/\/agenciaseolocal.eu\/bedda\/wp-json\/wp\/v2\/categories?post=987518818"},{"taxonomy":"post_tag","embeddable":true,"href":"https:\/\/agenciaseolocal.eu\/bedda\/wp-json\/wp\/v2\/tags?post=987518818"}],"curies":[{"name":"wp","href":"https:\/\/api.w.org\/{rel}","templated":true}]}}