{"id":987518949,"date":"2025-06-30T11:35:49","date_gmt":"2025-06-30T09:35:49","guid":{"rendered":"https:\/\/centrosbedda.com\/?p=987518949"},"modified":"2025-07-10T11:36:45","modified_gmt":"2025-07-10T09:36:45","slug":"radiofrecuencia-o-presoterapia-cual-elijo","status":"publish","type":"post","link":"https:\/\/agenciaseolocal.eu\/bedda\/radiofrecuencia-o-presoterapia-cual-elijo\/","title":{"rendered":"Radiofrecuencia o presoterapia: \u00bfcu\u00e1l elijo?"},"content":{"rendered":"\n<p>La b\u00fasqueda de tratamientos est\u00e9ticos que ofrezcan resultados visibles y duraderos ha llevado a muchas personas a explorar diversas opciones. Entre las m\u00e1s populares se encuentran la&nbsp;<strong>radiofrecuencia y la presoterapia<\/strong>.<\/p>\n\n\n\n<p>Ambas t\u00e9cnicas tienen sus ventajas y se utilizan para diferentes prop\u00f3sitos, lo que puede generar confusi\u00f3n a la hora de elegir. Este art\u00edculo analizar\u00e1 ambas opciones, sus beneficios y c\u00f3mo decidir cu\u00e1l es la m\u00e1s adecuada seg\u00fan tus necesidades.<\/p>\n\n\n\n<h2 class=\"wp-block-heading\">Beneficios de la radiofrecuencia y presoterapia en tratamientos est\u00e9ticos<\/h2>\n\n\n\n<p>La&nbsp;<a href=\"https:\/\/agenciaseolocal.eu\/bedda\/tratamientos\/tratamiento-radiofrecuencia-corporal-bedda\/\">radiofrecuencia corporal<\/a>&nbsp;es una t\u00e9cnica que utiliza&nbsp;<strong>ondas electromagn\u00e9ticas para calentar las capas m\u00e1s profundas de la piel<\/strong>. Este calentamiento estimula la producci\u00f3n de col\u00e1geno, lo que resulta en una piel m\u00e1s firme y con una textura mejorada. Adem\u00e1s, la&nbsp;<a href=\"https:\/\/agenciaseolocal.eu\/bedda\/tratamientos\/tratamiento-radiofrecuencia-corporal-bedda\/\">radiofrecuencia facial<\/a>&nbsp;puede ayudar a reducir la apariencia de arrugas y flacidez, proporcionando un efecto lifting sin necesidad de cirug\u00eda.<\/p>\n\n\n\n<p>Por otro lado, la presoterapia es un tratamiento que utiliza&nbsp;<strong>presi\u00f3n de aire para masajear el cuerpo<\/strong>, favoreciendo la circulaci\u00f3n sangu\u00ednea y el drenaje linf\u00e1tico. Este m\u00e9todo es especialmente efectivo para reducir la retenci\u00f3n de l\u00edquidos y mejorar la apariencia de la celulitis. Ambos tratamientos ofrecen beneficios est\u00e9ticos significativos, pero su enfoque y resultados son distintos.<\/p>\n\n\n\n<figure class=\"wp-block-image size-large\"><a href=\"https:\/\/agenciaseolocal.eu\/bedda\/wp-content\/uploads\/2025\/06\/radiofrecuencia-facial-efecto-lifting-relajacion.jpg\"><img decoding=\"async\" width=\"1024\" height=\"585\" src=\"https:\/\/agenciaseolocal.eu\/bedda\/wp-content\/uploads\/2025\/06\/radiofrecuencia-facial-efecto-lifting-relajacion-1024x585.jpg\" alt=\"radiofrecuencia facial efecto lifting relajacion\" class=\"wp-image-987518951\" srcset=\"https:\/\/agenciaseolocal.eu\/bedda\/wp-content\/uploads\/2025\/06\/radiofrecuencia-facial-efecto-lifting-relajacion-980x560.jpg 980w, https:\/\/agenciaseolocal.eu\/bedda\/wp-content\/uploads\/2025\/06\/radiofrecuencia-facial-efecto-lifting-relajacion-480x274.jpg 480w\" sizes=\"(min-width: 0px) and (max-width: 480px) 480px, (min-width: 481px) and (max-width: 980px) 980px, (min-width: 981px) 1024px, 100vw\" \/><\/a><\/figure>\n\n\n\n<p>La combinaci\u00f3n de radiofrecuencia y presoterapia puede potenciar los resultados est\u00e9ticos, ya que mientras la radiofrecuencia trabaja en la regeneraci\u00f3n de la piel desde el interior, la presoterapia ayuda a eliminar toxinas y a mejorar la circulaci\u00f3n en la superficie.<\/p>\n\n\n\n<p>Esto no solo contribuye a una piel m\u00e1s tonificada, sino que tambi\u00e9n puede resultar en una sensaci\u00f3n general de bienestar. Muchas personas que optan por estos tratamientos reportan no solo mejoras visibles en su piel, sino tambi\u00e9n un aumento en su energ\u00eda y vitalidad.<\/p>\n\n\n\n<h2 class=\"wp-block-heading\">C\u00f3mo la radiofrecuencia mejora la firmeza y textura de la piel<\/h2>\n\n\n\n<p><strong>La radiofrecuencia act\u00faa de manera profunda en la piel<\/strong>. Al calentar las capas internas, se promueve la producci\u00f3n de col\u00e1geno y elastina, dos componentes esenciales para mantener la piel firme y el\u00e1stica. Con el tiempo, esto se traduce en una mejora notable en la textura de la piel, que se vuelve m\u00e1s suave y uniforme.<\/p>\n\n\n\n<p>Adem\u00e1s, la radiofrecuencia es un tratamiento no invasivo, lo que significa que no requiere cirug\u00eda ni largos per\u00edodos de recuperaci\u00f3n. Las sesiones son relativamente r\u00e1pidas y, aunque se pueden necesitar varias para ver resultados \u00f3ptimos, muchos pacientes notan mejoras despu\u00e9s de la primera sesi\u00f3n. Esto la convierte en una opci\u00f3n atractiva para aquellos que buscan un rejuvenecimiento facial sin los riesgos asociados a procedimientos m\u00e1s invasivos.<\/p>\n\n\n\n<p>La radiofrecuencia no solo se utiliza en el rostro, sino que tambi\u00e9n es&nbsp;<strong>efectiva en otras \u00e1reas del cuerpo<\/strong>, como el abdomen, los brazos y los muslos.<\/p>\n\n\n\n<h2 class=\"wp-block-heading\">Ventajas de la presoterapia para la circulaci\u00f3n y drenaje linf\u00e1tico<\/h2>\n\n\n\n<p>La&nbsp;<a href=\"https:\/\/agenciaseolocal.eu\/bedda\/tratamientos\/tratamiento-anticelulitis-reductor\/\">presoterapia<\/a>&nbsp;se destaca principalmente por su capacidad para mejorar la circulaci\u00f3n y facilitar el drenaje linf\u00e1tico. Al aplicar presi\u00f3n de manera controlada, se estimula el flujo sangu\u00edneo y se ayuda a eliminar toxinas del cuerpo. Esto no solo contribuye a una mejor salud general, sino que tambi\u00e9n puede ser beneficioso para quienes sufren de problemas circulatorios o retenci\u00f3n de l\u00edquidos.<\/p>\n\n\n\n<p>Adem\u00e1s, la presoterapia es conocida por su<strong>&nbsp;efecto relajante<\/strong>. Muchas personas que se someten a este tratamiento reportan una sensaci\u00f3n de bienestar y alivio del estr\u00e9s. Esto la convierte en una opci\u00f3n ideal no solo para mejorar la apariencia f\u00edsica, sino tambi\u00e9n para promover un estado de relajaci\u00f3n y bienestar general.<\/p>\n\n\n\n<h2 class=\"wp-block-heading\">\u00bfQu\u00e9 tratamiento elegir seg\u00fan tus necesidades?<\/h2>\n\n\n\n<p>La elecci\u00f3n entre radiofrecuencia y presoterapia depender\u00e1 de los objetivos individuales. Si el principal inter\u00e9s es mejorar la firmeza y textura de la piel, la radiofrecuencia puede ser la opci\u00f3n m\u00e1s adecuada. Este tratamiento es ideal para quienes buscan combatir la flacidez y las arrugas, ofreciendo resultados visibles en el rostro y otras \u00e1reas del cuerpo.<\/p>\n\n\n\n<figure class=\"wp-block-image size-large\"><a href=\"https:\/\/agenciaseolocal.eu\/bedda\/wp-content\/uploads\/2025\/06\/equipos-radiofrecuencia-facial-profesional-clinica.jpg\"><img decoding=\"async\" width=\"1024\" height=\"585\" src=\"https:\/\/agenciaseolocal.eu\/bedda\/wp-content\/uploads\/2025\/06\/equipos-radiofrecuencia-facial-profesional-clinica-1024x585.jpg\" alt=\"equipos radiofrecuencia facial profesional clinica\" class=\"wp-image-987518952\" srcset=\"https:\/\/agenciaseolocal.eu\/bedda\/wp-content\/uploads\/2025\/06\/equipos-radiofrecuencia-facial-profesional-clinica-980x560.jpg 980w, https:\/\/agenciaseolocal.eu\/bedda\/wp-content\/uploads\/2025\/06\/equipos-radiofrecuencia-facial-profesional-clinica-480x274.jpg 480w\" sizes=\"(min-width: 0px) and (max-width: 480px) 480px, (min-width: 481px) and (max-width: 980px) 980px, (min-width: 981px) 1024px, 100vw\" \/><\/a><\/figure>\n\n\n\n<p>Por otro lado, si el objetivo es mejorar la circulaci\u00f3n, reducir la retenci\u00f3n de l\u00edquidos o tratar la celulitis, la presoterapia puede ser la mejor elecci\u00f3n. Este tratamiento es especialmente recomendado para personas que llevan un estilo de vida sedentario o que pasan muchas horas de pie, ya que ayuda a aliviar la sensaci\u00f3n de pesadez en las piernas y mejora la salud vascular.<\/p>\n\n\n\n<h2 class=\"wp-block-heading\">\u00bfExisten efectos secundarios en radiofrecuencia y presoterapia?<\/h2>\n\n\n\n<p><strong>Ambos tratamientos son generalmente seguros y tienen pocos efectos secundarios<\/strong>. En el caso de la radiofrecuencia, algunas personas pueden experimentar enrojecimiento o hinchaz\u00f3n temporal en la zona tratada, pero estos s\u00edntomas suelen desaparecer r\u00e1pidamente. Es importante seguir las recomendaciones del especialista y realizar el tratamiento en centros autorizados para minimizar cualquier riesgo.<\/p>\n\n\n\n<p>En cuanto a la presoterapia, los efectos secundarios son m\u00ednimos, aunque algunas personas pueden sentir una leve incomodidad durante la sesi\u00f3n. Sin embargo, esto es generalmente tolerable y se considera parte del proceso. Al igual que con la radiofrecuencia, es fundamental acudir a un profesional capacitado para garantizar un tratamiento seguro y efectivo.<\/p>\n","protected":false},"excerpt":{"rendered":"<p>La b\u00fasqueda de tratamientos est\u00e9ticos que ofrezcan resultados visibles y duraderos ha llevado a muchas personas a explorar diversas opciones. Entre las m\u00e1s populares se encuentran la&nbsp;radiofrecuencia y la presoterapia. Ambas t\u00e9cnicas tienen sus ventajas y se utilizan para diferentes prop\u00f3sitos, lo que puede generar confusi\u00f3n a la hora de elegir. Este art\u00edculo analizar\u00e1 ambas [&hellip;]<\/p>\n","protected":false},"author":3,"featured_media":987518950,"comment_status":"open","ping_status":"closed","sticky":false,"template":"","format":"standard","meta":{"_et_pb_use_builder":"off","_et_pb_old_content":"","_et_gb_content_width":"","_joinchat":[],"footnotes":""},"categories":[51,54],"tags":[],"class_list":["post-987518949","post","type-post","status-publish","format-standard","has-post-thumbnail","hentry","category-blog","category-medicina-estetica"],"yoast_head":"<!-- This site is optimized with the Yoast SEO plugin v25.9 - https:\/\/yoast.com\/wordpress\/plugins\/seo\/ -->\n<title>Radiofrecuencia o presoterapia | Centros bedda<\/title>\n<meta name=\"description\" content=\"Entra ahora en el blog de Centros bedda y descubre qu\u00e9 m\u00e9todo debes elegir entre la radiofrecuencia o la presoterapia. \u00a1Te lo contamos!\" \/>\n<meta name=\"robots\" content=\"noindex, follow, max-snippet:-1, max-image-preview:large, max-video-preview:-1\" \/>\n<meta property=\"og:locale\" content=\"es_ES\" \/>\n<meta property=\"og:type\" content=\"article\" \/>\n<meta property=\"og:title\" content=\"Radiofrecuencia o presoterapia | Centros bedda\" \/>\n<meta property=\"og:description\" content=\"Entra ahora en el blog de Centros bedda y descubre qu\u00e9 m\u00e9todo debes elegir entre la radiofrecuencia o la presoterapia. \u00a1Te lo contamos!\" \/>\n<meta property=\"og:url\" content=\"https:\/\/agenciaseolocal.eu\/bedda\/radiofrecuencia-o-presoterapia-cual-elijo\/\" \/>\n<meta property=\"og:site_name\" content=\"Centros bedda\" \/>\n<meta property=\"article:publisher\" content=\"https:\/\/www.facebook.com\/centrobedda\" \/>\n<meta property=\"article:published_time\" content=\"2025-06-30T09:35:49+00:00\" \/>\n<meta property=\"article:modified_time\" content=\"2025-07-10T09:36:45+00:00\" \/>\n<meta property=\"og:image\" content=\"https:\/\/agenciaseolocal.eu\/bedda\/wp-content\/uploads\/2025\/06\/tratamiento-radiofrecuencia-facial-mujer-centro-estetico.jpg\" \/>\n\t<meta property=\"og:image:width\" content=\"2000\" \/>\n\t<meta property=\"og:image:height\" content=\"700\" \/>\n\t<meta property=\"og:image:type\" content=\"image\/jpeg\" \/>\n<meta name=\"author\" content=\"Centros bedda\" \/>\n<meta name=\"twitter:card\" content=\"summary_large_image\" \/>\n<meta name=\"twitter:creator\" content=\"@centrosbedda\" \/>\n<meta name=\"twitter:site\" content=\"@centrosbedda\" \/>\n<meta name=\"twitter:label1\" content=\"Escrito por\" \/>\n\t<meta name=\"twitter:data1\" content=\"Centros bedda\" \/>\n\t<meta name=\"twitter:label2\" content=\"Tiempo de lectura\" \/>\n\t<meta name=\"twitter:data2\" content=\"5 minutos\" \/>\n<!-- \/ Yoast SEO plugin. -->","yoast_head_json":{"title":"Radiofrecuencia o presoterapia | Centros bedda","description":"Entra ahora en el blog de Centros bedda y descubre qu\u00e9 m\u00e9todo debes elegir entre la radiofrecuencia o la presoterapia. \u00a1Te lo contamos!","robots":{"index":"noindex","follow":"follow","max-snippet":"max-snippet:-1","max-image-preview":"max-image-preview:large","max-video-preview":"max-video-preview:-1"},"og_locale":"es_ES","og_type":"article","og_title":"Radiofrecuencia o presoterapia | Centros bedda","og_description":"Entra ahora en el blog de Centros bedda y descubre qu\u00e9 m\u00e9todo debes elegir entre la radiofrecuencia o la presoterapia. \u00a1Te lo contamos!","og_url":"https:\/\/agenciaseolocal.eu\/bedda\/radiofrecuencia-o-presoterapia-cual-elijo\/","og_site_name":"Centros bedda","article_publisher":"https:\/\/www.facebook.com\/centrobedda","article_published_time":"2025-06-30T09:35:49+00:00","article_modified_time":"2025-07-10T09:36:45+00:00","og_image":[{"width":2000,"height":700,"url":"https:\/\/agenciaseolocal.eu\/bedda\/wp-content\/uploads\/2025\/06\/tratamiento-radiofrecuencia-facial-mujer-centro-estetico.jpg","type":"image\/jpeg"}],"author":"Centros bedda","twitter_card":"summary_large_image","twitter_creator":"@centrosbedda","twitter_site":"@centrosbedda","twitter_misc":{"Escrito por":"Centros bedda","Tiempo de lectura":"5 minutos"},"schema":{"@context":"https:\/\/schema.org","@graph":[{"@type":"Article","@id":"https:\/\/agenciaseolocal.eu\/bedda\/radiofrecuencia-o-presoterapia-cual-elijo\/#article","isPartOf":{"@id":"https:\/\/agenciaseolocal.eu\/bedda\/radiofrecuencia-o-presoterapia-cual-elijo\/"},"author":{"name":"Centros bedda","@id":"https:\/\/agenciaseolocal.eu\/bedda\/#\/schema\/person\/ca3010faf67f189fd2de8d61a763fc8b"},"headline":"Radiofrecuencia o presoterapia: \u00bfcu\u00e1l elijo?","datePublished":"2025-06-30T09:35:49+00:00","dateModified":"2025-07-10T09:36:45+00:00","mainEntityOfPage":{"@id":"https:\/\/agenciaseolocal.eu\/bedda\/radiofrecuencia-o-presoterapia-cual-elijo\/"},"wordCount":900,"commentCount":0,"publisher":{"@id":"https:\/\/agenciaseolocal.eu\/bedda\/#organization"},"image":{"@id":"https:\/\/agenciaseolocal.eu\/bedda\/radiofrecuencia-o-presoterapia-cual-elijo\/#primaryimage"},"thumbnailUrl":"https:\/\/agenciaseolocal.eu\/bedda\/wp-content\/uploads\/2025\/06\/tratamiento-radiofrecuencia-facial-mujer-centro-estetico.jpg","articleSection":["Blog","Medicina est\u00e9tica"],"inLanguage":"es","potentialAction":[{"@type":"CommentAction","name":"Comment","target":["https:\/\/agenciaseolocal.eu\/bedda\/radiofrecuencia-o-presoterapia-cual-elijo\/#respond"]}]},{"@type":"WebPage","@id":"https:\/\/agenciaseolocal.eu\/bedda\/radiofrecuencia-o-presoterapia-cual-elijo\/","url":"https:\/\/agenciaseolocal.eu\/bedda\/radiofrecuencia-o-presoterapia-cual-elijo\/","name":"Radiofrecuencia o presoterapia | Centros bedda","isPartOf":{"@id":"https:\/\/agenciaseolocal.eu\/bedda\/#website"},"primaryImageOfPage":{"@id":"https:\/\/agenciaseolocal.eu\/bedda\/radiofrecuencia-o-presoterapia-cual-elijo\/#primaryimage"},"image":{"@id":"https:\/\/agenciaseolocal.eu\/bedda\/radiofrecuencia-o-presoterapia-cual-elijo\/#primaryimage"},"thumbnailUrl":"https:\/\/agenciaseolocal.eu\/bedda\/wp-content\/uploads\/2025\/06\/tratamiento-radiofrecuencia-facial-mujer-centro-estetico.jpg","datePublished":"2025-06-30T09:35:49+00:00","dateModified":"2025-07-10T09:36:45+00:00","description":"Entra ahora en el blog de Centros bedda y descubre qu\u00e9 m\u00e9todo debes elegir entre la radiofrecuencia o la presoterapia. \u00a1Te lo contamos!","breadcrumb":{"@id":"https:\/\/agenciaseolocal.eu\/bedda\/radiofrecuencia-o-presoterapia-cual-elijo\/#breadcrumb"},"inLanguage":"es","potentialAction":[{"@type":"ReadAction","target":["https:\/\/agenciaseolocal.eu\/bedda\/radiofrecuencia-o-presoterapia-cual-elijo\/"]}]},{"@type":"ImageObject","inLanguage":"es","@id":"https:\/\/agenciaseolocal.eu\/bedda\/radiofrecuencia-o-presoterapia-cual-elijo\/#primaryimage","url":"https:\/\/agenciaseolocal.eu\/bedda\/wp-content\/uploads\/2025\/06\/tratamiento-radiofrecuencia-facial-mujer-centro-estetico.jpg","contentUrl":"https:\/\/agenciaseolocal.eu\/bedda\/wp-content\/uploads\/2025\/06\/tratamiento-radiofrecuencia-facial-mujer-centro-estetico.jpg","width":2000,"height":700,"caption":"tratamiento radiofrecuencia facial mujer centro estetico"},{"@type":"BreadcrumbList","@id":"https:\/\/agenciaseolocal.eu\/bedda\/radiofrecuencia-o-presoterapia-cual-elijo\/#breadcrumb","itemListElement":[{"@type":"ListItem","position":1,"name":"Portada","item":"https:\/\/agenciaseolocal.eu\/bedda\/"},{"@type":"ListItem","position":2,"name":"Radiofrecuencia o presoterapia: \u00bfcu\u00e1l elijo?"}]},{"@type":"WebSite","@id":"https:\/\/agenciaseolocal.eu\/bedda\/#website","url":"https:\/\/agenciaseolocal.eu\/bedda\/","name":"Centros bedda","description":"Centro de depilaci\u00f3n l\u00e1ser","publisher":{"@id":"https:\/\/agenciaseolocal.eu\/bedda\/#organization"},"potentialAction":[{"@type":"SearchAction","target":{"@type":"EntryPoint","urlTemplate":"https:\/\/agenciaseolocal.eu\/bedda\/?s={search_term_string}"},"query-input":{"@type":"PropertyValueSpecification","valueRequired":true,"valueName":"search_term_string"}}],"inLanguage":"es"},{"@type":"Organization","@id":"https:\/\/agenciaseolocal.eu\/bedda\/#organization","name":"Centros bedda","url":"https:\/\/agenciaseolocal.eu\/bedda\/","logo":{"@type":"ImageObject","inLanguage":"es","@id":"https:\/\/agenciaseolocal.eu\/bedda\/#\/schema\/logo\/image\/","url":"https:\/\/agenciaseolocal.eu\/bedda\/wp-content\/uploads\/2024\/04\/centros-bedda-depilacion-laser-logo.png","contentUrl":"https:\/\/agenciaseolocal.eu\/bedda\/wp-content\/uploads\/2024\/04\/centros-bedda-depilacion-laser-logo.png","width":220,"height":220,"caption":"Centros bedda"},"image":{"@id":"https:\/\/agenciaseolocal.eu\/bedda\/#\/schema\/logo\/image\/"},"sameAs":["https:\/\/www.facebook.com\/centrobedda","https:\/\/x.com\/centrosbedda","https:\/\/www.youtube.com\/channel\/UCV57tDnQcnHfTici1funk4g?app=desktop","https:\/\/www.instagram.com\/centrosbedda\/","https:\/\/www.linkedin.com\/company\/centros-bedda\/"]},{"@type":"Person","@id":"https:\/\/agenciaseolocal.eu\/bedda\/#\/schema\/person\/ca3010faf67f189fd2de8d61a763fc8b","name":"Centros bedda","image":{"@type":"ImageObject","inLanguage":"es","@id":"https:\/\/agenciaseolocal.eu\/bedda\/#\/schema\/person\/image\/","url":"https:\/\/secure.gravatar.com\/avatar\/ea1f00b0a249719594f6b50ee5d3214c2c192531d8f80f789208e2aa9605ac08?s=96&d=mm&r=g","contentUrl":"https:\/\/secure.gravatar.com\/avatar\/ea1f00b0a249719594f6b50ee5d3214c2c192531d8f80f789208e2aa9605ac08?s=96&d=mm&r=g","caption":"Centros bedda"},"url":"https:\/\/agenciaseolocal.eu\/bedda\/author\/mktpmp_gedfwb31y\/"}]}},"_links":{"self":[{"href":"https:\/\/agenciaseolocal.eu\/bedda\/wp-json\/wp\/v2\/posts\/987518949","targetHints":{"allow":["GET"]}}],"collection":[{"href":"https:\/\/agenciaseolocal.eu\/bedda\/wp-json\/wp\/v2\/posts"}],"about":[{"href":"https:\/\/agenciaseolocal.eu\/bedda\/wp-json\/wp\/v2\/types\/post"}],"author":[{"embeddable":true,"href":"https:\/\/agenciaseolocal.eu\/bedda\/wp-json\/wp\/v2\/users\/3"}],"replies":[{"embeddable":true,"href":"https:\/\/agenciaseolocal.eu\/bedda\/wp-json\/wp\/v2\/comments?post=987518949"}],"version-history":[{"count":1,"href":"https:\/\/agenciaseolocal.eu\/bedda\/wp-json\/wp\/v2\/posts\/987518949\/revisions"}],"predecessor-version":[{"id":987518953,"href":"https:\/\/agenciaseolocal.eu\/bedda\/wp-json\/wp\/v2\/posts\/987518949\/revisions\/987518953"}],"wp:featuredmedia":[{"embeddable":true,"href":"https:\/\/agenciaseolocal.eu\/bedda\/wp-json\/wp\/v2\/media\/987518950"}],"wp:attachment":[{"href":"https:\/\/agenciaseolocal.eu\/bedda\/wp-json\/wp\/v2\/media?parent=987518949"}],"wp:term":[{"taxonomy":"category","embeddable":true,"href":"https:\/\/agenciaseolocal.eu\/bedda\/wp-json\/wp\/v2\/categories?post=987518949"},{"taxonomy":"post_tag","embeddable":true,"href":"https:\/\/agenciaseolocal.eu\/bedda\/wp-json\/wp\/v2\/tags?post=987518949"}],"curies":[{"name":"wp","href":"https:\/\/api.w.org\/{rel}","templated":true}]}}