{"id":987518954,"date":"2025-06-23T11:35:42","date_gmt":"2025-06-23T09:35:42","guid":{"rendered":"https:\/\/centrosbedda.com\/?p=987518954"},"modified":"2025-07-10T11:36:38","modified_gmt":"2025-07-10T09:36:38","slug":"depilacion-laser-retinol-compatibles","status":"publish","type":"post","link":"https:\/\/agenciaseolocal.eu\/bedda\/depilacion-laser-retinol-compatibles\/","title":{"rendered":"Depilaci\u00f3n l\u00e1ser y retinol: \u00bfCompatibles?"},"content":{"rendered":"\n<p>La depilaci\u00f3n l\u00e1ser se ha convertido en una de las<strong>&nbsp;opciones m\u00e1s populares para eliminar el vello no deseado de manera efectiva y duradera<\/strong>. Sin embargo, el uso de productos que contienen retinol, un derivado de la vitamina A, puede generar dudas sobre su compatibilidad con este tratamiento.<\/p>\n\n\n\n<h2 class=\"wp-block-heading\">Efectos de la depilaci\u00f3n l\u00e1ser sobre la piel tratada con retinol<\/h2>\n\n\n\n<p>El retinol es conocido por sus propiedades exfoliantes y su capacidad para mejorar la textura y el tono de la piel. Sin embargo, su uso puede hacer que la piel sea m\u00e1s sensible y susceptible a irritaciones. Cuando se somete a depilaci\u00f3n l\u00e1ser, esta sensibilidad puede intensificarse, lo que podr\u00eda resultar en reacciones adversas.<\/p>\n\n\n\n<p>La depilaci\u00f3n l\u00e1ser funciona al aplicar energ\u00eda en forma de luz sobre el fol\u00edculo piloso, lo que puede causar un leve da\u00f1o t\u00e9rmico en la piel circundante. Si la piel ha sido tratada con retinol, el riesgo de enrojecimiento, inflamaci\u00f3n o incluso&nbsp;<a href=\"https:\/\/agenciaseolocal.eu\/bedda\/quemaduras-depilacion-laser-como-tratarlas\/\">quemaduras por depilaci\u00f3n l\u00e1ser<\/a>&nbsp;puede aumentar. Por lo tanto, es crucial tener en cuenta el momento en que se utiliza el retinol en relaci\u00f3n con las sesiones de depilaci\u00f3n l\u00e1ser.<\/p>\n\n\n\n<p>Adem\u00e1s, es importante considerar que&nbsp;<strong>el retinol puede hacer que la piel se vuelva m\u00e1s fina y vulnerable<\/strong>. Esto significa que, aunque el tratamiento con l\u00e1ser sea efectivo para la eliminaci\u00f3n del vello, la piel puede no reaccionar de la misma manera que lo har\u00eda en una piel no tratada.<\/p>\n\n\n\n<p>Por esta raz\u00f3n, muchos dermat\u00f3logos recomiendan suspender el uso de productos que contengan retinol al menos una semana antes de la sesi\u00f3n de depilaci\u00f3n l\u00e1ser, para minimizar el riesgo de efectos secundarios.<\/p>\n\n\n\n<h2 class=\"wp-block-heading\">Sensibilidad y reacciones cut\u00e1neas<\/h2>\n\n\n\n<p>La sensibilidad de la piel es una de las principales preocupaciones al combinar el uso de retinol con la depilaci\u00f3n l\u00e1ser. Los usuarios de retinol pueden experimentar sequedad, descamaci\u00f3n y enrojecimiento, efectos que pueden ser exacerbados por el tratamiento l\u00e1ser. Esto se debe a que el retinol acelera el proceso de renovaci\u00f3n celular, dejando la piel m\u00e1s vulnerable.<\/p>\n\n\n\n<p>Es recomendable que las personas que utilizan retinol informen a su especialista en depilaci\u00f3n l\u00e1ser sobre su uso. Esto permitir\u00e1&nbsp;<strong>ajustar el tratamiento y minimizar el riesgo de efectos adversos<\/strong>. En algunos casos, se puede sugerir un per\u00edodo de pausa en el uso de retinol antes y despu\u00e9s de la depilaci\u00f3n l\u00e1ser para permitir que la piel se recupere adecuadamente.<\/p>\n\n\n\n<figure class=\"wp-block-image size-large\"><a href=\"https:\/\/agenciaseolocal.eu\/bedda\/wp-content\/uploads\/2025\/06\/rosacea-piel-roja-zona-mejilla-enfermedad-cutanea.jpg\"><img decoding=\"async\" width=\"1024\" height=\"585\" src=\"https:\/\/agenciaseolocal.eu\/bedda\/wp-content\/uploads\/2025\/06\/rosacea-piel-roja-zona-mejilla-enfermedad-cutanea-1024x585.jpg\" alt=\"rosacea piel roja zona mejilla enfermedad cutanea\" class=\"wp-image-987518957\" srcset=\"https:\/\/agenciaseolocal.eu\/bedda\/wp-content\/uploads\/2025\/06\/rosacea-piel-roja-zona-mejilla-enfermedad-cutanea-980x560.jpg 980w, https:\/\/agenciaseolocal.eu\/bedda\/wp-content\/uploads\/2025\/06\/rosacea-piel-roja-zona-mejilla-enfermedad-cutanea-480x274.jpg 480w\" sizes=\"(min-width: 0px) and (max-width: 480px) 480px, (min-width: 481px) and (max-width: 980px) 980px, (min-width: 981px) 1024px, 100vw\" \/><\/a><\/figure>\n\n\n\n<p>Adem\u00e1s, es importante considerar que la piel sensible puede reaccionar de diferentes maneras dependiendo del tipo de l\u00e1ser utilizado. Por ejemplo, los l\u00e1seres de diodo y los l\u00e1seres de alejandrita tienen diferentes longitudes de onda que pueden afectar la piel de manera distinta.<\/p>\n\n\n\n<p>Aquellos con piel m\u00e1s clara pueden ser m\u00e1s propensos a experimentar enrojecimiento o inflamaci\u00f3n, mientras que los de piel m\u00e1s oscura deben tener cuidado con el riesgo de hipopigmentaci\u00f3n o hiperpigmentaci\u00f3n. Por lo tanto, es esencial que el especialista eval\u00fae el tipo de piel y ajuste los par\u00e1metros del l\u00e1ser para cada paciente.<\/p>\n\n\n\n<h2 class=\"wp-block-heading\">Cicatrizaci\u00f3n tras la depilaci\u00f3n l\u00e1ser<\/h2>\n\n\n\n<p>La cicatrizaci\u00f3n es un aspecto fundamental a considerar despu\u00e9s de someterse a un tratamiento de depilaci\u00f3n l\u00e1ser. La piel puede presentar&nbsp;<strong>enrojecimiento e hinchaz\u00f3n temporal<\/strong>, y es esencial seguir las&nbsp;<a href=\"https:\/\/agenciaseolocal.eu\/bedda\/recomendaciones-laser\/\">recomendaciones sobre depilaci\u00f3n l\u00e1ser<\/a>&nbsp;del profesional para facilitar una recuperaci\u00f3n \u00f3ptima.<\/p>\n\n\n\n<p>Si se ha estado utilizando retinol, la piel puede requerir cuidados adicionales durante la cicatrizaci\u00f3n. La aplicaci\u00f3n de productos hidratantes y calmantes puede ser beneficiosa. Adem\u00e1s, es crucial evitar la exposici\u00f3n al sol y el uso de productos irritantes que puedan interferir con el proceso de curaci\u00f3n.<\/p>\n\n\n\n<h2 class=\"wp-block-heading\">Alternativas para usar retinol sin interferir con la depilaci\u00f3n l\u00e1ser<\/h2>\n\n\n\n<p>Para quienes desean seguir utilizando retinol mientras se someten a tratamientos de depilaci\u00f3n l\u00e1ser, existen alternativas que pueden ayudar a minimizar los riesgos. Una opci\u00f3n es utilizar retinol en concentraciones m\u00e1s bajas o optar por productos que contengan derivados menos irritantes de la vitamina A, como el retinaldeh\u00eddo.<\/p>\n\n\n\n<p>Otra estrategia es&nbsp;<strong>espaciar las aplicaciones de retinol<\/strong>. Por ejemplo, se podr\u00eda aplicar el producto solo en d\u00edas alternos o limitar su uso a las noches, permitiendo as\u00ed que la piel tenga tiempo para recuperarse entre tratamientos. Es fundamental escuchar a la piel y ajustar el uso seg\u00fan c\u00f3mo reaccione.<\/p>\n\n\n\n<h2 class=\"wp-block-heading\">\u00bfC\u00f3mo optimizar los resultados del l\u00e1ser sin da\u00f1ar la piel?: Planificaci\u00f3n de tratamientos<\/h2>\n\n\n\n<p>La planificaci\u00f3n adecuada de los tratamientos de depilaci\u00f3n l\u00e1ser es esencial para maximizar los resultados y proteger la piel. Antes de iniciar un tratamiento, es recomendable realizar una consulta exhaustiva con un profesional que pueda evaluar el tipo de piel y las necesidades individuales.<\/p>\n\n\n\n<figure class=\"wp-block-image size-large\"><a href=\"https:\/\/agenciaseolocal.eu\/bedda\/wp-content\/uploads\/2025\/06\/radiofrecuencia-facial-rejuvenecimiento-mujer-tratamiento.jpg\"><img decoding=\"async\" width=\"1024\" height=\"585\" src=\"https:\/\/agenciaseolocal.eu\/bedda\/wp-content\/uploads\/2025\/06\/radiofrecuencia-facial-rejuvenecimiento-mujer-tratamiento-1024x585.jpg\" alt=\"radiofrecuencia facial rejuvenecimiento mujer tratamiento\" class=\"wp-image-987518958\" srcset=\"https:\/\/agenciaseolocal.eu\/bedda\/wp-content\/uploads\/2025\/06\/radiofrecuencia-facial-rejuvenecimiento-mujer-tratamiento-980x560.jpg 980w, https:\/\/agenciaseolocal.eu\/bedda\/wp-content\/uploads\/2025\/06\/radiofrecuencia-facial-rejuvenecimiento-mujer-tratamiento-480x274.jpg 480w\" sizes=\"(min-width: 0px) and (max-width: 480px) 480px, (min-width: 481px) and (max-width: 980px) 980px, (min-width: 981px) 1024px, 100vw\" \/><\/a><\/figure>\n\n\n\n<p>Durante la consulta, se debe discutir el uso de retinol y otros productos que puedan afectar la piel. Un especialista puede sugerir un cronograma de sesiones de depilaci\u00f3n l\u00e1ser que tenga en cuenta el tiempo necesario para que la piel se recupere de cada tratamiento y el uso de retinol.<\/p>\n\n\n\n<h2 class=\"wp-block-heading\">Hidrataci\u00f3n y protecci\u00f3n solar<\/h2>\n\n\n\n<p>La hidrataci\u00f3n es un aspecto clave en el cuidado de la piel, especialmente despu\u00e9s de la depilaci\u00f3n l\u00e1ser.&nbsp;<strong>Usar una crema hidratante adecuada<\/strong>&nbsp;puede ayudar a calmar la piel y reducir la inflamaci\u00f3n. Se recomienda elegir productos que contengan ingredientes como aloe vera o \u00e1cido hialur\u00f3nico, que son conocidos por sus propiedades calmantes y humectantes.<\/p>\n\n\n\n<p>Adem\u00e1s, la protecci\u00f3n solar es fundamental. La piel puede ser m\u00e1s susceptible a los da\u00f1os del sol despu\u00e9s de la depilaci\u00f3n l\u00e1ser, por lo que es crucial aplicar un protector solar de amplio espectro con un alto factor de protecci\u00f3n. Esto ayudar\u00e1 a prevenir la hiperpigmentaci\u00f3n y otros problemas relacionados con la exposici\u00f3n solar.<\/p>\n","protected":false},"excerpt":{"rendered":"<p>La depilaci\u00f3n l\u00e1ser se ha convertido en una de las&nbsp;opciones m\u00e1s populares para eliminar el vello no deseado de manera efectiva y duradera. Sin embargo, el uso de productos que contienen retinol, un derivado de la vitamina A, puede generar dudas sobre su compatibilidad con este tratamiento. Efectos de la depilaci\u00f3n l\u00e1ser sobre la piel [&hellip;]<\/p>\n","protected":false},"author":3,"featured_media":987518956,"comment_status":"open","ping_status":"closed","sticky":false,"template":"","format":"standard","meta":{"_et_pb_use_builder":"off","_et_pb_old_content":"","_et_gb_content_width":"","_joinchat":[],"footnotes":""},"categories":[51,65],"tags":[],"class_list":["post-987518954","post","type-post","status-publish","format-standard","has-post-thumbnail","hentry","category-blog","category-depilacion"],"yoast_head":"<!-- This site is optimized with the Yoast SEO plugin v25.9 - https:\/\/yoast.com\/wordpress\/plugins\/seo\/ -->\n<title>Depilaci\u00f3n l\u00e1ser y retinol | Centros bedda<\/title>\n<meta name=\"description\" content=\"Entra ahora en el blog de Centros bedda y descubre si pueden llegar a ser compatibles la depilaci\u00f3n l\u00e1ser y el retinol. \u00a1Te lo contamos todo!\" \/>\n<meta name=\"robots\" content=\"noindex, follow, max-snippet:-1, max-image-preview:large, max-video-preview:-1\" \/>\n<meta property=\"og:locale\" content=\"es_ES\" \/>\n<meta property=\"og:type\" content=\"article\" \/>\n<meta property=\"og:title\" content=\"Depilaci\u00f3n l\u00e1ser y retinol | Centros bedda\" \/>\n<meta property=\"og:description\" content=\"Entra ahora en el blog de Centros bedda y descubre si pueden llegar a ser compatibles la depilaci\u00f3n l\u00e1ser y el retinol. \u00a1Te lo contamos todo!\" \/>\n<meta property=\"og:url\" content=\"https:\/\/agenciaseolocal.eu\/bedda\/depilacion-laser-retinol-compatibles\/\" \/>\n<meta property=\"og:site_name\" content=\"Centros bedda\" \/>\n<meta property=\"article:publisher\" content=\"https:\/\/www.facebook.com\/centrobedda\" \/>\n<meta property=\"article:published_time\" content=\"2025-06-23T09:35:42+00:00\" \/>\n<meta property=\"article:modified_time\" content=\"2025-07-10T09:36:38+00:00\" \/>\n<meta property=\"og:image\" content=\"https:\/\/agenciaseolocal.eu\/bedda\/wp-content\/uploads\/2025\/06\/masaje-facial-relajante-terapia-antiedad-estetica.jpg\" \/>\n\t<meta property=\"og:image:width\" content=\"2000\" \/>\n\t<meta property=\"og:image:height\" content=\"700\" \/>\n\t<meta property=\"og:image:type\" content=\"image\/jpeg\" \/>\n<meta name=\"author\" content=\"Centros bedda\" \/>\n<meta name=\"twitter:card\" content=\"summary_large_image\" \/>\n<meta name=\"twitter:creator\" content=\"@centrosbedda\" \/>\n<meta name=\"twitter:site\" content=\"@centrosbedda\" \/>\n<meta name=\"twitter:label1\" content=\"Escrito por\" \/>\n\t<meta name=\"twitter:data1\" content=\"Centros bedda\" \/>\n\t<meta name=\"twitter:label2\" content=\"Tiempo de lectura\" \/>\n\t<meta name=\"twitter:data2\" content=\"5 minutos\" \/>\n<!-- \/ Yoast SEO plugin. -->","yoast_head_json":{"title":"Depilaci\u00f3n l\u00e1ser y retinol | Centros bedda","description":"Entra ahora en el blog de Centros bedda y descubre si pueden llegar a ser compatibles la depilaci\u00f3n l\u00e1ser y el retinol. \u00a1Te lo contamos todo!","robots":{"index":"noindex","follow":"follow","max-snippet":"max-snippet:-1","max-image-preview":"max-image-preview:large","max-video-preview":"max-video-preview:-1"},"og_locale":"es_ES","og_type":"article","og_title":"Depilaci\u00f3n l\u00e1ser y retinol | Centros bedda","og_description":"Entra ahora en el blog de Centros bedda y descubre si pueden llegar a ser compatibles la depilaci\u00f3n l\u00e1ser y el retinol. \u00a1Te lo contamos todo!","og_url":"https:\/\/agenciaseolocal.eu\/bedda\/depilacion-laser-retinol-compatibles\/","og_site_name":"Centros bedda","article_publisher":"https:\/\/www.facebook.com\/centrobedda","article_published_time":"2025-06-23T09:35:42+00:00","article_modified_time":"2025-07-10T09:36:38+00:00","og_image":[{"width":2000,"height":700,"url":"https:\/\/agenciaseolocal.eu\/bedda\/wp-content\/uploads\/2025\/06\/masaje-facial-relajante-terapia-antiedad-estetica.jpg","type":"image\/jpeg"}],"author":"Centros bedda","twitter_card":"summary_large_image","twitter_creator":"@centrosbedda","twitter_site":"@centrosbedda","twitter_misc":{"Escrito por":"Centros bedda","Tiempo de lectura":"5 minutos"},"schema":{"@context":"https:\/\/schema.org","@graph":[{"@type":"Article","@id":"https:\/\/agenciaseolocal.eu\/bedda\/depilacion-laser-retinol-compatibles\/#article","isPartOf":{"@id":"https:\/\/agenciaseolocal.eu\/bedda\/depilacion-laser-retinol-compatibles\/"},"author":{"name":"Centros bedda","@id":"https:\/\/agenciaseolocal.eu\/bedda\/#\/schema\/person\/ca3010faf67f189fd2de8d61a763fc8b"},"headline":"Depilaci\u00f3n l\u00e1ser y retinol: \u00bfCompatibles?","datePublished":"2025-06-23T09:35:42+00:00","dateModified":"2025-07-10T09:36:38+00:00","mainEntityOfPage":{"@id":"https:\/\/agenciaseolocal.eu\/bedda\/depilacion-laser-retinol-compatibles\/"},"wordCount":1035,"commentCount":0,"publisher":{"@id":"https:\/\/agenciaseolocal.eu\/bedda\/#organization"},"image":{"@id":"https:\/\/agenciaseolocal.eu\/bedda\/depilacion-laser-retinol-compatibles\/#primaryimage"},"thumbnailUrl":"https:\/\/agenciaseolocal.eu\/bedda\/wp-content\/uploads\/2025\/06\/masaje-facial-relajante-terapia-antiedad-estetica.jpg","articleSection":["Blog","Depilaci\u00f3n"],"inLanguage":"es","potentialAction":[{"@type":"CommentAction","name":"Comment","target":["https:\/\/agenciaseolocal.eu\/bedda\/depilacion-laser-retinol-compatibles\/#respond"]}]},{"@type":"WebPage","@id":"https:\/\/agenciaseolocal.eu\/bedda\/depilacion-laser-retinol-compatibles\/","url":"https:\/\/agenciaseolocal.eu\/bedda\/depilacion-laser-retinol-compatibles\/","name":"Depilaci\u00f3n l\u00e1ser y retinol | Centros bedda","isPartOf":{"@id":"https:\/\/agenciaseolocal.eu\/bedda\/#website"},"primaryImageOfPage":{"@id":"https:\/\/agenciaseolocal.eu\/bedda\/depilacion-laser-retinol-compatibles\/#primaryimage"},"image":{"@id":"https:\/\/agenciaseolocal.eu\/bedda\/depilacion-laser-retinol-compatibles\/#primaryimage"},"thumbnailUrl":"https:\/\/agenciaseolocal.eu\/bedda\/wp-content\/uploads\/2025\/06\/masaje-facial-relajante-terapia-antiedad-estetica.jpg","datePublished":"2025-06-23T09:35:42+00:00","dateModified":"2025-07-10T09:36:38+00:00","description":"Entra ahora en el blog de Centros bedda y descubre si pueden llegar a ser compatibles la depilaci\u00f3n l\u00e1ser y el retinol. \u00a1Te lo contamos todo!","breadcrumb":{"@id":"https:\/\/agenciaseolocal.eu\/bedda\/depilacion-laser-retinol-compatibles\/#breadcrumb"},"inLanguage":"es","potentialAction":[{"@type":"ReadAction","target":["https:\/\/agenciaseolocal.eu\/bedda\/depilacion-laser-retinol-compatibles\/"]}]},{"@type":"ImageObject","inLanguage":"es","@id":"https:\/\/agenciaseolocal.eu\/bedda\/depilacion-laser-retinol-compatibles\/#primaryimage","url":"https:\/\/agenciaseolocal.eu\/bedda\/wp-content\/uploads\/2025\/06\/masaje-facial-relajante-terapia-antiedad-estetica.jpg","contentUrl":"https:\/\/agenciaseolocal.eu\/bedda\/wp-content\/uploads\/2025\/06\/masaje-facial-relajante-terapia-antiedad-estetica.jpg","width":2000,"height":700,"caption":"masaje facial relajante terapia antiedad estetica"},{"@type":"BreadcrumbList","@id":"https:\/\/agenciaseolocal.eu\/bedda\/depilacion-laser-retinol-compatibles\/#breadcrumb","itemListElement":[{"@type":"ListItem","position":1,"name":"Portada","item":"https:\/\/agenciaseolocal.eu\/bedda\/"},{"@type":"ListItem","position":2,"name":"Depilaci\u00f3n l\u00e1ser y retinol: \u00bfCompatibles?"}]},{"@type":"WebSite","@id":"https:\/\/agenciaseolocal.eu\/bedda\/#website","url":"https:\/\/agenciaseolocal.eu\/bedda\/","name":"Centros bedda","description":"Centro de depilaci\u00f3n l\u00e1ser","publisher":{"@id":"https:\/\/agenciaseolocal.eu\/bedda\/#organization"},"potentialAction":[{"@type":"SearchAction","target":{"@type":"EntryPoint","urlTemplate":"https:\/\/agenciaseolocal.eu\/bedda\/?s={search_term_string}"},"query-input":{"@type":"PropertyValueSpecification","valueRequired":true,"valueName":"search_term_string"}}],"inLanguage":"es"},{"@type":"Organization","@id":"https:\/\/agenciaseolocal.eu\/bedda\/#organization","name":"Centros bedda","url":"https:\/\/agenciaseolocal.eu\/bedda\/","logo":{"@type":"ImageObject","inLanguage":"es","@id":"https:\/\/agenciaseolocal.eu\/bedda\/#\/schema\/logo\/image\/","url":"https:\/\/agenciaseolocal.eu\/bedda\/wp-content\/uploads\/2024\/04\/centros-bedda-depilacion-laser-logo.png","contentUrl":"https:\/\/agenciaseolocal.eu\/bedda\/wp-content\/uploads\/2024\/04\/centros-bedda-depilacion-laser-logo.png","width":220,"height":220,"caption":"Centros bedda"},"image":{"@id":"https:\/\/agenciaseolocal.eu\/bedda\/#\/schema\/logo\/image\/"},"sameAs":["https:\/\/www.facebook.com\/centrobedda","https:\/\/x.com\/centrosbedda","https:\/\/www.youtube.com\/channel\/UCV57tDnQcnHfTici1funk4g?app=desktop","https:\/\/www.instagram.com\/centrosbedda\/","https:\/\/www.linkedin.com\/company\/centros-bedda\/"]},{"@type":"Person","@id":"https:\/\/agenciaseolocal.eu\/bedda\/#\/schema\/person\/ca3010faf67f189fd2de8d61a763fc8b","name":"Centros bedda","image":{"@type":"ImageObject","inLanguage":"es","@id":"https:\/\/agenciaseolocal.eu\/bedda\/#\/schema\/person\/image\/","url":"https:\/\/secure.gravatar.com\/avatar\/ea1f00b0a249719594f6b50ee5d3214c2c192531d8f80f789208e2aa9605ac08?s=96&d=mm&r=g","contentUrl":"https:\/\/secure.gravatar.com\/avatar\/ea1f00b0a249719594f6b50ee5d3214c2c192531d8f80f789208e2aa9605ac08?s=96&d=mm&r=g","caption":"Centros bedda"},"url":"https:\/\/agenciaseolocal.eu\/bedda\/author\/mktpmp_gedfwb31y\/"}]}},"_links":{"self":[{"href":"https:\/\/agenciaseolocal.eu\/bedda\/wp-json\/wp\/v2\/posts\/987518954","targetHints":{"allow":["GET"]}}],"collection":[{"href":"https:\/\/agenciaseolocal.eu\/bedda\/wp-json\/wp\/v2\/posts"}],"about":[{"href":"https:\/\/agenciaseolocal.eu\/bedda\/wp-json\/wp\/v2\/types\/post"}],"author":[{"embeddable":true,"href":"https:\/\/agenciaseolocal.eu\/bedda\/wp-json\/wp\/v2\/users\/3"}],"replies":[{"embeddable":true,"href":"https:\/\/agenciaseolocal.eu\/bedda\/wp-json\/wp\/v2\/comments?post=987518954"}],"version-history":[{"count":1,"href":"https:\/\/agenciaseolocal.eu\/bedda\/wp-json\/wp\/v2\/posts\/987518954\/revisions"}],"predecessor-version":[{"id":987518959,"href":"https:\/\/agenciaseolocal.eu\/bedda\/wp-json\/wp\/v2\/posts\/987518954\/revisions\/987518959"}],"wp:featuredmedia":[{"embeddable":true,"href":"https:\/\/agenciaseolocal.eu\/bedda\/wp-json\/wp\/v2\/media\/987518956"}],"wp:attachment":[{"href":"https:\/\/agenciaseolocal.eu\/bedda\/wp-json\/wp\/v2\/media?parent=987518954"}],"wp:term":[{"taxonomy":"category","embeddable":true,"href":"https:\/\/agenciaseolocal.eu\/bedda\/wp-json\/wp\/v2\/categories?post=987518954"},{"taxonomy":"post_tag","embeddable":true,"href":"https:\/\/agenciaseolocal.eu\/bedda\/wp-json\/wp\/v2\/tags?post=987518954"}],"curies":[{"name":"wp","href":"https:\/\/api.w.org\/{rel}","templated":true}]}}