{"id":987519057,"date":"2025-07-08T10:42:48","date_gmt":"2025-07-08T08:42:48","guid":{"rendered":"https:\/\/centrosbedda.com\/?p=987519057"},"modified":"2025-07-15T14:54:08","modified_gmt":"2025-07-15T12:54:08","slug":"factores-crecimiento-vello-mas-determinantes","status":"publish","type":"post","link":"https:\/\/agenciaseolocal.eu\/bedda\/factores-crecimiento-vello-mas-determinantes\/","title":{"rendered":"Factores del crecimiento del vello m\u00e1s determinantes"},"content":{"rendered":"\n<h1 class=\"wp-block-heading\">Factores del crecimiento del vello m\u00e1s determinantes<\/h1>\n\n\n\n<p>El crecimiento del vello corporal es un fen\u00f3meno natural que var\u00eda considerablemente entre las personas. Existen <strong>m\u00faltiples factores que determinan c\u00f3mo, cu\u00e1ndo y d\u00f3nde crece el vello en el cuerpo<\/strong>. Comprender estos factores puede ayudar a las personas a manejar sus expectativas sobre el crecimiento del vello y a tomar decisiones informadas sobre su cuidado personal.<\/p>\n\n\n\n<h2 class=\"wp-block-heading\">Principales causas del desarrollo del vello corporal<\/h2>\n\n\n\n<h3 class=\"wp-block-heading\">Gen\u00e9tica<\/h3>\n\n\n\n<p>La gen\u00e9tica es uno de los factores m\u00e1s determinantes en el crecimiento del vello. Cada individuo hereda caracter\u00edsticas de sus padres que influyen en la densidad y distribuci\u00f3n del vello corporal. Por ejemplo, algunas personas pueden tener una predisposici\u00f3n gen\u00e9tica a tener vello m\u00e1s grueso o m\u00e1s abundante en ciertas \u00e1reas, como la cara o las piernas.<\/p>\n\n\n\n<p>Estudios han demostrado que la gen\u00e9tica no solo afecta la cantidad de vello, sino tambi\u00e9n su ciclo de vida. Esto significa que algunas personas pueden experimentar un crecimiento m\u00e1s r\u00e1pido o lento del vello en comparaci\u00f3n con otras, lo que puede ser un factor importante a considerar al elegir m\u00e9todos de depilaci\u00f3n o cuidado del vello.<\/p>\n\n\n\n<h3 class=\"wp-block-heading\">Influencia hormonal<\/h3>\n\n\n\n<p>Las hormonas desempe\u00f1an un papel esencial en el crecimiento del vello. Durante la pubertad, los niveles de hormonas como la testosterona aumentan, lo que puede llevar a un <strong>crecimiento m\u00e1s pronunciado del vello en \u00e1reas como la cara y el pecho en hombres<\/strong>, y en las piernas y axilas en mujeres. Estos cambios hormonales son naturales y forman parte del desarrollo humano.<\/p>\n\n\n\n<p>Adem\u00e1s, condiciones como el s\u00edndrome de ovario poliqu\u00edstico (SOP) pueden causar desequilibrios hormonales que resultan en un crecimiento excesivo del vello, conocido como <a href=\"https:\/\/agenciaseolocal.eu\/bedda\/hirsutismo-depilacion-laser-compatibles\/\">hirsutismo<\/a>. Es importante que las personas que experimentan cambios inusuales en el crecimiento del vello consulten a un m\u00e9dico para evaluar su salud hormonal.<\/p>\n\n\n\n<figure class=\"wp-block-image size-large\"><a href=\"https:\/\/agenciaseolocal.eu\/bedda\/wp-content\/uploads\/2025\/07\/pelo-con-trenzas.jpg\"><img decoding=\"async\" width=\"1024\" height=\"585\" src=\"https:\/\/agenciaseolocal.eu\/bedda\/wp-content\/uploads\/2025\/07\/pelo-con-trenzas-1024x585.jpg\" alt=\"pelo con trenzas\" class=\"wp-image-987519059\" srcset=\"https:\/\/agenciaseolocal.eu\/bedda\/wp-content\/uploads\/2025\/07\/pelo-con-trenzas-980x560.jpg 980w, https:\/\/agenciaseolocal.eu\/bedda\/wp-content\/uploads\/2025\/07\/pelo-con-trenzas-480x274.jpg 480w\" sizes=\"(min-width: 0px) and (max-width: 480px) 480px, (min-width: 481px) and (max-width: 980px) 980px, (min-width: 981px) 1024px, 100vw\" \/><\/a><\/figure>\n\n\n\n<h3 class=\"wp-block-heading\">Edad y etapas de la vida<\/h3>\n\n\n\n<p>La edad tambi\u00e9n influye en el crecimiento del vello. Durante la infancia, el vello corporal es escaso y fino, pero a medida que las personas alcanzan la adolescencia, comienzan a experimentar un aumento en la cantidad y grosor del vello debido a los cambios hormonales. Este patr\u00f3n contin\u00faa hasta la adultez, donde el crecimiento del vello se estabiliza.<\/p>\n\n\n\n<p>Con el paso del tiempo, <strong>especialmente en la mediana edad y la vejez<\/strong>, algunas personas pueden notar una disminuci\u00f3n en el crecimiento del vello, lo que puede ser resultado de cambios hormonales naturales asociados con el envejecimiento. Esto puede manifestarse en la p\u00e9rdida de vello en ciertas \u00e1reas o en un crecimiento m\u00e1s lento.<\/p>\n\n\n\n<h2 class=\"wp-block-heading\">Factores que aceleran o frenan la aparici\u00f3n del vello<\/h2>\n\n\n\n<h3 class=\"wp-block-heading\">Dieta y nutrientes clave<\/h3>\n\n\n\n<p>La alimentaci\u00f3n juega un papel crucial en las diferentes <a href=\"https:\/\/agenciaseolocal.eu\/bedda\/etapas-crecimiento-vello\/\">etapas del crecimiento del vello<\/a>. Una dieta rica en nutrientes, especialmente en prote\u00ednas, vitaminas y minerales, puede fomentar un crecimiento saludable del vello. Nutrientes como la biotina, el zinc y las vitaminas del grupo B son esenciales para mantener los fol\u00edculos pilosos en buen estado.<\/p>\n\n\n\n<p>Por otro lado, una dieta deficiente puede llevar a un crecimiento m\u00e1s lento del vello o incluso a su ca\u00edda. Por lo tanto, es importante mantener una dieta equilibrada que incluya alimentos ricos en estos nutrientes para promover un crecimiento \u00f3ptimo del vello corporal.<\/p>\n\n\n\n<h3 class=\"wp-block-heading\">Estr\u00e9s y emociones<\/h3>\n\n\n\n<p>El estr\u00e9s y las emociones tambi\u00e9n pueden influir en el crecimiento del vello. <strong>Situaciones de alta presi\u00f3n pueden alterar los niveles hormonales<\/strong> y, como resultado, el <a href=\"https:\/\/agenciaseolocal.eu\/bedda\/estres-afecta-crecimiento-vello\/\">estr\u00e9s puede afectar el ciclo de crecimiento del vello<\/a>. El estr\u00e9s cr\u00f3nico puede llevar a condiciones como la alopecia, que se caracteriza por la p\u00e9rdida de vello en diversas \u00e1reas del cuerpo.<\/p>\n\n\n\n<p>Adem\u00e1s, el bienestar emocional tiene un impacto en la salud general, lo que indirectamente puede influir en el crecimiento del vello. Practicar t\u00e9cnicas de manejo del estr\u00e9s, como la meditaci\u00f3n o el ejercicio, puede ser beneficioso no solo para la salud mental, sino tambi\u00e9n para el crecimiento del vello.<\/p>\n\n\n\n<figure class=\"wp-block-image size-large\"><a href=\"https:\/\/agenciaseolocal.eu\/bedda\/wp-content\/uploads\/2025\/07\/mujeres-sonriendo-a-la-camara.jpg\"><img decoding=\"async\" width=\"1024\" height=\"585\" src=\"https:\/\/agenciaseolocal.eu\/bedda\/wp-content\/uploads\/2025\/07\/mujeres-sonriendo-a-la-camara-1024x585.jpg\" alt=\"mujeres sonriendo a la c\u00e1mara\" class=\"wp-image-987519060\" srcset=\"https:\/\/agenciaseolocal.eu\/bedda\/wp-content\/uploads\/2025\/07\/mujeres-sonriendo-a-la-camara-980x560.jpg 980w, https:\/\/agenciaseolocal.eu\/bedda\/wp-content\/uploads\/2025\/07\/mujeres-sonriendo-a-la-camara-480x274.jpg 480w\" sizes=\"(min-width: 0px) and (max-width: 480px) 480px, (min-width: 481px) and (max-width: 980px) 980px, (min-width: 981px) 1024px, 100vw\" \/><\/a><\/figure>\n\n\n\n<h3 class=\"wp-block-heading\">Medicaci\u00f3n y tratamientos m\u00e9dicos<\/h3>\n\n\n\n<p>Algunas medicaciones y tratamientos m\u00e9dicos pueden afectar el crecimiento del vello. Por ejemplo, ciertos medicamentos utilizados para tratar el acn\u00e9 o la alopecia pueden influir en la densidad y el crecimiento del vello.<\/p>\n\n\n\n<p>Es fundamental que las personas que est\u00e1n bajo tratamiento m\u00e9dico consulten con su m\u00e9dico sobre los posibles efectos secundarios relacionados con el vello corporal.<\/p>\n\n\n\n<p>Asimismo, tratamientos hormonales, como los utilizados en la<strong> terapia de reemplazo hormonal<\/strong>, pueden alterar el crecimiento del vello. Por lo tanto, es esencial estar informado sobre c\u00f3mo los medicamentos pueden interactuar con el cuerpo y sus efectos sobre el crecimiento del vello.<\/p>\n\n\n\n<h2 class=\"wp-block-heading\">Elementos externos que condicionan el crecimiento piloso<\/h2>\n\n\n\n<h3 class=\"wp-block-heading\">Clima y exposici\u00f3n solar<\/h3>\n\n\n\n<p>El clima y la exposici\u00f3n solar pueden tener un impacto en la salud de la piel y, por ende, en el crecimiento del vello. En climas c\u00e1lidos, las personas tienden a sudar m\u00e1s, lo que puede afectar la salud de los fol\u00edculos pilosos. Por otro lado, la exposici\u00f3n excesiva al sol puede da\u00f1ar la piel y afectar el crecimiento del vello.<\/p>\n\n\n\n<p>Es recomendable proteger la piel del sol y mantenerla hidratada para promover un crecimiento saludable del vello. Utilizar bloqueador solar y mantener una rutina de cuidado de la piel adecuada puede ser beneficioso.<\/p>\n\n\n\n<h3 class=\"wp-block-heading\">H\u00e1bitos de depilaci\u00f3n<\/h3>\n\n\n\n<p>Los h\u00e1bitos de depilaci\u00f3n tambi\u00e9n juegan un papel importante en el crecimiento del vello. <strong>M\u00e9todos como la cera, la depilaci\u00f3n l\u00e1ser o el afeitado<\/strong> pueden afectar la forma en que crece el vello.<\/p>\n\n\n\n<p>Por ejemplo, la depilaci\u00f3n l\u00e1ser puede reducir permanentemente el crecimiento del vello, mientras que el afeitado puede hacer que el vello crezca m\u00e1s grueso debido a la forma en que se corta.<\/p>\n\n\n\n<figure class=\"wp-block-image size-large\"><a href=\"https:\/\/agenciaseolocal.eu\/bedda\/wp-content\/uploads\/2025\/07\/agua-sobre-pelo.jpg\"><img decoding=\"async\" width=\"1024\" height=\"585\" src=\"https:\/\/agenciaseolocal.eu\/bedda\/wp-content\/uploads\/2025\/07\/agua-sobre-pelo-1024x585.jpg\" alt=\"agua sobre pelo\" class=\"wp-image-987519061\" srcset=\"https:\/\/agenciaseolocal.eu\/bedda\/wp-content\/uploads\/2025\/07\/agua-sobre-pelo-980x560.jpg 980w, https:\/\/agenciaseolocal.eu\/bedda\/wp-content\/uploads\/2025\/07\/agua-sobre-pelo-480x274.jpg 480w\" sizes=\"(min-width: 0px) and (max-width: 480px) 480px, (min-width: 481px) and (max-width: 980px) 980px, (min-width: 981px) 1024px, 100vw\" \/><\/a><\/figure>\n\n\n\n<p>Es importante elegir un m\u00e9todo de depilaci\u00f3n que se adapte a las necesidades y preferencias individuales. Cada m\u00e9todo tiene sus ventajas y desventajas, y lo que funciona para una persona puede no ser adecuado para otra.<\/p>\n\n\n\n<h3 class=\"wp-block-heading\">Cosm\u00e9ticos y productos<\/h3>\n\n\n\n<p>Los productos cosm\u00e9ticos utilizados en la piel tambi\u00e9n pueden influir en el crecimiento del vello. Algunos productos pueden obstruir los poros o irritar la piel, lo que puede afectar la salud de los fol\u00edculos pilosos. Es esencial elegir productos que sean adecuados para el tipo de piel y que no causen irritaci\u00f3n.<\/p>\n\n\n\n<p>Adem\u00e1s, algunos productos pueden contener ingredientes que promueven el crecimiento del vello, mientras que otros pueden tener el efecto contrario. <strong>Leer las etiquetas y optar por productos de calidad puede ayudar a mantener la salud de la piel<\/strong> y, por ende, del vello corporal.<\/p>\n\n\n\n<h2 class=\"wp-block-heading\">Centros bedda, tu cl\u00ednica de depilaci\u00f3n l\u00e1ser<\/h2>\n\n\n\n<p>Para aquellos que buscan una soluci\u00f3n m\u00e1s permanente para el crecimiento del vello, los centros de depilaci\u00f3n l\u00e1ser, como los de <a href=\"https:\/\/agenciaseolocal.eu\/bedda\/\">Centros bedda<\/a>, ofrecen tratamientos efectivos y seguros. La depilaci\u00f3n l\u00e1ser es una opci\u00f3n popular que utiliza tecnolog\u00eda avanzada para eliminar el vello de manera duradera.<\/p>\n\n\n\n<p>En nuestros centros contamos con profesionales que pueden asesorar a los pacientes sobre el mejor tratamiento seg\u00fan sus necesidades espec\u00edficas. Adem\u00e1s, ofrecemos un ambiente c\u00f3modo y seguro para que las personas se sientan a gusto durante el proceso.<\/p>\n","protected":false},"excerpt":{"rendered":"<p>Factores del crecimiento del vello m\u00e1s determinantes El crecimiento del vello corporal es un fen\u00f3meno natural que var\u00eda considerablemente entre las personas. Existen m\u00faltiples factores que determinan c\u00f3mo, cu\u00e1ndo y d\u00f3nde crece el vello en el cuerpo. Comprender estos factores puede ayudar a las personas a manejar sus expectativas sobre el crecimiento del vello y [&hellip;]<\/p>\n","protected":false},"author":3,"featured_media":987519058,"comment_status":"open","ping_status":"closed","sticky":false,"template":"","format":"standard","meta":{"_et_pb_use_builder":"off","_et_pb_old_content":"","_et_gb_content_width":"","_joinchat":[],"footnotes":""},"categories":[51],"tags":[],"class_list":["post-987519057","post","type-post","status-publish","format-standard","has-post-thumbnail","hentry","category-blog"],"yoast_head":"<!-- This site is optimized with the Yoast SEO plugin v25.9 - https:\/\/yoast.com\/wordpress\/plugins\/seo\/ -->\n<title>Factores crecimiento del vello determinantes | bedda<\/title>\n<meta name=\"description\" content=\"Descubre los factores clave que influyen en el crecimiento del vello: gen\u00e9tica, hormonas y h\u00e1bitos. Aprende a controlarlo con Centros bedda.\" \/>\n<meta name=\"robots\" content=\"noindex, follow, max-snippet:-1, max-image-preview:large, max-video-preview:-1\" \/>\n<meta property=\"og:locale\" content=\"es_ES\" \/>\n<meta property=\"og:type\" content=\"article\" \/>\n<meta property=\"og:title\" content=\"Factores crecimiento del vello determinantes | bedda\" \/>\n<meta property=\"og:description\" content=\"Descubre los factores clave que influyen en el crecimiento del vello: gen\u00e9tica, hormonas y h\u00e1bitos. Aprende a controlarlo con Centros bedda.\" \/>\n<meta property=\"og:url\" content=\"https:\/\/agenciaseolocal.eu\/bedda\/factores-crecimiento-vello-mas-determinantes\/\" \/>\n<meta property=\"og:site_name\" content=\"Centros bedda\" \/>\n<meta property=\"article:publisher\" content=\"https:\/\/www.facebook.com\/centrobedda\" \/>\n<meta property=\"article:published_time\" content=\"2025-07-08T08:42:48+00:00\" \/>\n<meta property=\"article:modified_time\" content=\"2025-07-15T12:54:08+00:00\" \/>\n<meta property=\"og:image\" content=\"https:\/\/agenciaseolocal.eu\/bedda\/wp-content\/uploads\/2025\/07\/trenzas-de-pelo.jpg\" \/>\n\t<meta property=\"og:image:width\" content=\"1344\" \/>\n\t<meta property=\"og:image:height\" content=\"768\" \/>\n\t<meta property=\"og:image:type\" content=\"image\/jpeg\" \/>\n<meta name=\"author\" content=\"Centros bedda\" \/>\n<meta name=\"twitter:card\" content=\"summary_large_image\" \/>\n<meta name=\"twitter:creator\" content=\"@centrosbedda\" \/>\n<meta name=\"twitter:site\" content=\"@centrosbedda\" \/>\n<meta name=\"twitter:label1\" content=\"Escrito por\" \/>\n\t<meta name=\"twitter:data1\" content=\"Centros bedda\" \/>\n\t<meta name=\"twitter:label2\" content=\"Tiempo de lectura\" \/>\n\t<meta name=\"twitter:data2\" content=\"7 minutos\" \/>\n<!-- \/ Yoast SEO plugin. -->","yoast_head_json":{"title":"Factores crecimiento del vello determinantes | bedda","description":"Descubre los factores clave que influyen en el crecimiento del vello: gen\u00e9tica, hormonas y h\u00e1bitos. Aprende a controlarlo con Centros bedda.","robots":{"index":"noindex","follow":"follow","max-snippet":"max-snippet:-1","max-image-preview":"max-image-preview:large","max-video-preview":"max-video-preview:-1"},"og_locale":"es_ES","og_type":"article","og_title":"Factores crecimiento del vello determinantes | bedda","og_description":"Descubre los factores clave que influyen en el crecimiento del vello: gen\u00e9tica, hormonas y h\u00e1bitos. Aprende a controlarlo con Centros bedda.","og_url":"https:\/\/agenciaseolocal.eu\/bedda\/factores-crecimiento-vello-mas-determinantes\/","og_site_name":"Centros bedda","article_publisher":"https:\/\/www.facebook.com\/centrobedda","article_published_time":"2025-07-08T08:42:48+00:00","article_modified_time":"2025-07-15T12:54:08+00:00","og_image":[{"width":1344,"height":768,"url":"https:\/\/agenciaseolocal.eu\/bedda\/wp-content\/uploads\/2025\/07\/trenzas-de-pelo.jpg","type":"image\/jpeg"}],"author":"Centros bedda","twitter_card":"summary_large_image","twitter_creator":"@centrosbedda","twitter_site":"@centrosbedda","twitter_misc":{"Escrito por":"Centros bedda","Tiempo de lectura":"7 minutos"},"schema":{"@context":"https:\/\/schema.org","@graph":[{"@type":"Article","@id":"https:\/\/agenciaseolocal.eu\/bedda\/factores-crecimiento-vello-mas-determinantes\/#article","isPartOf":{"@id":"https:\/\/agenciaseolocal.eu\/bedda\/factores-crecimiento-vello-mas-determinantes\/"},"author":{"name":"Centros bedda","@id":"https:\/\/agenciaseolocal.eu\/bedda\/#\/schema\/person\/ca3010faf67f189fd2de8d61a763fc8b"},"headline":"Factores del crecimiento del vello m\u00e1s determinantes","datePublished":"2025-07-08T08:42:48+00:00","dateModified":"2025-07-15T12:54:08+00:00","mainEntityOfPage":{"@id":"https:\/\/agenciaseolocal.eu\/bedda\/factores-crecimiento-vello-mas-determinantes\/"},"wordCount":1247,"commentCount":0,"publisher":{"@id":"https:\/\/agenciaseolocal.eu\/bedda\/#organization"},"image":{"@id":"https:\/\/agenciaseolocal.eu\/bedda\/factores-crecimiento-vello-mas-determinantes\/#primaryimage"},"thumbnailUrl":"https:\/\/agenciaseolocal.eu\/bedda\/wp-content\/uploads\/2025\/07\/trenzas-de-pelo.jpg","articleSection":["Blog"],"inLanguage":"es","potentialAction":[{"@type":"CommentAction","name":"Comment","target":["https:\/\/agenciaseolocal.eu\/bedda\/factores-crecimiento-vello-mas-determinantes\/#respond"]}]},{"@type":"WebPage","@id":"https:\/\/agenciaseolocal.eu\/bedda\/factores-crecimiento-vello-mas-determinantes\/","url":"https:\/\/agenciaseolocal.eu\/bedda\/factores-crecimiento-vello-mas-determinantes\/","name":"Factores crecimiento del vello determinantes | bedda","isPartOf":{"@id":"https:\/\/agenciaseolocal.eu\/bedda\/#website"},"primaryImageOfPage":{"@id":"https:\/\/agenciaseolocal.eu\/bedda\/factores-crecimiento-vello-mas-determinantes\/#primaryimage"},"image":{"@id":"https:\/\/agenciaseolocal.eu\/bedda\/factores-crecimiento-vello-mas-determinantes\/#primaryimage"},"thumbnailUrl":"https:\/\/agenciaseolocal.eu\/bedda\/wp-content\/uploads\/2025\/07\/trenzas-de-pelo.jpg","datePublished":"2025-07-08T08:42:48+00:00","dateModified":"2025-07-15T12:54:08+00:00","description":"Descubre los factores clave que influyen en el crecimiento del vello: gen\u00e9tica, hormonas y h\u00e1bitos. Aprende a controlarlo con Centros bedda.","breadcrumb":{"@id":"https:\/\/agenciaseolocal.eu\/bedda\/factores-crecimiento-vello-mas-determinantes\/#breadcrumb"},"inLanguage":"es","potentialAction":[{"@type":"ReadAction","target":["https:\/\/agenciaseolocal.eu\/bedda\/factores-crecimiento-vello-mas-determinantes\/"]}]},{"@type":"ImageObject","inLanguage":"es","@id":"https:\/\/agenciaseolocal.eu\/bedda\/factores-crecimiento-vello-mas-determinantes\/#primaryimage","url":"https:\/\/agenciaseolocal.eu\/bedda\/wp-content\/uploads\/2025\/07\/trenzas-de-pelo.jpg","contentUrl":"https:\/\/agenciaseolocal.eu\/bedda\/wp-content\/uploads\/2025\/07\/trenzas-de-pelo.jpg","width":1344,"height":768,"caption":"trenzas de pelo"},{"@type":"BreadcrumbList","@id":"https:\/\/agenciaseolocal.eu\/bedda\/factores-crecimiento-vello-mas-determinantes\/#breadcrumb","itemListElement":[{"@type":"ListItem","position":1,"name":"Portada","item":"https:\/\/agenciaseolocal.eu\/bedda\/"},{"@type":"ListItem","position":2,"name":"Factores del crecimiento del vello m\u00e1s determinantes"}]},{"@type":"WebSite","@id":"https:\/\/agenciaseolocal.eu\/bedda\/#website","url":"https:\/\/agenciaseolocal.eu\/bedda\/","name":"Centros bedda","description":"Centro de depilaci\u00f3n l\u00e1ser","publisher":{"@id":"https:\/\/agenciaseolocal.eu\/bedda\/#organization"},"potentialAction":[{"@type":"SearchAction","target":{"@type":"EntryPoint","urlTemplate":"https:\/\/agenciaseolocal.eu\/bedda\/?s={search_term_string}"},"query-input":{"@type":"PropertyValueSpecification","valueRequired":true,"valueName":"search_term_string"}}],"inLanguage":"es"},{"@type":"Organization","@id":"https:\/\/agenciaseolocal.eu\/bedda\/#organization","name":"Centros bedda","url":"https:\/\/agenciaseolocal.eu\/bedda\/","logo":{"@type":"ImageObject","inLanguage":"es","@id":"https:\/\/agenciaseolocal.eu\/bedda\/#\/schema\/logo\/image\/","url":"https:\/\/agenciaseolocal.eu\/bedda\/wp-content\/uploads\/2024\/04\/centros-bedda-depilacion-laser-logo.png","contentUrl":"https:\/\/agenciaseolocal.eu\/bedda\/wp-content\/uploads\/2024\/04\/centros-bedda-depilacion-laser-logo.png","width":220,"height":220,"caption":"Centros bedda"},"image":{"@id":"https:\/\/agenciaseolocal.eu\/bedda\/#\/schema\/logo\/image\/"},"sameAs":["https:\/\/www.facebook.com\/centrobedda","https:\/\/x.com\/centrosbedda","https:\/\/www.youtube.com\/channel\/UCV57tDnQcnHfTici1funk4g?app=desktop","https:\/\/www.instagram.com\/centrosbedda\/","https:\/\/www.linkedin.com\/company\/centros-bedda\/"]},{"@type":"Person","@id":"https:\/\/agenciaseolocal.eu\/bedda\/#\/schema\/person\/ca3010faf67f189fd2de8d61a763fc8b","name":"Centros bedda","image":{"@type":"ImageObject","inLanguage":"es","@id":"https:\/\/agenciaseolocal.eu\/bedda\/#\/schema\/person\/image\/","url":"https:\/\/secure.gravatar.com\/avatar\/ea1f00b0a249719594f6b50ee5d3214c2c192531d8f80f789208e2aa9605ac08?s=96&d=mm&r=g","contentUrl":"https:\/\/secure.gravatar.com\/avatar\/ea1f00b0a249719594f6b50ee5d3214c2c192531d8f80f789208e2aa9605ac08?s=96&d=mm&r=g","caption":"Centros bedda"},"url":"https:\/\/agenciaseolocal.eu\/bedda\/author\/mktpmp_gedfwb31y\/"}]}},"_links":{"self":[{"href":"https:\/\/agenciaseolocal.eu\/bedda\/wp-json\/wp\/v2\/posts\/987519057","targetHints":{"allow":["GET"]}}],"collection":[{"href":"https:\/\/agenciaseolocal.eu\/bedda\/wp-json\/wp\/v2\/posts"}],"about":[{"href":"https:\/\/agenciaseolocal.eu\/bedda\/wp-json\/wp\/v2\/types\/post"}],"author":[{"embeddable":true,"href":"https:\/\/agenciaseolocal.eu\/bedda\/wp-json\/wp\/v2\/users\/3"}],"replies":[{"embeddable":true,"href":"https:\/\/agenciaseolocal.eu\/bedda\/wp-json\/wp\/v2\/comments?post=987519057"}],"version-history":[{"count":1,"href":"https:\/\/agenciaseolocal.eu\/bedda\/wp-json\/wp\/v2\/posts\/987519057\/revisions"}],"predecessor-version":[{"id":987519062,"href":"https:\/\/agenciaseolocal.eu\/bedda\/wp-json\/wp\/v2\/posts\/987519057\/revisions\/987519062"}],"wp:featuredmedia":[{"embeddable":true,"href":"https:\/\/agenciaseolocal.eu\/bedda\/wp-json\/wp\/v2\/media\/987519058"}],"wp:attachment":[{"href":"https:\/\/agenciaseolocal.eu\/bedda\/wp-json\/wp\/v2\/media?parent=987519057"}],"wp:term":[{"taxonomy":"category","embeddable":true,"href":"https:\/\/agenciaseolocal.eu\/bedda\/wp-json\/wp\/v2\/categories?post=987519057"},{"taxonomy":"post_tag","embeddable":true,"href":"https:\/\/agenciaseolocal.eu\/bedda\/wp-json\/wp\/v2\/tags?post=987519057"}],"curies":[{"name":"wp","href":"https:\/\/api.w.org\/{rel}","templated":true}]}}